{"id":115,"date":"2014-02-13T09:00:17","date_gmt":"2014-02-13T08:00:17","guid":{"rendered":"http:\/\/www.kgvspallart.at\/wordpress\/?p=115"},"modified":"2015-10-08T22:12:32","modified_gmt":"2015-10-08T20:12:32","slug":"testbeitrag","status":"publish","type":"post","link":"https:\/\/www.kgvspallart.at\/?p=115","title":{"rendered":"Bericht des Fachberaters vom 13. 2. 2014"},"content":{"rendered":"<p>Zu unserer ersten Sitzung im neuen Jahr, begr\u00fc\u00dfe ich im Namen der Fachberater alle recht herzlich. Der Winter hat uns relativ sp\u00e4t im Griff. Fast alles in \u00d6sterreich liegt unter einer Schnee- und Eisdecke verborgen, nur bei uns in Wien, au\u00dfer in den letzten Tagen aufgetretene Glatteisdecken, gibts fast keine wei\u00dfe \u201eBedeckung\u201c. F\u00fcr uns Gartler nicht gerade erfreulich. Wird doch durch die ausgebliebene, dringend ben\u00f6tigte Feuchtigkeit f\u00fcr unsere Immergr\u00fcnen, garantiert im Verlauf des Jahres Trockensch\u00e4den nach sich ziehen.<br \/>\nAnderseits ist uns das Freischaufeln von Wegen erspart geblieben, was uns eher freudiger stimmt. Aber so ist es halt. Wo Negatives ist, da ist auch Gutes nicht allzuweit.<br \/>\nV\u00f6gel, unsere braven Helfer, sollten weiterhin gut durch den Winter gef\u00fcttert werden. Zu beachten ist dabei, da\u00df die Futterpl\u00e4tze so installiert wurden, da\u00df unsere Lieblinge von Angriffen durch Katzen gesch\u00fctzt sind. Hier f\u00fcr Schutz, f\u00fcr unsere gefiederten Freunde, zu sorgen, ist sicherlich unser aller Anliegen.<br \/>\nWenn jetzt auch nicht allzuviel im Garten zu tun ist, so werden wir uns auf kommende Gartenarbeit doch vorbereiten. Und damit beginnt auch f\u00fcr uns wieder Regsamkeit. Noch nicht sehr viel, aber doch schon wichtig.<br \/>\nSo sind vor allem die j\u00fcngeren B\u00e4ume vor Frostaufbr\u00fcchen zu sch\u00fctzen. Da unter Tags langsam h\u00f6here Temperaturen erzielt werden, kommt es in unseren B\u00e4umen zum aufsteigenden Saftflu\u00df. Dieser kann bei tieferen Nachttemperaturen gefrieren. Die Folge: Frostaufbr\u00fcche. Um unsere B\u00e4ume davor zu bewahren, sollten die St\u00e4mme z. B. durch Wei\u00dfanstrich, vorher die alte Rinde abkratzen, oder Abdecken durch Bretter oder andere Abschirmungen, vor intensiver Sonnenbestrahlung gesch\u00fctzt werden. Im Fachhandel werden verschiedenste Anstrichmittel angeboten.<br \/>\nAn trockenen und frostarmen Tagen k\u00f6nnen Apfel- und Birnb\u00e4ume ausgelichtet werden. Ebenso Johannisbeer- und Stachelbeerstr\u00e4ucher.<br \/>\nAuch auf die Kupferspritzung (0,5%) an frostfreien Tagen (+10\u00b0 C) gegen die Kr\u00e4uselkrankheit bei Pfirsich und Nektarine sollte nicht vergessen werden. Wird mit Schwefel (3%) gegen die Birnblattpockenmilbe gespritzt, sollte dies ebenfalls erst bei etwa +10\u00b0 C geschehen.<br \/>\nAll diese Spritzungen sollten in tropfnasser Benetzung erfolgen. Nur so wird eine optimale Wirkung zu erzielen sein.<br \/>\nBesonders an unsere Koniferen ist zu denken. Sie leiden ja nicht so sehr unter Frost, eher unter der vorher angesprochenen Trockenheit. Solche Trockensch\u00e4den zeigen sich erst recht sp\u00e4t im Jahr und meist ist dann die \u00dcberraschung gro\u00df. Um also vorzubeugen wird empfoh- len, die Immergr\u00fcnen an Tagen ohne Minustemperaturen kr\u00e4ftig zu w\u00e4ssern.<br \/>\nDas Werkzeug f\u00fcr unsere Gartenarbeiten wird \u00fcberpr\u00fcft, und wenn n\u00f6tig repariert, oder durch neues ersetzt. Wichtig ist, die unbedingt ben\u00f6tigten Ger\u00e4te zu haben, wobei auch hier eher der Qualit\u00e4t, als der Billigkeit, der Vorzug gegeben werden sollte.<br \/>\nVoll Eifer und Freude k\u00f6nnen wir f\u00fcr das anlaufende Gartenjahr planen. Vielleicht ist der Ge- danke, den einen oder anderen Obstbaum zu pflanzen, \u00fcberlegenswert. Da in unseren Klein- g\u00e4rten gerade diese Obstb\u00e4ume zusehends weniger werden. Dies und vieles andere ist zu \u00fcberlegen, was, und vor allem womit, wir neu gestalten oder Bew\u00e4hrtes beibehalten wollen. Daf\u00fcr w\u00fcnschen die Fachberater gutes Gelingen und viel Erfolg f\u00fcr Ihre Vorhaben.<\/p>\n<p>wg<\/p>\n","protected":false},"excerpt":{"rendered":"<p>Zu unserer ersten Sitzung im neuen Jahr, begr\u00fc\u00dfe ich im Namen der Fachberater alle recht herzlich. Der Winter hat uns relativ sp\u00e4t im Griff. Fast alles in \u00d6sterreich liegt unter einer Schnee- und Eisdecke verborgen, nur bei uns in Wien, au\u00dfer in den letzten Tagen aufgetretene Glatteisdecken, gibts fast keine wei\u00dfe \u201eBedeckung\u201c. F\u00fcr uns Gartler nicht gerade erfreulich. Wird doch durch die ausgebliebene, dringend ben\u00f6tigte Feuchtigkeit f\u00fcr unsere Immergr\u00fcnen, garantiert im Verlauf des Jahres Trockensch\u00e4den nach sich ziehen. Anderseits ist uns das Freischaufeln von Wegen erspart geblieben, was uns eher freudiger stimmt. Aber so ist es halt. Wo Negatives ist, da ist auch Gutes nicht allzuweit. V\u00f6gel, unsere braven Helfer, sollten weiterhin gut durch den Winter gef\u00fcttert werden. Zu beachten ist dabei, da\u00df die Futterpl\u00e4tze so installiert wurden, da\u00df unsere Lieblinge von Angriffen durch Katzen gesch\u00fctzt sind. Hier f\u00fcr Schutz, f\u00fcr unsere gefiederten Freunde, zu sorgen, ist sicherlich unser aller&#8230;<\/p>\n<p> <a class=\"continue-reading-link\" href=\"https:\/\/www.kgvspallart.at\/?p=115\"><span>Mehr lesen<\/span><i class=\"crycon-right-dir\"><\/i><\/a> <\/p>\n","protected":false},"author":1,"featured_media":0,"comment_status":"closed","ping_status":"open","sticky":false,"template":"","format":"standard","meta":{"ngg_post_thumbnail":0,"footnotes":""},"categories":[5],"tags":[11],"class_list":["post-115","post","type-post","status-publish","format-standard","hentry","category-fachberatung","tag-berichtfachberater"],"_links":{"self":[{"href":"https:\/\/www.kgvspallart.at\/index.php?rest_route=\/wp\/v2\/posts\/115","targetHints":{"allow":["GET"]}}],"collection":[{"href":"https:\/\/www.kgvspallart.at\/index.php?rest_route=\/wp\/v2\/posts"}],"about":[{"href":"https:\/\/www.kgvspallart.at\/index.php?rest_route=\/wp\/v2\/types\/post"}],"author":[{"embeddable":true,"href":"https:\/\/www.kgvspallart.at\/index.php?rest_route=\/wp\/v2\/users\/1"}],"replies":[{"embeddable":true,"href":"https:\/\/www.kgvspallart.at\/index.php?rest_route=%2Fwp%2Fv2%2Fcomments&post=115"}],"version-history":[{"count":6,"href":"https:\/\/www.kgvspallart.at\/index.php?rest_route=\/wp\/v2\/posts\/115\/revisions"}],"predecessor-version":[{"id":4771,"href":"https:\/\/www.kgvspallart.at\/index.php?rest_route=\/wp\/v2\/posts\/115\/revisions\/4771"}],"wp:attachment":[{"href":"https:\/\/www.kgvspallart.at\/index.php?rest_route=%2Fwp%2Fv2%2Fmedia&parent=115"}],"wp:term":[{"taxonomy":"category","embeddable":true,"href":"https:\/\/www.kgvspallart.at\/index.php?rest_route=%2Fwp%2Fv2%2Fcategories&post=115"},{"taxonomy":"post_tag","embeddable":true,"href":"https:\/\/www.kgvspallart.at\/index.php?rest_route=%2Fwp%2Fv2%2Ftags&post=115"}],"curies":[{"name":"wp","href":"https:\/\/api.w.org\/{rel}","templated":true}]}}