{"id":275,"date":"2013-11-14T09:00:18","date_gmt":"2013-11-14T08:00:18","guid":{"rendered":"http:\/\/www.kgvspallart.at\/wordpress\/?p=275"},"modified":"2015-10-08T22:12:40","modified_gmt":"2015-10-08T20:12:40","slug":"bericht-fuer-ausschuss-sitzung-vom-14-11-2013","status":"publish","type":"post","link":"https:\/\/www.kgvspallart.at\/?p=275","title":{"rendered":"Bericht des Fachberaters vom 14. 11. 2013"},"content":{"rendered":"<div class=\"page\" title=\"Page 1\">\n<div class=\"layoutArea\">\n<div class=\"column\">\n<p>Sch\u00f6n langsam haben wir den Einzug des Herbstes wahrgenommen. Und auch schon viele T\u00e4tigkeiten, sprich Gartenarbeit, hinter uns gebracht. Von d\u00fcrrem Astwerk, abgefallenem Laub entfernen, bis zum fachgerechten Versorgen unseres Komposthaufens ist fast alles erledigt. Baumschnitt, Rasenschnitt getan. Die geplanten Neupflanzungen von Obstb\u00e4umen, Zierstr\u00e4uchern und Stauden geschehen. Zwiebel und Knollen f\u00fcr unsere fr\u00fchbl\u00fchenden Blumen versenkt. Wenn auch noch nicht alles geschehen ist, etwas Zeit verbleibt uns noch.<\/p>\n<p>Das alles war und ist f\u00fcrwahr nicht wenig gewesen. Doch um im kommenden Gartenjahr wieder Erfolge und angenehme Stunden zu erfahren, laden wir uns doch gerne diese M\u00fchen auf.<\/p>\n<p>Aber nicht nur wir alleine sorgen f\u00fcr ein sch\u00f6nes, und wenn Sie so wollen, erquickliches Gartenjahr. Dazu haben wir unz\u00e4hlige Helfer, die teils unbemerkt mitwirken, und solche, die wir recht oft beobachten k\u00f6nnen. Besonders gut in der nun blattlosen Jahreszeit. Gemeint sind unsere V\u00f6gel. \u00dcber sie m\u00f6chte ich heute etwas plaudern.<\/p>\n<p>Gesundes Wachstum unserer Pflanzen erreichen wir durch richtige Bodenpflege, Wasserversorgung, Sortenwahl und vieles andere mehr. Doch auch dann kann immer ein Sch\u00e4dlingsbe- fall auftreten, der all unsere M\u00fchen zunichte machen kann. &#8211; Ja, ruinieren. &#8211; H\u00e4tten wir nicht einen unserer t\u00fcchtigsten Helfer im Kampf gegen das Ungeziefer &#8211; die V\u00f6gel. Warum also sollten wir nicht danach trachten, diese, unsere N\u00fctzlinge, vermehrt an unsere Refugien zu binden? Gerade aber im Winter bietet sich die Chance, diese Helfer in den Garten zu locken, sie sozusagen anzusiedeln. Doch daf\u00fcr m\u00fcssen wir einiges tun.<\/p>\n<p>Frucht- und samentragende Geh\u00f6lze, die den V\u00f6geln die M\u00f6glichkeit bieten, sich ihr Futter selbst zu suchen, sollten in keinem Garten fehlen. Bei milder Witterung wird die Futtersuche f\u00fcr die V\u00f6gel kein Problem sein. Doch auftretender Schneefall, Frost und Rauhreif verhindern die ausreichende Ern\u00e4hrung. Die Folge, unsere so wichtigen Helfer m\u00fcssen in k\u00fcrzester Zeit verhungern. Hier k\u00f6nnen wir einspringen. Regelm\u00e4\u00dfige F\u00fctterung durch uns wird notwendig. Aber &#8211; wie gesagt &#8211; regelm\u00e4\u00dfig. Da es aber verschiedenste Arten von V\u00f6gel, mit unterschied- lichsten Nahrungsw\u00fcnschen gibt, sollte auch das von uns angebotene Futter gemischt sein.<\/p>\n<p>F\u00fcr K\u00f6rnerfresser verschiedenste S\u00e4mereien, wie zum Beispiel Sonnenblumenkerne, Hanf, N\u00fcsse, Hirse. Weichfresser dagegen bevorzugen getrocknete Wildbeeren, wie Eberesche, Holunder, aber auch Rosinen, Apfelst\u00fccke, Haferflocken und Talg. An einem ruhigen, trockenen Pl\u00e4tzchen, \u00fcberdacht, gesch\u00fctzt vor Katzen, die leider immer h\u00e4ufiger durch unsere An- lagen schleichen, sollten diese Leckerbissen dargeboten werden. Speisenreste sollten nicht verf\u00fcttert werden, da diese f\u00fcr V\u00f6gel meist ungeeignet sind.<\/p>\n<p>Auch sollten im Winter Nisthilfen, sprich artgerechte Nistk\u00e4sten, aufgestellt werden. Dankbar werden sie angenommen. Auf diese Art gew\u00f6hnen wir sozusagen unsere Gartenhelfer an ihre sp\u00e4teren Brutbehausungen im kommenden Fr\u00fchling. Aber auch hier haben die V\u00f6gel unterschiedliche Nistgewohnheiten und brauchen deshalb auch unterschiedlichste Nisthilfen, da die nat\u00fcrlich vorhandenen, wie alte Baumh\u00f6hlen und \u00e4hnliches, immer rarer werden. Feste Behausungen brauchen H\u00f6hlen- und Halbh\u00f6hlenbr\u00fcter. Genaueres l\u00e4\u00dft sich im guten Fachhandel, oder wer selber basteln will, in einschl\u00e4giger Fachliteratur nachfragen bzw. nachlesen.<\/p>\n<p>Und damit h\u00e4tten wir \u00fcber die ruhige, die winterliche Gartenzeit, wieder einmal gen\u00fcgend Bet\u00e4tigungdfelder. Diesmal f\u00fcr unsere V\u00f6gel. Also &#8211; viel Spa\u00df und gutes Gelingen.<\/p>\n<p>wg<\/p>\n<\/div>\n<\/div>\n<\/div>\n","protected":false},"excerpt":{"rendered":"<p>Sch\u00f6n langsam haben wir den Einzug des Herbstes wahrgenommen. Und auch schon viele T\u00e4tigkeiten, sprich Gartenarbeit, hinter uns gebracht. Von d\u00fcrrem Astwerk, abgefallenem Laub entfernen, bis zum fachgerechten Versorgen unseres Komposthaufens ist fast alles erledigt. Baumschnitt, Rasenschnitt getan. Die geplanten Neupflanzungen von Obstb\u00e4umen, Zierstr\u00e4uchern und Stauden geschehen. Zwiebel und Knollen f\u00fcr unsere fr\u00fchbl\u00fchenden Blumen versenkt. Wenn auch noch nicht alles geschehen ist, etwas Zeit verbleibt uns noch. Das alles war und ist f\u00fcrwahr nicht wenig gewesen. Doch um im kommenden Gartenjahr wieder Erfolge und angenehme Stunden zu erfahren, laden wir uns doch gerne diese M\u00fchen auf. Aber nicht nur wir alleine sorgen f\u00fcr ein sch\u00f6nes, und wenn Sie so wollen, erquickliches Gartenjahr. Dazu haben wir unz\u00e4hlige Helfer, die teils unbemerkt mitwirken, und solche, die wir recht oft beobachten k\u00f6nnen. Besonders gut in der nun blattlosen Jahreszeit. Gemeint sind unsere V\u00f6gel. \u00dcber sie m\u00f6chte ich heute etwas plaudern. Gesundes Wachstum unserer&#8230;<\/p>\n<p> <a class=\"continue-reading-link\" href=\"https:\/\/www.kgvspallart.at\/?p=275\"><span>Mehr lesen<\/span><i class=\"crycon-right-dir\"><\/i><\/a> <\/p>\n","protected":false},"author":1,"featured_media":0,"comment_status":"closed","ping_status":"open","sticky":false,"template":"","format":"standard","meta":{"ngg_post_thumbnail":0,"footnotes":""},"categories":[5],"tags":[11],"class_list":["post-275","post","type-post","status-publish","format-standard","hentry","category-fachberatung","tag-berichtfachberater"],"_links":{"self":[{"href":"https:\/\/www.kgvspallart.at\/index.php?rest_route=\/wp\/v2\/posts\/275","targetHints":{"allow":["GET"]}}],"collection":[{"href":"https:\/\/www.kgvspallart.at\/index.php?rest_route=\/wp\/v2\/posts"}],"about":[{"href":"https:\/\/www.kgvspallart.at\/index.php?rest_route=\/wp\/v2\/types\/post"}],"author":[{"embeddable":true,"href":"https:\/\/www.kgvspallart.at\/index.php?rest_route=\/wp\/v2\/users\/1"}],"replies":[{"embeddable":true,"href":"https:\/\/www.kgvspallart.at\/index.php?rest_route=%2Fwp%2Fv2%2Fcomments&post=275"}],"version-history":[{"count":3,"href":"https:\/\/www.kgvspallart.at\/index.php?rest_route=\/wp\/v2\/posts\/275\/revisions"}],"predecessor-version":[{"id":4772,"href":"https:\/\/www.kgvspallart.at\/index.php?rest_route=\/wp\/v2\/posts\/275\/revisions\/4772"}],"wp:attachment":[{"href":"https:\/\/www.kgvspallart.at\/index.php?rest_route=%2Fwp%2Fv2%2Fmedia&parent=275"}],"wp:term":[{"taxonomy":"category","embeddable":true,"href":"https:\/\/www.kgvspallart.at\/index.php?rest_route=%2Fwp%2Fv2%2Fcategories&post=275"},{"taxonomy":"post_tag","embeddable":true,"href":"https:\/\/www.kgvspallart.at\/index.php?rest_route=%2Fwp%2Fv2%2Ftags&post=275"}],"curies":[{"name":"wp","href":"https:\/\/api.w.org\/{rel}","templated":true}]}}