{"id":2972,"date":"2014-05-08T22:00:00","date_gmt":"2014-05-08T20:00:00","guid":{"rendered":"http:\/\/www.kgvspallart.at\/?p=2972"},"modified":"2015-10-08T22:12:05","modified_gmt":"2015-10-08T20:12:05","slug":"bericht-fuer-ausschuss-vom-8-5-2014","status":"publish","type":"post","link":"https:\/\/www.kgvspallart.at\/?p=2972","title":{"rendered":"Bericht des Fachberaters vom 8. 5. 2014"},"content":{"rendered":"<p>Die herrliche Pracht der Fr\u00fchlingsbl\u00fcher ist vorbei. Die Bl\u00fctenf\u00fclle der Obstb\u00e4ume ist davon geweht. Fruchtans\u00e4tze lassen uns auf gute Ertr\u00e4ge hoffen, wenn wir verschiedenste Ma\u00dfnahmen setzen um diese guten Ertr\u00e4gen auch zu erreichen. Dazu sind wir wieder aufgefordert, aufmerksam unsere Kulturen zu beobachten. Nicht nur beobachten, sondern gegebenenfalls vorbeugend auf Sch\u00e4dlingsbefall zu reagieren.<br \/>\nHat doch z.B. der Frostspanner in etlichen G\u00e4rten erhebliche Sch\u00e4den verursacht. Doch nachdem die Raupen ihren Appetit gestillt haben und im Boden das Stadium ihrer Verpuppung erledigen, m\u00fcssen wir nur noch bis zum Herbst warten, um geeignete Ma\u00dfnahmen gegen den Frostspanner zu ergreifen. (Leimringe an den B\u00e4umen anbringen!) Wir k\u00f6nnen dadurch die Bef\u00e4lle nicht verhindern, aber zumindest reduzieren.<br \/>\nDie Zwiebel von abgebl\u00fchten Zwiebelpflanzen ausgraben und eingeschlagen an schattiger Stelle einziehen lassen. Fr\u00fchbl\u00fchende Zierstr\u00e4ucher werden zur\u00fcckgeschnitten, auf da\u00df man sich im n\u00e4chsten Jahr wieder an der Bl\u00fctenpracht an den einj\u00e4hrigen Trieben erfreuen darf.<br \/>\nAb Mitte Mai k\u00f6nnen Sommerblumen ins Freiland gepflanzt werden. Doch auch hier Vorsicht! Lieber die Eism\u00e4nner abwarten, da diese manchmal mit Nachtfr\u00f6sten \u00fcberraschen.<br \/>\nAufmerksamkeit werden wir auch unseren Apfelb\u00e4umen wegen Mehltau widmen. Befallene Triebe bis ins gesunde Holz zur\u00fcckschneiden. Birnb\u00e4ume auf Birnengitterrost untersuchen. Bei ersten orangefarbenen Tupfern eine Spritzung (etwa Baycor 0,05%) in Erw\u00e4gung ziehen. An der Marille, die heuer wieder gute Fruchtans\u00e4tze bringt, zeigt sich leider schon vereinzelt wieder Triebspitzend\u00fcrre. Auch hier gilt es, bis ins gesunde Holz zur\u00fcckschneiden.<br \/>\nFast \u00fcberall kann man emsigste T\u00e4tigkeiten bei der Behandlung des Rasens, bemerken. Schnitt, Vertikutieren (Lockerung des Bodens und Einstreuen von Quarzsand), D\u00fcngung (vor allem mit Stickstoff), Ausbesserung, Nachsaaten, alles in vollem Gang. Wichtig zu beachten bei Nachsaaten ist vor allem die gleichm\u00e4\u00dfige Bew\u00e4sserung. Die eingeleitete Keimung der Grassamen durch ausreichende Feuchtigkeit kann nicht mehr gestoppt werden. Und ein sp\u00e4teres Austrocknen f\u00fchrt unwiderruflich zum Absterben der jungen Pflanzen. Die Entt\u00e4uschung ist gro\u00df, kommt statt des erwarteten Gr\u00fcn &#8211; nichts. Wichtig ebenfalls das regelm\u00e4\u00dfige M\u00e4hen des Rasens. Etwa einmal w\u00f6chentlich. Die Schnitth\u00f6he sollte zwischen 3,5-5 cm liegen.<br \/>\nAuch unser Gem\u00fcse darf jetzt nicht zu kurz kommen. Aussaat von Stangenbohnen etwa um den 10. Mai. Paradeiser-, Salat-, Sellerie-, Kohlr\u00fcbenpfl\u00e4nzchen aussetzen. Bei Erbsen ist auf die Fruchtfolge zu achten. Die Anbauphase zwischen zwei Erbsenkulturen sollte minde- stens 2-3 Jahre betragen, da ansonsten Welkekrankheiten zu erheblichen Ausf\u00e4llen f\u00fchren k\u00f6nnen. Und was wir m\u00f6glicherweise vergessen haben sollten, k\u00f6nnen wir vielleicht in unserer kleinen Fibel, die jeder bekommen hat, finden und gegebenenfalls nachholen.<br \/>\nAll unser Werken und Bem\u00fchen wird reichlich belohnt, wenn wir voll Freude das Werden und Gedeihen in unseren gr\u00fcnen Reichen, in ruhigen Stunden genie\u00dfen. Beobachten wir auch unsere G\u00e4ste &#8211; wer immer die auch sein m\u00f6gen &#8211; ob K\u00e4fer, Bienen, Schmetterlinge, Igel, Eichh\u00f6rnchen und viele mehr. Nicht zuletzt unsere V\u00f6gel, die dank guter Winterf\u00fctterung &#8211; hoffentlich &#8211; an Nistk\u00e4sten gew\u00f6hnt und von ihnen auch emsig benutzt werden. Und schon bald sehen wir das muntere Treiben der Jungv\u00f6gel.<br \/>\nErfreuen wir uns an all dem &#8211; das w\u00fcnschen wir allen &#8211; Ihre Fachberater.<br \/>\nwg<\/p>\n","protected":false},"excerpt":{"rendered":"<p>Die herrliche Pracht der Fr\u00fchlingsbl\u00fcher ist vorbei. Die Bl\u00fctenf\u00fclle der Obstb\u00e4ume ist davon geweht. Fruchtans\u00e4tze lassen uns auf gute Ertr\u00e4ge hoffen, wenn wir verschiedenste Ma\u00dfnahmen setzen um diese guten Ertr\u00e4gen auch zu erreichen. Dazu sind wir wieder aufgefordert, aufmerksam unsere Kulturen zu beobachten. Nicht nur beobachten, sondern gegebenenfalls vorbeugend auf Sch\u00e4dlingsbefall zu reagieren. Hat doch z.B. der Frostspanner in etlichen G\u00e4rten erhebliche Sch\u00e4den verursacht. Doch nachdem die Raupen ihren Appetit gestillt haben und im Boden das Stadium ihrer Verpuppung erledigen, m\u00fcssen wir nur noch bis zum Herbst warten, um geeignete Ma\u00dfnahmen gegen den Frostspanner zu ergreifen. (Leimringe an den B\u00e4umen anbringen!) Wir k\u00f6nnen dadurch die Bef\u00e4lle nicht verhindern, aber zumindest reduzieren. Die Zwiebel von abgebl\u00fchten Zwiebelpflanzen ausgraben und eingeschlagen an schattiger Stelle einziehen lassen. Fr\u00fchbl\u00fchende Zierstr\u00e4ucher werden zur\u00fcckgeschnitten, auf da\u00df man sich im n\u00e4chsten Jahr wieder an der Bl\u00fctenpracht an den einj\u00e4hrigen Trieben erfreuen darf. Ab Mitte Mai k\u00f6nnen Sommerblumen&#8230;<\/p>\n<p> <a class=\"continue-reading-link\" href=\"https:\/\/www.kgvspallart.at\/?p=2972\"><span>Mehr lesen<\/span><i class=\"crycon-right-dir\"><\/i><\/a> <\/p>\n","protected":false},"author":1,"featured_media":0,"comment_status":"closed","ping_status":"open","sticky":false,"template":"","format":"standard","meta":{"ngg_post_thumbnail":0,"footnotes":""},"categories":[5],"tags":[11],"class_list":["post-2972","post","type-post","status-publish","format-standard","hentry","category-fachberatung","tag-berichtfachberater"],"_links":{"self":[{"href":"https:\/\/www.kgvspallart.at\/index.php?rest_route=\/wp\/v2\/posts\/2972","targetHints":{"allow":["GET"]}}],"collection":[{"href":"https:\/\/www.kgvspallart.at\/index.php?rest_route=\/wp\/v2\/posts"}],"about":[{"href":"https:\/\/www.kgvspallart.at\/index.php?rest_route=\/wp\/v2\/types\/post"}],"author":[{"embeddable":true,"href":"https:\/\/www.kgvspallart.at\/index.php?rest_route=\/wp\/v2\/users\/1"}],"replies":[{"embeddable":true,"href":"https:\/\/www.kgvspallart.at\/index.php?rest_route=%2Fwp%2Fv2%2Fcomments&post=2972"}],"version-history":[{"count":3,"href":"https:\/\/www.kgvspallart.at\/index.php?rest_route=\/wp\/v2\/posts\/2972\/revisions"}],"predecessor-version":[{"id":4768,"href":"https:\/\/www.kgvspallart.at\/index.php?rest_route=\/wp\/v2\/posts\/2972\/revisions\/4768"}],"wp:attachment":[{"href":"https:\/\/www.kgvspallart.at\/index.php?rest_route=%2Fwp%2Fv2%2Fmedia&parent=2972"}],"wp:term":[{"taxonomy":"category","embeddable":true,"href":"https:\/\/www.kgvspallart.at\/index.php?rest_route=%2Fwp%2Fv2%2Fcategories&post=2972"},{"taxonomy":"post_tag","embeddable":true,"href":"https:\/\/www.kgvspallart.at\/index.php?rest_route=%2Fwp%2Fv2%2Ftags&post=2972"}],"curies":[{"name":"wp","href":"https:\/\/api.w.org\/{rel}","templated":true}]}}