{"id":2974,"date":"2014-06-12T22:00:15","date_gmt":"2014-06-12T20:00:15","guid":{"rendered":"http:\/\/www.kgvspallart.at\/?p=2974"},"modified":"2015-10-08T22:11:53","modified_gmt":"2015-10-08T20:11:53","slug":"bericht-fuer-ausschuss-sitzung-vom-12-6-2014","status":"publish","type":"post","link":"https:\/\/www.kgvspallart.at\/?p=2974","title":{"rendered":"Bericht des Fachberaters vom 12. 6. 2014"},"content":{"rendered":"<p>Nach etlichen Regeng\u00fcssen, ja sogar mit Hagelschlag, die Eism\u00e4nner k\u00f6nnen es halt immer noch recht gut, d\u00fcrfen wir endlich auf sch\u00f6nere Tage hoffen. Alles bl\u00fcht und sprie\u00dft zu unserer Freude. Und m\u00f6gen wir uns noch so sehr daran erbauen, Arbeit im Garten gibt es genug.<br \/>\nJetzt ist die beste Zeit f\u00fcr den Heckenschnitt. Fr\u00fchlingsbl\u00fchenden Str\u00e4ucher, wie Spirea, Deutzie, Weigelie und viele mehr &#8211; gleich nach dem Abbl\u00fchen r\u00fcckschneiden. Denn nur an den einj\u00e4hrigen Trieben werden im kommenden Jahr wieder Bl\u00fctenknospen angesetzt.<br \/>\nAuch unsere Nadelgeh\u00f6lze, allen voran Eiben und Thujen, die f\u00fcr unsere Kleing\u00e4rten zu gro\u00df werden, sollten schon in jungen Jahren durch K\u00fcrzen der Verl\u00e4ngerungstriebe oberhalb der Verzweigung eingebremst werden. Beste Zeit daf\u00fcr ist unser Juni!<br \/>\nObstb\u00e4ume regelm\u00e4\u00dfig auf Sch\u00e4dlinge kontrollieren (Blutlaus, Birnengitterrost, Schorf usw.). Jetzt kommt es auch zum Fruchtfall. Dies ist jedoch ein normaler biologischer Vorgang, also keine Sorge. Das abgefallene Obst am Kompost entsorgen. Wichtig auch das \u201eAusd\u00fcnnen\u201d bei \u00fcberreichlichem Fruchtansatz. Die Frucht braucht gen\u00fcgend Platz zum Wachsen und Reifen. Au\u00dferdem darf der Baum nicht \u00fcberlastet sein, damit er Bl\u00fctenknospen f\u00fcr das n\u00e4chste Jahr bilden kann. Die \u00fcbersch\u00fcssigen Fr\u00fcchte sollten mit der Schere abgeschnitten werden, die Fruchtstiele am Baum verbleiben. Kirschb\u00e4ume nach der Ernte zur\u00fcckschneiden. Bei kr\u00e4ftig zur\u00fcckgeschnittenen Obstb\u00e4umen entwickeln sich nun reichlich Wasserscho\u00dfe. Nichtben\u00f6tigte k\u00f6nnen m\u00fchelos pinziert, das hei\u00dft, mit dem Fingernagel abgeknipst werden.<br \/>\nBei Rhododendren die abgebl\u00fchten Bl\u00fctenst\u00e4nde ausbrechen. Vorsicht auf die Knospen f\u00fcr den Neuaustrieb. Bei Rosen &#8211; Achtung auf Rosenrost, Sternru\u00dftau, Rosenmehltau. Eine vorbeugende Spritzung, in Abst\u00e4nden von etwa 14 Tagen, h\u00e4lt diese \u00c4rgernisse hintan.<br \/>\nUnsere Sommerblumenbeete sollten 4-5 Wochen nach Pflanzung ged\u00fcngt werden. Vorerst stickstoffreich, dann aber w\u00f6chentlich phosphor-kali-betont. Abgebl\u00fchte, bereits eingezogene Blumenzwiebel, die nicht an Ort und Stelle verbleiben sollen, werden jetzt aus dem Boden genommen (trocken lagern und im Herbst an gew\u00fcnschter Stelle einsetzen).<br \/>\nRegelm\u00e4\u00dfiger Rasenschnitt wird unserer Wiese guttun. Auch sollte bereits eine zweite D\u00fcngergabe ausgebracht sein (Stickstoff &#8211; z. B. Nitromoncal lt. Angabe auf der Packung).<br \/>\nParadeiser werden an St\u00e4ben hochgezogen. Man k\u00f6pft die Paradeispflanzen nach dem vierten Bl\u00fctenb\u00fcschel. Beim Gie\u00dfen darauf achten, da\u00df die Bl\u00e4tter nicht na\u00df werden. Auch die Stangenbohnen winden sich bereits munter empor, falls wir aufmerksam die Jungpflanzen vor Schneckenfra\u00df bewahrt haben. Aprobos Schnecken. Im Kampf gegen sie sind wir f\u00fcr jedes brauchbare Mittel, f\u00fcr jeden Tip, dankbar. Ein angeblich recht gutes Mittel gegen<br \/>\njene ungeliebten Gartenbewohner, sollen die Fr\u00fcchte der Kermesbeere sein. Sie enthalten Saponine, welche die Schleimh\u00fcllen der Schnecken angreifen. Die Fr\u00fcchte der Kermesbeere werden getrocknet, gemahlen, und damit ein Kaltwasserauszug hergestellt. Etwa 2 EL auf 1 l Wasser, 30 Min. ziehen lassen und diesen Auszug auf die Beete spr\u00fchen. Viel Erfolg!<br \/>\nUnseren gefiederten Freunden scheint es gut zu gehen. Eifrig sieht man sie Futter, sprich Insekten, also gro\u00dfteils Sch\u00e4dlinge, herbeischaffen und an ihre Jungbruten verf\u00fcttern. Und schon bald sind die Nestlinge fl\u00fcgge. Die Schar unserer Helfer hat sich vermehrt. Und wenn wir die Schneckenplage auch noch halbwegs in den Griff bekommen haben, dann bleibt uns vielleicht doch noch einige Zeit, Zeit f\u00fcr Urlaubspl\u00e4ne schmieden oder ganz einfach Zeit f\u00fcr ein paar besinnliche Momente.<br \/>\nwg<\/p>\n","protected":false},"excerpt":{"rendered":"<p>Nach etlichen Regeng\u00fcssen, ja sogar mit Hagelschlag, die Eism\u00e4nner k\u00f6nnen es halt immer noch recht gut, d\u00fcrfen wir endlich auf sch\u00f6nere Tage hoffen. Alles bl\u00fcht und sprie\u00dft zu unserer Freude. Und m\u00f6gen wir uns noch so sehr daran erbauen, Arbeit im Garten gibt es genug. Jetzt ist die beste Zeit f\u00fcr den Heckenschnitt. Fr\u00fchlingsbl\u00fchenden Str\u00e4ucher, wie Spirea, Deutzie, Weigelie und viele mehr &#8211; gleich nach dem Abbl\u00fchen r\u00fcckschneiden. Denn nur an den einj\u00e4hrigen Trieben werden im kommenden Jahr wieder Bl\u00fctenknospen angesetzt. Auch unsere Nadelgeh\u00f6lze, allen voran Eiben und Thujen, die f\u00fcr unsere Kleing\u00e4rten zu gro\u00df werden, sollten schon in jungen Jahren durch K\u00fcrzen der Verl\u00e4ngerungstriebe oberhalb der Verzweigung eingebremst werden. Beste Zeit daf\u00fcr ist unser Juni! Obstb\u00e4ume regelm\u00e4\u00dfig auf Sch\u00e4dlinge kontrollieren (Blutlaus, Birnengitterrost, Schorf usw.). Jetzt kommt es auch zum Fruchtfall. Dies ist jedoch ein normaler biologischer Vorgang, also keine Sorge. Das abgefallene Obst am Kompost entsorgen. Wichtig auch das&#8230;<\/p>\n<p> <a class=\"continue-reading-link\" href=\"https:\/\/www.kgvspallart.at\/?p=2974\"><span>Mehr lesen<\/span><i class=\"crycon-right-dir\"><\/i><\/a> <\/p>\n","protected":false},"author":1,"featured_media":0,"comment_status":"closed","ping_status":"open","sticky":false,"template":"","format":"standard","meta":{"ngg_post_thumbnail":0,"footnotes":""},"categories":[5],"tags":[11],"class_list":["post-2974","post","type-post","status-publish","format-standard","hentry","category-fachberatung","tag-berichtfachberater"],"_links":{"self":[{"href":"https:\/\/www.kgvspallart.at\/index.php?rest_route=\/wp\/v2\/posts\/2974","targetHints":{"allow":["GET"]}}],"collection":[{"href":"https:\/\/www.kgvspallart.at\/index.php?rest_route=\/wp\/v2\/posts"}],"about":[{"href":"https:\/\/www.kgvspallart.at\/index.php?rest_route=\/wp\/v2\/types\/post"}],"author":[{"embeddable":true,"href":"https:\/\/www.kgvspallart.at\/index.php?rest_route=\/wp\/v2\/users\/1"}],"replies":[{"embeddable":true,"href":"https:\/\/www.kgvspallart.at\/index.php?rest_route=%2Fwp%2Fv2%2Fcomments&post=2974"}],"version-history":[{"count":2,"href":"https:\/\/www.kgvspallart.at\/index.php?rest_route=\/wp\/v2\/posts\/2974\/revisions"}],"predecessor-version":[{"id":4767,"href":"https:\/\/www.kgvspallart.at\/index.php?rest_route=\/wp\/v2\/posts\/2974\/revisions\/4767"}],"wp:attachment":[{"href":"https:\/\/www.kgvspallart.at\/index.php?rest_route=%2Fwp%2Fv2%2Fmedia&parent=2974"}],"wp:term":[{"taxonomy":"category","embeddable":true,"href":"https:\/\/www.kgvspallart.at\/index.php?rest_route=%2Fwp%2Fv2%2Fcategories&post=2974"},{"taxonomy":"post_tag","embeddable":true,"href":"https:\/\/www.kgvspallart.at\/index.php?rest_route=%2Fwp%2Fv2%2Ftags&post=2974"}],"curies":[{"name":"wp","href":"https:\/\/api.w.org\/{rel}","templated":true}]}}