{"id":2978,"date":"2014-10-09T22:00:49","date_gmt":"2014-10-09T20:00:49","guid":{"rendered":"http:\/\/www.kgvspallart.at\/?p=2978"},"modified":"2015-10-08T22:11:36","modified_gmt":"2015-10-08T20:11:36","slug":"bericht-fuer-ausschuss-sitzung-vom-9-10-2014","status":"publish","type":"post","link":"https:\/\/www.kgvspallart.at\/?p=2978","title":{"rendered":"Bericht des Fachberaters vom 9.10.2014"},"content":{"rendered":"<div class=\"page\" title=\"Page 1\">\n<div class=\"layoutArea\">\n<div class=\"column\">\n<p>Fast \u00fcbergangslos hat der Herbst den Sommer abgel\u00f6st. Unser Obst, unsere Gartenfr\u00fcchte, sind gro\u00dfteils abgeerntet und auf unterschiedlichste Weise verarbeitet worden. Irgendwann, in den n\u00e4chsten Monaten, werden wir von unseren Gartenfr\u00fcchten geschmackliches Nachempfinden auf unserem Gaumen sp\u00fcren und somit Erinnerungen an den Sommer haben.<\/p>\n<p>Nun zur Gartenarbeit! Abgesehen von fast t\u00e4glich abgefallenem Laub entsorgen, \u00fcber Baum- und Geh\u00f6lzschnitt, den es zu schreddern gibt &#8211; da unser Komposthaufen nach neuer Nahrung verlangt &#8211; bricht nun die wichtigste Pflanzzeit des Jahres an. \u00dcber die richtige Pflanzung von Obstb\u00e4umen &#8211; welche lei- der in zunehmendem Ma\u00dfe immer weniger in den G\u00e4rten erw\u00fcnscht sind &#8211; haben wir schon mehrmals Tips geh\u00f6rt. Zur Erinnerung seien einzelne Punkte, die man beachten sollte, nochmals angef\u00fchrt:<\/p>\n<ol>\n<li>gutes, gesundes Pflanzmaterial aus renommierten Baumschulen verwenden (wo man auch erfragen kann welcher Baum f\u00fcr welchen Boden, f\u00fcr welche Pflanzstelle, am besten geeignet ist)<\/li>\n<li>gro\u00dfe Pflanzgrube (mindestens doppelt so gro\u00df als der Wurzelballen) &#8211; bei Zaunn\u00e4he nicht zu nahe von dieser &#8211; ausheben<\/li>\n<li>kr\u00e4ftigen St\u00fctzpfahl anbringen<\/li>\n<li>verletzte Baumwurzeln abschneiden, gesunde Wurzeln in der Pflanzgrube locker ausbreiten und diese mit guter Gartenerde bef\u00fcllen &#8211; auf keinen Fall frischen D\u00fcnger dazugeben (er wird meist zu scharf sein und die zarten Wurzeln verbrennen)<\/li>\n<li>Veredlungsstelle mu\u00df freiliegen &#8211; etwa 10 cm \u00fcber der Erde &#8211; Baum am St\u00fctzpfahl fest aber schonend befestigen (keinen Draht, der einwachsen kann, verwenden)<\/li>\n<li>Erde festtreten und Pflanze gut einw\u00e4ssern &#8211; Baumscheibe nicht bepflanzen.<\/li>\n<\/ol>\n<p>Soweit einige Tips. H\u00e4lt man sie ein, so wird Ihnen Ihr B\u00e4umchen dies mit sch\u00f6nem Wachstum danken.<\/p>\n<p>Aber auch Bl\u00fctenstauden, Beerenstr\u00e4ucher und fr\u00fchbl\u00fchende Zwiebelblumen k\u00f6nnen jetzt gesetzt wer- den. Neupflanzungen von Rosen vornehmen. Wie schon \u00f6fters erw\u00e4hnt, sollten nicht all zu exotische Pflanzen angeschafft werden, da viele f\u00fcr unsere Gegend, Standorte oder Bodenbeschaffenheit nicht oder nur wenig geeignet sind.<\/p>\n<p>Ebenfalls in Erinnerung gerufen, die Sch\u00e4digungen der Frostspannerraupen. Jetzt ist die beste Zeit Leimringe an den St\u00e4mmen, aber auch an den St\u00fctzpf\u00e4hlen der B\u00e4ume, anzubringen. Eventuelles Fallaub von den Leimringen abklauben, da die Bl\u00e4tter als Br\u00fccken f\u00fcr die Sch\u00e4dlinge dienen und somit die Wirkung der Leimringe hinf\u00e4llig wird.<\/p>\n<p>Und unseren Rasen &#8211; den d\u00fcrfen wir nicht vergessen. Nachsaaten sind jetzt recht gut gediehen. Das Gras nicht mehr d\u00fcngen, da ansonst das Wachstum in den Winter getrieben wird. Und der Winter sollte doch eher der Ruhe dienen. Vor den ersten Schneef\u00e4llen sollte das Gras nur etwa 3-5 cm hoch sein.<\/p>\n<p>Zimmer- und K\u00fcbelpflanzen beziehen noch vor den ersten Fr\u00f6sten ihre Winterquartiere. Vorher auf Sch\u00e4dlingsbefall kontrollieren und notfalls bek\u00e4mpfen.<\/p>\n<p>Ja, und da\u00df unsere Immergr\u00fcnen &#8211; sprich Koniferen &#8211; noch vor den ersten Fr\u00f6sten kr\u00e4ftig gew\u00e4ssert geh\u00f6ren, haben wir schon etliche Male geh\u00f6rt. So sind wir halbwegs sicher, im n\u00e4chsten Jahr auftretenden Trockensch\u00e4den weitgehend vorgebeugt zu haben. &#8211; Kompost umsetzen.<\/p>\n<p>Vogelnistk\u00e4sten s\u00e4ubern und h\u00e4ngen lassen. Sie dienen unseren V\u00f6geln als Nachtquartiere und wir gew\u00f6hnen sie dadurch auch an unsere G\u00e4rten, wo wir diese Helfer alle dringend ben\u00f6tigen.<\/p>\n<\/div>\n<\/div>\n<div class=\"layoutArea\">\n<div class=\"column\">\n<p>Zu all diesen M\u00fchen und Arbeiten w\u00fcnsche ich trotzdem viel Freude.<\/p>\n<p>wg<\/p>\n<\/div>\n<\/div>\n<\/div>\n","protected":false},"excerpt":{"rendered":"<p>Fast \u00fcbergangslos hat der Herbst den Sommer abgel\u00f6st. Unser Obst, unsere Gartenfr\u00fcchte, sind gro\u00dfteils abgeerntet und auf unterschiedlichste Weise verarbeitet worden. Irgendwann, in den n\u00e4chsten Monaten, werden wir von unseren Gartenfr\u00fcchten geschmackliches Nachempfinden auf unserem Gaumen sp\u00fcren und somit Erinnerungen an den Sommer haben. Nun zur Gartenarbeit! Abgesehen von fast t\u00e4glich abgefallenem Laub entsorgen, \u00fcber Baum- und Geh\u00f6lzschnitt, den es zu schreddern gibt &#8211; da unser Komposthaufen nach neuer Nahrung verlangt &#8211; bricht nun die wichtigste Pflanzzeit des Jahres an. \u00dcber die richtige Pflanzung von Obstb\u00e4umen &#8211; welche lei- der in zunehmendem Ma\u00dfe immer weniger in den G\u00e4rten erw\u00fcnscht sind &#8211; haben wir schon mehrmals Tips geh\u00f6rt. Zur Erinnerung seien einzelne Punkte, die man beachten sollte, nochmals angef\u00fchrt: gutes, gesundes Pflanzmaterial aus renommierten Baumschulen verwenden (wo man auch erfragen kann welcher Baum f\u00fcr welchen Boden, f\u00fcr welche Pflanzstelle, am besten geeignet ist) gro\u00dfe Pflanzgrube (mindestens doppelt so gro\u00df als der&#8230;<\/p>\n<p> <a class=\"continue-reading-link\" href=\"https:\/\/www.kgvspallart.at\/?p=2978\"><span>Mehr lesen<\/span><i class=\"crycon-right-dir\"><\/i><\/a> <\/p>\n","protected":false},"author":1,"featured_media":0,"comment_status":"closed","ping_status":"open","sticky":false,"template":"","format":"standard","meta":{"ngg_post_thumbnail":0,"footnotes":""},"categories":[5],"tags":[11],"class_list":["post-2978","post","type-post","status-publish","format-standard","hentry","category-fachberatung","tag-berichtfachberater"],"_links":{"self":[{"href":"https:\/\/www.kgvspallart.at\/index.php?rest_route=\/wp\/v2\/posts\/2978","targetHints":{"allow":["GET"]}}],"collection":[{"href":"https:\/\/www.kgvspallart.at\/index.php?rest_route=\/wp\/v2\/posts"}],"about":[{"href":"https:\/\/www.kgvspallart.at\/index.php?rest_route=\/wp\/v2\/types\/post"}],"author":[{"embeddable":true,"href":"https:\/\/www.kgvspallart.at\/index.php?rest_route=\/wp\/v2\/users\/1"}],"replies":[{"embeddable":true,"href":"https:\/\/www.kgvspallart.at\/index.php?rest_route=%2Fwp%2Fv2%2Fcomments&post=2978"}],"version-history":[{"count":6,"href":"https:\/\/www.kgvspallart.at\/index.php?rest_route=\/wp\/v2\/posts\/2978\/revisions"}],"predecessor-version":[{"id":4765,"href":"https:\/\/www.kgvspallart.at\/index.php?rest_route=\/wp\/v2\/posts\/2978\/revisions\/4765"}],"wp:attachment":[{"href":"https:\/\/www.kgvspallart.at\/index.php?rest_route=%2Fwp%2Fv2%2Fmedia&parent=2978"}],"wp:term":[{"taxonomy":"category","embeddable":true,"href":"https:\/\/www.kgvspallart.at\/index.php?rest_route=%2Fwp%2Fv2%2Fcategories&post=2978"},{"taxonomy":"post_tag","embeddable":true,"href":"https:\/\/www.kgvspallart.at\/index.php?rest_route=%2Fwp%2Fv2%2Ftags&post=2978"}],"curies":[{"name":"wp","href":"https:\/\/api.w.org\/{rel}","templated":true}]}}