{"id":2981,"date":"2014-11-13T22:00:04","date_gmt":"2014-11-13T21:00:04","guid":{"rendered":"http:\/\/www.kgvspallart.at\/?p=2981"},"modified":"2015-10-08T22:11:29","modified_gmt":"2015-10-08T20:11:29","slug":"bericht-fuer-ausschuss-sitzung-vom-13-11-2014","status":"publish","type":"post","link":"https:\/\/www.kgvspallart.at\/?p=2981","title":{"rendered":"Bericht des Fachberaters vom 13. 11. 2014"},"content":{"rendered":"<div class=\"page\" title=\"Page 1\">\n<div class=\"layoutArea\">\n<div class=\"column\">\n<p>Mit sp\u00e4therbstlichem Sch\u00f6nwetter sind wir ganz ungewohnt vom Oktober verw\u00f6hnt worden. Und deshalb sind uns auch z\u00fcgig die notwendigen Arbeiten im Garten von der Hand gegangen. &#8211; Doch &#8211; es wird nicht gerastet, es geht weiter.<\/p>\n<p>In unseren Obstg\u00e4rten ist nun Saubermachen angesagt. Krankes Laub, Fruchtmumien und diverses andere Abgestorbene geh\u00f6rt wegger\u00e4umt.<\/p>\n<p>Frisch gepflanzte B\u00e4ume oder Str\u00e4ucher werden nochmals fest eingegossen. Bei milden Tagen k\u00f6nnen die wirklich allerletzten Pflanzungen vorgenommen werden. Ansonsten bel\u00e4\u00dft man die Pflanzen bis zum Fr\u00fchjahr lieber in den Baumschulen.<\/p>\n<p>Gelagertes Obst sollte mindestens einmal pro Woche kontrolliert werden. Ein einziger fauler Apfel gen\u00fcgt, um eine ganze Steige von \u00c4pfeln anzustecken und so unseren Wintervorrat zu verderben.<\/p>\n<p>Schwachw\u00fcchsige Obstb\u00e4ume sollten wir noch vor den ersten Fr\u00f6sten schneiden &#8211; also ehebaldigst. So k\u00f6nnen wir im Fr\u00fchjahr mit einem st\u00e4rkeren Austrieb rechnen. Starkw\u00fcchsige B\u00e4ume werden allerdings erst sp\u00e4ter geschnitten.<\/p>\n<p>In unserem Ziergarten ist der letzte Termin f\u00fcr das Roden und Einwintern der nicht winterharten Zwiebeln und Knollen da. Ebenso der letzte Aufruf zur Pflanzung unserer Fr\u00fchjahrsbl\u00fcher, wie etwa Vergi\u00dfmeinnicht, Stiefm\u00fctterchen und viele andere mehr.<\/p>\n<p>Die Wintergr\u00fcnen &#8211; Koniferen, Rhododendren, Buchsbaum etc. &#8211; geh\u00f6ren ebenfalls nochmals eingegossen, wie auch alle anderen Frischgepflanzten. Rosen anh\u00e4ufeln, Hochstammrosen einpacken (keine geschlossenen Plastikfolien, da hier Dunst entsteht und dieser Schimmelpilze f\u00f6rdert).<\/p>\n<p>Ebenfalls erst im zeitigen Fr\u00fchjahr werden die Pflanzen um Biotope, also Ufer- und Sumpfpflanzen gek\u00fcrzt. Eisfreihalter ins Wasser setzen. Auch die Ziergr\u00e4ser bleiben ungeschnitten. Erst im Fr\u00fchjahr, nach Frostende zur\u00fcckschneiden. Stehendes Wasser in den abgeschnittenen Halmen zerst\u00f6rt sonst bei Frost die Wurzelst\u00f6cke.<\/p>\n<p>Wenn n\u00f6tig, bewerkstelligen wir noch einen letzten Rasenschnitt &#8211; in Kombination mit verh\u00e4cksel- ten Pflanzenteilen aus unserem Garten &#8211; eine Bereicherung f\u00fcr unseren Komposthaufen.<\/p>\n<p>F\u00fcr Gem\u00fcse ist ein k\u00fchler, luftiger Keller die ideale Vorbedingung f\u00fcr Gem\u00fcselagerung. Chinakohl oder Endivien werden in Zeitungspapier eingeschlagen und locker, aufrecht stehend, gelagert. Nat\u00fcrlich werden Faulstellen vorher entfernt.<\/p>\n<p>Abgeerntete Gem\u00fcsebeete werden umgestochen und Kompost oder Stallmist eingearbeitet. Die oberste Bodenschicht wird dabei aufgelockert, was das Einsickern von Wasser erleichtert und somit die \u201eFrostgare\u201c erst erm\u00f6glicht.<\/p>\n<p>Die bereits im Winterquartier befindlichen K\u00fcbelpflanzen werden \u00f6fters sehr genau kontrolliert, damit sich Wei\u00dfe Fliege, Grauschimmel und diverse andere Sch\u00e4dlinge, ob tierisch oder pilzlich, nicht auf unseren Lieblingen breitmachen k\u00f6nnen.<\/p>\n<p>Die Zimmerpflanzen haben jetzt auf Grund der W\u00e4rme in den R\u00e4umen sicher zuwenig Luftfeuchtigkeit. Ein einfaches Mittel dagegen: die Blument\u00f6pfe hochgeblockt in Untersetzer, mit Wasser gef\u00fcllt, stellen. So kann das Wasser verdunsten, faktisch ein Kleinklima wird geschaffen, ohne da\u00df die T\u00f6pfe und somit die Pflanzen nasse F\u00fc\u00dfe bekommen.<\/p>\n<p>Und haben wir das alles getan, dann &#8211; f\u00e4llt uns sicher noch das eine oder andere ein, auf das wir beinahe vergessen h\u00e4tten. Z. B. die Gartenwasserleitung abdrehen und entl\u00fcften. Frostgefahr!<\/p>\n<p>Ja &#8211; und Weihnachten kommt heuer unvermutet auch noch! Also flugs &#8211; noch alles besorgen &#8211; und keinen Stre\u00df aufkommen lassen!<\/p>\n<p>wg<\/p>\n<\/div>\n<\/div>\n<\/div>\n","protected":false},"excerpt":{"rendered":"<p>Mit sp\u00e4therbstlichem Sch\u00f6nwetter sind wir ganz ungewohnt vom Oktober verw\u00f6hnt worden. Und deshalb sind uns auch z\u00fcgig die notwendigen Arbeiten im Garten von der Hand gegangen. &#8211; Doch &#8211; es wird nicht gerastet, es geht weiter. In unseren Obstg\u00e4rten ist nun Saubermachen angesagt. Krankes Laub, Fruchtmumien und diverses andere Abgestorbene geh\u00f6rt wegger\u00e4umt. Frisch gepflanzte B\u00e4ume oder Str\u00e4ucher werden nochmals fest eingegossen. Bei milden Tagen k\u00f6nnen die wirklich allerletzten Pflanzungen vorgenommen werden. Ansonsten bel\u00e4\u00dft man die Pflanzen bis zum Fr\u00fchjahr lieber in den Baumschulen. Gelagertes Obst sollte mindestens einmal pro Woche kontrolliert werden. Ein einziger fauler Apfel gen\u00fcgt, um eine ganze Steige von \u00c4pfeln anzustecken und so unseren Wintervorrat zu verderben. Schwachw\u00fcchsige Obstb\u00e4ume sollten wir noch vor den ersten Fr\u00f6sten schneiden &#8211; also ehebaldigst. So k\u00f6nnen wir im Fr\u00fchjahr mit einem st\u00e4rkeren Austrieb rechnen. Starkw\u00fcchsige B\u00e4ume werden allerdings erst sp\u00e4ter geschnitten. In unserem Ziergarten ist der letzte Termin f\u00fcr das Roden&#8230;<\/p>\n<p> <a class=\"continue-reading-link\" href=\"https:\/\/www.kgvspallart.at\/?p=2981\"><span>Mehr lesen<\/span><i class=\"crycon-right-dir\"><\/i><\/a> <\/p>\n","protected":false},"author":1,"featured_media":0,"comment_status":"closed","ping_status":"open","sticky":false,"template":"","format":"standard","meta":{"ngg_post_thumbnail":0,"footnotes":""},"categories":[5],"tags":[11],"class_list":["post-2981","post","type-post","status-publish","format-standard","hentry","category-fachberatung","tag-berichtfachberater"],"_links":{"self":[{"href":"https:\/\/www.kgvspallart.at\/index.php?rest_route=\/wp\/v2\/posts\/2981","targetHints":{"allow":["GET"]}}],"collection":[{"href":"https:\/\/www.kgvspallart.at\/index.php?rest_route=\/wp\/v2\/posts"}],"about":[{"href":"https:\/\/www.kgvspallart.at\/index.php?rest_route=\/wp\/v2\/types\/post"}],"author":[{"embeddable":true,"href":"https:\/\/www.kgvspallart.at\/index.php?rest_route=\/wp\/v2\/users\/1"}],"replies":[{"embeddable":true,"href":"https:\/\/www.kgvspallart.at\/index.php?rest_route=%2Fwp%2Fv2%2Fcomments&post=2981"}],"version-history":[{"count":3,"href":"https:\/\/www.kgvspallart.at\/index.php?rest_route=\/wp\/v2\/posts\/2981\/revisions"}],"predecessor-version":[{"id":4764,"href":"https:\/\/www.kgvspallart.at\/index.php?rest_route=\/wp\/v2\/posts\/2981\/revisions\/4764"}],"wp:attachment":[{"href":"https:\/\/www.kgvspallart.at\/index.php?rest_route=%2Fwp%2Fv2%2Fmedia&parent=2981"}],"wp:term":[{"taxonomy":"category","embeddable":true,"href":"https:\/\/www.kgvspallart.at\/index.php?rest_route=%2Fwp%2Fv2%2Fcategories&post=2981"},{"taxonomy":"post_tag","embeddable":true,"href":"https:\/\/www.kgvspallart.at\/index.php?rest_route=%2Fwp%2Fv2%2Ftags&post=2981"}],"curies":[{"name":"wp","href":"https:\/\/api.w.org\/{rel}","templated":true}]}}