{"id":2983,"date":"2015-01-12T22:00:19","date_gmt":"2015-01-12T21:00:19","guid":{"rendered":"http:\/\/www.kgvspallart.at\/?p=2983"},"modified":"2015-10-08T22:11:20","modified_gmt":"2015-10-08T20:11:20","slug":"bericht-fuer-ausschuss-sitzung-vom-12-1-2015","status":"publish","type":"post","link":"https:\/\/www.kgvspallart.at\/?p=2983","title":{"rendered":"Bericht des Fachberaters vom 12. 1. 2015"},"content":{"rendered":"<div class=\"page\" title=\"Page 1\">\n<div class=\"layoutArea\">\n<div class=\"column\">\n<p>Zu unserer ersten Sitzung im neuen Jahr, begr\u00fc\u00dfe ich im Namen der Fachberater alle recht herzlich. Der eher milde Winter hat uns nicht allzuviel Arbeit, sprich Schnee schaufeln, gebracht. Wenn das so weiter geht, k\u00f6nnen wir uns auf allerhand andere Arbeiten konzentrieren.<\/p>\n<p>Wenn jetzt auch nicht allzuviel im Garten zu tun ist, so werden wir uns auf die bevorstehende Gartenarbeit doch vorbereiten. Und damit beginnt auch f\u00fcr uns wieder vermehrte T\u00e4tigkeit. Noch nicht sehr viel, aber doch schon wichtig.<\/p>\n<p>V\u00f6gel, unsere braven Helfer, sollten weiterhin gut gef\u00fcttert werden. Zu beachten ist dabei, da\u00df<br \/>\ndie Futterpl\u00e4tze so installiert wurden, da\u00df unsere Lieblinge von Angriffen durch Katzen gesch\u00fctzt sind. Auch Nistk\u00e4sten sollten, wenn nicht bereits geschehen, in Ordnung gebracht werden. Denn schlie\u00dflich wollen wir unseren Helfern gegen das Ungeziefer, angenehme Wohnst\u00e4tten bieten. Und Sch\u00e4dlinge werden wir heuer, auf Grund des warmen Winters, in reichlichem Ma\u00dfe erwarten d\u00fcrfen.<\/p>\n<p>Ein weiteres Augenmerk richten wir auf unsere j\u00fcngeren B\u00e4ume. Sie sind vor Frostaufbr\u00fcchen zu sch\u00fctzen. Da unter Tags langsam h\u00f6here Temperaturen erzielt werden, kommt es in unseren B\u00e4umen zum aufsteigenden Saftflu\u00df. Dieser kann bei tieferen Nachttemperaturen gefrieren. Die Folge Frostaufbr\u00fcche. Um unsere B\u00e4ume davor zu bewahren, sollten die St\u00e4mme z. B. durch Wei\u00dfanstrich, vorher die alte Rinde abkratzen, oder Abdecken durch Bretter, vor intensiver Sonnenbestrahlung gesch\u00fctzt werden. Im Fachhandel werden verschiedenste Anstrichmittel angeboten.<\/p>\n<p>An trockenen und frostarmen Tagen k\u00f6nnen Apfel- und Birnb\u00e4ume ausgelichtet werden. Ebenso Johannisbeer- und Stachelbeerstr\u00e4ucher.<\/p>\n<p>Auch auf die Kupferspritzung (0,5%) an frostfreien, windstillen Tagen (+10\u00b0 C) gegen die Kr\u00e4uselkrankheit bei Pfirsich und Nektarine sollte nicht vergessen werden. Wird mit Schwefel (3%) gegen die Birnblattpockenmilbe gespritzt, sollte dies ebenfalls erst bei etwa +10\u00b0 C geschehen.<br \/>\nAll diese Spritzungen sollten in tropfnasser Benetzung erfolgen. Nur so wird eine optimale Wirkung zu erzielen sein.<\/p>\n<p>Aber auch an unsere Koniferen ist zu denken. Sie leiden ja nicht so sehr unter Frost, eher unter der winterlichen Trockenheit. Und trocken war es heuer sicherlich h\u00f6her, bedingt durch die geringen Schneef\u00e4lle. Trockensch\u00e4den zeigen sich erst recht sp\u00e4t im Jahr und meist ist dann die \u00dcberraschung recht gro\u00df. Um also solchen \u00dcberraschungen vorzubeugen wird empfohlen, die Immergr\u00fcnen an Tagen ohne Minustemperaturen kr\u00e4ftig zu w\u00e4ssern.<\/p>\n<p>Das Werkzeug f\u00fcr unsere Gartenarbeiten wird \u00fcberpr\u00fcft, und wenn n\u00f6tig repariert, oder durch<br \/>\nneues ersetzt. Wobei es nicht unbedingt n\u00f6tig ist, sich alles nur Erdenkliche, was in Werbung oder Prospekten angeboten wird, zu erstehen. Wichtig ist, die wirklich ben\u00f6tigten Ger\u00e4te zu haben, wobei auch hier eher der Qualit\u00e4t, als der Billigkeit der Vorzug gegeben werden sollte.<\/p>\n<p>Voll Eifer und Freude k\u00f6nnen wir f\u00fcr das anlaufende Gartenjahr planen. In Samenkatalogen, in Pflanzenprospekten schm\u00f6kern. Vielleicht ist der Gedanke, den einen oder anderen Obstbaum zu pflanzen, \u00fcberlegenswert. Denn in unseren Kleing\u00e4rten werden gerade diese Obstb\u00e4ume zusehends weniger. Weichen sie doch Pool-Anlagen, Rasenfl\u00e4chen oder Winterg\u00e4rten. Doch gerade in unseren G\u00e4rten, sollte kein Obstbaum fehlen. Macht dieser doch gerade den Kleingarten aus. Dies und\u00a0vieles andere mehr ist zu \u00fcberlegen, was, und vor allem womit, wir neu gestalten oder Bew\u00e4hrtes beibehalten wollen.<\/p>\n<p>Daf\u00fcr w\u00fcnschen die Fachberater gutes Gelingen und viel Erfolg f\u00fcr Ihre und unsere Vorhaben.<\/p>\n<p>wg<\/p>\n<\/div>\n<\/div>\n<\/div>\n","protected":false},"excerpt":{"rendered":"<p>Zu unserer ersten Sitzung im neuen Jahr, begr\u00fc\u00dfe ich im Namen der Fachberater alle recht herzlich. Der eher milde Winter hat uns nicht allzuviel Arbeit, sprich Schnee schaufeln, gebracht. Wenn das so weiter geht, k\u00f6nnen wir uns auf allerhand andere Arbeiten konzentrieren. Wenn jetzt auch nicht allzuviel im Garten zu tun ist, so werden wir uns auf die bevorstehende Gartenarbeit doch vorbereiten. Und damit beginnt auch f\u00fcr uns wieder vermehrte T\u00e4tigkeit. Noch nicht sehr viel, aber doch schon wichtig. V\u00f6gel, unsere braven Helfer, sollten weiterhin gut gef\u00fcttert werden. Zu beachten ist dabei, da\u00df die Futterpl\u00e4tze so installiert wurden, da\u00df unsere Lieblinge von Angriffen durch Katzen gesch\u00fctzt sind. Auch Nistk\u00e4sten sollten, wenn nicht bereits geschehen, in Ordnung gebracht werden. Denn schlie\u00dflich wollen wir unseren Helfern gegen das Ungeziefer, angenehme Wohnst\u00e4tten bieten. Und Sch\u00e4dlinge werden wir heuer, auf Grund des warmen Winters, in reichlichem Ma\u00dfe erwarten d\u00fcrfen. Ein weiteres Augenmerk richten wir&#8230;<\/p>\n<p> <a class=\"continue-reading-link\" href=\"https:\/\/www.kgvspallart.at\/?p=2983\"><span>Mehr lesen<\/span><i class=\"crycon-right-dir\"><\/i><\/a> <\/p>\n","protected":false},"author":1,"featured_media":0,"comment_status":"closed","ping_status":"open","sticky":false,"template":"","format":"standard","meta":{"ngg_post_thumbnail":0,"footnotes":""},"categories":[5],"tags":[11],"class_list":["post-2983","post","type-post","status-publish","format-standard","hentry","category-fachberatung","tag-berichtfachberater"],"_links":{"self":[{"href":"https:\/\/www.kgvspallart.at\/index.php?rest_route=\/wp\/v2\/posts\/2983","targetHints":{"allow":["GET"]}}],"collection":[{"href":"https:\/\/www.kgvspallart.at\/index.php?rest_route=\/wp\/v2\/posts"}],"about":[{"href":"https:\/\/www.kgvspallart.at\/index.php?rest_route=\/wp\/v2\/types\/post"}],"author":[{"embeddable":true,"href":"https:\/\/www.kgvspallart.at\/index.php?rest_route=\/wp\/v2\/users\/1"}],"replies":[{"embeddable":true,"href":"https:\/\/www.kgvspallart.at\/index.php?rest_route=%2Fwp%2Fv2%2Fcomments&post=2983"}],"version-history":[{"count":3,"href":"https:\/\/www.kgvspallart.at\/index.php?rest_route=\/wp\/v2\/posts\/2983\/revisions"}],"predecessor-version":[{"id":4763,"href":"https:\/\/www.kgvspallart.at\/index.php?rest_route=\/wp\/v2\/posts\/2983\/revisions\/4763"}],"wp:attachment":[{"href":"https:\/\/www.kgvspallart.at\/index.php?rest_route=%2Fwp%2Fv2%2Fmedia&parent=2983"}],"wp:term":[{"taxonomy":"category","embeddable":true,"href":"https:\/\/www.kgvspallart.at\/index.php?rest_route=%2Fwp%2Fv2%2Fcategories&post=2983"},{"taxonomy":"post_tag","embeddable":true,"href":"https:\/\/www.kgvspallart.at\/index.php?rest_route=%2Fwp%2Fv2%2Ftags&post=2983"}],"curies":[{"name":"wp","href":"https:\/\/api.w.org\/{rel}","templated":true}]}}