{"id":2989,"date":"2015-04-09T22:00:15","date_gmt":"2015-04-09T20:00:15","guid":{"rendered":"http:\/\/www.kgvspallart.at\/?p=2989"},"modified":"2015-10-08T22:10:52","modified_gmt":"2015-10-08T20:10:52","slug":"bericht-fuer-ausschuss-sitzung-vom-9-4-2015","status":"publish","type":"post","link":"https:\/\/www.kgvspallart.at\/?p=2989","title":{"rendered":"Bericht des Fachberaters vom 9. 4. 2015"},"content":{"rendered":"<div class=\"page\" title=\"Page 1\">\n<div class=\"layoutArea\">\n<div class=\"column\">\n<div class=\"page\" title=\"Page 1\">\n<div class=\"layoutArea\">\n<div class=\"column\">\n<p>Schneegl\u00f6ckchen, Winterlinge und Krokusse bl\u00fchen um die Wette, und auch die Knospen an B\u00e4umen und Str\u00e4uchern sieht man kr\u00e4ftig anschwellen. Offensichtlich ist die Bl\u00fchphase komprimierter als fr\u00fcher, denn Priemeln, Veilchen. Hyazinthen, Tulpen und Narzissen sind gerade dabei, ihre Bl\u00fctenpracht zu entfalten..<\/p>\n<p>Eventuell aufgetretene Schneeschimmelsch\u00e4den in den Wiesenfl\u00e4chen bed\u00fcrfen einiger Anstren- gungen, um langsam wieder ansehnliche Rasenfl\u00e4chen zu erhalten. Erste D\u00fcngegaben f\u00fcr unseren Rasen sollten wir bereits erledigt haben (empfohlen wird eine Stickstoffd\u00fcngung, etwa Nitromoncal). Die Gr\u00e4ser k\u00f6nnen sich nun langsam aus ihrer Winterruhe entwickeln. F\u00fcr ein eventuelles Verti- kutieren sollte besser bis nach dem zweiten Rasenschnitt gewartet werden, da sich bis dahin die wintergeschw\u00e4chte Grasnarbe gefestigt hat. Nicht zu vergessen, in die vertikutierte Fl\u00e4che etwas Quarzsand einstreuen, da dies den Boden lockert, und bekanntlich Licht, Luft und Wasser f\u00fcr gesunden Boden n\u00f6tig und somit f\u00fcr das Wachstum unserer Gr\u00e4ser vorteilhaft ist.<\/p>\n<p>Doch nun zu unseren Obstb\u00e4umen. Letzte d\u00fcrre \u00c4ste (Frostaufbruch) und \u00fcbersehene Fruchtmumien entfernen. All zu wild treibende Kernobstb\u00e4ume k\u00f6nnen noch geschnitten werden. Wundverschlu\u00df nicht vergessen. Den j\u00e4hrlichen Schnitt bei den Pfirsichb\u00e4umen sollten wir ebenfalls in Angriff nehmen. Die Kronen m\u00fcssen j\u00e4hrlich zur\u00fcckgeschnitten werden, um einerseits das Verkahlen der \u00c4ste zu vermeiden, anderseits die Fruchtertr\u00e4ge f\u00fcr das kommende Jahr sicherzustellen. Der Schnitt kann noch w\u00e4hrend der Bl\u00fcte passieren.<\/p>\n<p>Zu achten ist bei Neupflanzungen von Obstb\u00e4umen auf einige wichtige Kriterien. Ein kurzes Bl\u00e4ttern in unserer kleinen Brosch\u00fcre bringt uns vielleicht Vergessenes wieder in Erinnerung.<\/p>\n<p>Wenn das Treiben und Bl\u00fchen in unseren G\u00e4rten in der nun zu beobachtenden Geschwindigkeit weitergeht, so werden unsere Kirschen-, Pfirsich- und Marillenb\u00e4ume in den n\u00e4chsten Wochen bl\u00fchen. Und wenn sie erst einmal zu bl\u00fchen beginnen, dann erwarten uns neue Aufgaben. N\u00e4mlich die Aufgaben, die gef\u00fcrchtete Bl\u00fctenmonilia und Triebspitzend\u00fcrre bei unseren Steinobstgeh\u00f6lzen hintanzuhalten. Dies am besten mit einer 2-3malige Spritzung mit einem zugelassenen Pflanzen- schutzmittel (z.B. Baycor &#8211; bei beginnender, voller und abwelkender Bl\u00fcte). \u00d6fter deshalb, weil nicht alle Bl\u00fcten zur gleichen Zeit ge\u00f6ffnet sind, und der Moniliaerreger \u00fcber die Narben in die Pflanze eindringt.<\/p>\n<p>Wer im vergangenen Jahr an der Zwetschke starken Befall durch die sogenannte Narren- oder Taschenkrankheit hatte, sollte vorbeugen. Da auch hier die Infektion wahrscheinlich \u00fcber die Narben erfolgt, w\u00e4re eine Spritzung zur Hauptbl\u00fctezeit m\u00f6glich (empfohlen ebenfalls z.B. Baycor). Vielleicht k\u00f6nnen wir so diesen Infektionen einiges entgegensetzen.<\/p>\n<p>Unsere K\u00fcbelpflanzen k\u00f6nnen wir langsam durch Zufuhr von Frischluft abh\u00e4rten. Die \u00dcbersiedlung Mitte Mai d\u00fcrfte dann keine allzu gro\u00dfen Probleme mit sich bringen.<\/p>\n<p>Ideal ist nun auch das Setzen von diversen Stauden in unsere Beete oder Steing\u00e4rten. Hat der vergangene Winter doch auch hier mehr oder weniger gro\u00dfe Sch\u00e4den angerichtet. Und das Angebot in vielen Gartenbetrieben ist ja wie immer recht breit gef\u00e4chert. Und ehrlich &#8211; wer hat nicht viel Spa\u00df beim Ausw\u00e4hlen, beim Einkauf, beim Gustieren? Und letztendlich das Suchen und Ausw\u00e4hlen des Pl\u00e4tzchens im Garten f\u00fcr den Neuank\u00f6mmling. Es dann doch noch zu finden, das Pl\u00e4tzchen, an dem man das Heranwachsen und Bl\u00fchen beobachten kann?<\/p>\n<p>Ist es nicht das, was uns f\u00fcr all unsere M\u00fchen und Anstrengungen im Laufe eines langen Gartenjahres entsch\u00e4digt? Uns erfreut, wenn wir an sch\u00f6nen, w\u00e4rmeren Tagen an unseren kleinen und gr\u00f6\u00dferen Pflanzen, die uns irgendwie fast zu Freunden geworden sind, Gefallen finden, zur\u00fcckdenkend was aus den einst so kleinen Pfl\u00e4nzchen f\u00fcr stattliche Gew\u00e4chse, f\u00fcr herrliche Bl\u00fcten\u00fcberraschungen wurden.<\/p>\n<\/div>\n<\/div>\n<\/div>\n<\/div>\n<\/div>\n<\/div>\n","protected":false},"excerpt":{"rendered":"<p>Schneegl\u00f6ckchen, Winterlinge und Krokusse bl\u00fchen um die Wette, und auch die Knospen an B\u00e4umen und Str\u00e4uchern sieht man kr\u00e4ftig anschwellen. Offensichtlich ist die Bl\u00fchphase komprimierter als fr\u00fcher, denn Priemeln, Veilchen. Hyazinthen, Tulpen und Narzissen sind gerade dabei, ihre Bl\u00fctenpracht zu entfalten.. Eventuell aufgetretene Schneeschimmelsch\u00e4den in den Wiesenfl\u00e4chen bed\u00fcrfen einiger Anstren- gungen, um langsam wieder ansehnliche Rasenfl\u00e4chen zu erhalten. Erste D\u00fcngegaben f\u00fcr unseren Rasen sollten wir bereits erledigt haben (empfohlen wird eine Stickstoffd\u00fcngung, etwa Nitromoncal). Die Gr\u00e4ser k\u00f6nnen sich nun langsam aus ihrer Winterruhe entwickeln. F\u00fcr ein eventuelles Verti- kutieren sollte besser bis nach dem zweiten Rasenschnitt gewartet werden, da sich bis dahin die wintergeschw\u00e4chte Grasnarbe gefestigt hat. Nicht zu vergessen, in die vertikutierte Fl\u00e4che etwas Quarzsand einstreuen, da dies den Boden lockert, und bekanntlich Licht, Luft und Wasser f\u00fcr gesunden Boden n\u00f6tig und somit f\u00fcr das Wachstum unserer Gr\u00e4ser vorteilhaft ist. Doch nun zu unseren Obstb\u00e4umen. Letzte d\u00fcrre \u00c4ste (Frostaufbruch)&#8230;<\/p>\n<p> <a class=\"continue-reading-link\" href=\"https:\/\/www.kgvspallart.at\/?p=2989\"><span>Mehr lesen<\/span><i class=\"crycon-right-dir\"><\/i><\/a> <\/p>\n","protected":false},"author":1,"featured_media":0,"comment_status":"closed","ping_status":"open","sticky":false,"template":"","format":"standard","meta":{"ngg_post_thumbnail":0,"footnotes":""},"categories":[5],"tags":[11],"class_list":["post-2989","post","type-post","status-publish","format-standard","hentry","category-fachberatung","tag-berichtfachberater"],"_links":{"self":[{"href":"https:\/\/www.kgvspallart.at\/index.php?rest_route=\/wp\/v2\/posts\/2989","targetHints":{"allow":["GET"]}}],"collection":[{"href":"https:\/\/www.kgvspallart.at\/index.php?rest_route=\/wp\/v2\/posts"}],"about":[{"href":"https:\/\/www.kgvspallart.at\/index.php?rest_route=\/wp\/v2\/types\/post"}],"author":[{"embeddable":true,"href":"https:\/\/www.kgvspallart.at\/index.php?rest_route=\/wp\/v2\/users\/1"}],"replies":[{"embeddable":true,"href":"https:\/\/www.kgvspallart.at\/index.php?rest_route=%2Fwp%2Fv2%2Fcomments&post=2989"}],"version-history":[{"count":3,"href":"https:\/\/www.kgvspallart.at\/index.php?rest_route=\/wp\/v2\/posts\/2989\/revisions"}],"predecessor-version":[{"id":4760,"href":"https:\/\/www.kgvspallart.at\/index.php?rest_route=\/wp\/v2\/posts\/2989\/revisions\/4760"}],"wp:attachment":[{"href":"https:\/\/www.kgvspallart.at\/index.php?rest_route=%2Fwp%2Fv2%2Fmedia&parent=2989"}],"wp:term":[{"taxonomy":"category","embeddable":true,"href":"https:\/\/www.kgvspallart.at\/index.php?rest_route=%2Fwp%2Fv2%2Fcategories&post=2989"},{"taxonomy":"post_tag","embeddable":true,"href":"https:\/\/www.kgvspallart.at\/index.php?rest_route=%2Fwp%2Fv2%2Ftags&post=2989"}],"curies":[{"name":"wp","href":"https:\/\/api.w.org\/{rel}","templated":true}]}}