{"id":2995,"date":"2015-07-09T22:00:08","date_gmt":"2015-07-09T20:00:08","guid":{"rendered":"http:\/\/www.kgvspallart.at\/?p=2995"},"modified":"2015-10-08T22:10:19","modified_gmt":"2015-10-08T20:10:19","slug":"bericht-fuer-ausschuss-sitzung-vom-9-7-2015","status":"publish","type":"post","link":"https:\/\/www.kgvspallart.at\/?p=2995","title":{"rendered":"Bericht des Fachberaters vom 9. 7. 2015"},"content":{"rendered":"<div class=\"page\" title=\"Page 1\">\n<div class=\"layoutArea\">\n<div class=\"column\">\n<p>Heute will ich Ihnen ein bi\u00dfchen von unserer T\u00e4tigkeit in der Fachgruppe berichten. So haben wir bereits beginnend mit Ende Mai bis einschlie\u00dflich Juni auch heuer wieder Gartenberatungen an jedem Samstag absolviert.<\/p>\n<p>Einen recht \u201egebirgigen\u201c Besuch bescherte uns die Anlage am Satzberg\/Alt, wo wir ca. 210 G\u00e4rten besuchen durften. Diese Gruppe ist ein Teil der Kleingartenanlage Rosental.<\/p>\n<p>Einen weiteren Besuch absolvierten wir in der Kleingartenanlage Neue Wiese, einer sehr gepflegten Anlage mit etwa 75 G\u00e4rten. Auch hier war das Interesse bei den anwesenden Garten- inhabern erfreulich gro\u00df.<\/p>\n<p>Bei der Anlage Stammgruppe D+E, einer Gruppe, welche zum Verein Rosental geh\u00f6rt, durften wir etwa 80 G\u00e4rten besuchen. Auch hier konnten wir bei den Anwesenden etliches Interesse wecken und erhoffen uns dadurch f\u00fcr die Zukunft, ein noch besseres Echo, da die Anwesenden sicherlich ihre positive Erfahrung bei der Beratung weitergeben.<\/p>\n<p>Mit unseren Beratungen kommen wir also recht gut an. Da wir immer auch unsere Neulinge mitnehmen, und f\u00fcr diese das Gesehene und Geh\u00f6rte ungemein lehrreich ist, so sind wir \u00fcberzeugt, da\u00df unsere Truppe auch in Zukunft eine gut ausgebildete sein wird.<\/p>\n<p>Bei all unseren Beratungen ist aber eines zu sagen &#8211; und dies richtet sich an die Vereinsleitungen. Sehr begr\u00fc\u00dfenswert w\u00e4re es, wenn die Anwesenheit der Gartenbesitzer, eine wesentlich gr\u00f6\u00dfere w\u00e4re. Es zeigt sich immer wieder, da\u00df ein Gespr\u00e4ch, pers\u00f6nlich mit dem Garteninhaber gef\u00fchrt, diesen wesentlich aufgeschlossener f\u00fcr Probleme, seinen Garten betreffend, macht. Vielleicht sollte der Verein verst\u00e4rkt seine Mitglieder darauf hinweisen, da\u00df so eine Beratung, vor allem f\u00fcr den Gartenbesitzer, nur Vorteile bringen kann. Nebenbei erwachsen ihm, dem Garteninhaber, selbst keine Kosten.<\/p>\n<p>Au\u00dferdem zeigt sich eines sehr deutlich: in Anlagen, die eigene Fachberater haben, ist der Gesamtzustand der Anlage eine eindeutig bessere. Ein Ersuchen aber haben wir an die Obleute: vielleicht gelingt es mit einiger gemeinsamen Anstrengung doch Personen f\u00fcr die T\u00e4tigkeit eines Fachberaters zu finden, und in jenen Anlagen, die keinen Fachberater haben, einen solchen zu installieren.<\/p>\n<p>Soviel zu einigen unserer Aktivit\u00e4ten &#8211; doch nun zu anderen T\u00e4tigkeiten. Ein wenig Zeit durf- ten wir unseren eigenen G\u00e4rten widmen. Bedingt durch das warme Wetter und die diversen Regeng\u00fcsse, wuchs das Gras enorm. So waren vermehrte Rasenschnitte \u00fcblich. Das Aufkommen an Schnittgut war gro\u00df. Doch mit Mulchen unter unseren Hecken oder bei Baumscheiben konnte auch dieses Schnittgut nutzbringend verwendet werden. So mu\u00dfte das wertvolle \u201eD\u00fcngematerial\u201c nicht in die Biok\u00fcbel gebracht werden.<\/p>\n<p>Zudem mu\u00dften auch schon die ersten Ernteertr\u00e4ge von Erdbeeren, Ribiseln und Kirschen eingebracht und verarbeitet werden. Und so haben wir alles und einiges mehr erledigt. Freuen uns auf die n\u00e4chsten kommenden sch\u00f6nen Tage, und wollen es uns bis zu den n\u00e4chsten an- stehenden Arbeiten im Garten gut gehen lassen. Schlie\u00dflich wollen auch wir unsere Urlaubszeit genie\u00dfen. Da\u00df auch diese Zeit eine sch\u00f6ne und erholsame wird, das w\u00fcnschen wir, die Fachberater, Ihnen allen!<\/p>\n<p>wg<\/p>\n<\/div>\n<\/div>\n<\/div>\n","protected":false},"excerpt":{"rendered":"<p>Heute will ich Ihnen ein bi\u00dfchen von unserer T\u00e4tigkeit in der Fachgruppe berichten. So haben wir bereits beginnend mit Ende Mai bis einschlie\u00dflich Juni auch heuer wieder Gartenberatungen an jedem Samstag absolviert. Einen recht \u201egebirgigen\u201c Besuch bescherte uns die Anlage am Satzberg\/Alt, wo wir ca. 210 G\u00e4rten besuchen durften. Diese Gruppe ist ein Teil der Kleingartenanlage Rosental. Einen weiteren Besuch absolvierten wir in der Kleingartenanlage Neue Wiese, einer sehr gepflegten Anlage mit etwa 75 G\u00e4rten. Auch hier war das Interesse bei den anwesenden Garten- inhabern erfreulich gro\u00df. Bei der Anlage Stammgruppe D+E, einer Gruppe, welche zum Verein Rosental geh\u00f6rt, durften wir etwa 80 G\u00e4rten besuchen. Auch hier konnten wir bei den Anwesenden etliches Interesse wecken und erhoffen uns dadurch f\u00fcr die Zukunft, ein noch besseres Echo, da die Anwesenden sicherlich ihre positive Erfahrung bei der Beratung weitergeben. Mit unseren Beratungen kommen wir also recht gut an. Da wir immer auch&#8230;<\/p>\n<p> <a class=\"continue-reading-link\" href=\"https:\/\/www.kgvspallart.at\/?p=2995\"><span>Mehr lesen<\/span><i class=\"crycon-right-dir\"><\/i><\/a> <\/p>\n","protected":false},"author":1,"featured_media":0,"comment_status":"closed","ping_status":"open","sticky":false,"template":"","format":"standard","meta":{"ngg_post_thumbnail":0,"footnotes":""},"categories":[5],"tags":[11],"class_list":["post-2995","post","type-post","status-publish","format-standard","hentry","category-fachberatung","tag-berichtfachberater"],"_links":{"self":[{"href":"https:\/\/www.kgvspallart.at\/index.php?rest_route=\/wp\/v2\/posts\/2995","targetHints":{"allow":["GET"]}}],"collection":[{"href":"https:\/\/www.kgvspallart.at\/index.php?rest_route=\/wp\/v2\/posts"}],"about":[{"href":"https:\/\/www.kgvspallart.at\/index.php?rest_route=\/wp\/v2\/types\/post"}],"author":[{"embeddable":true,"href":"https:\/\/www.kgvspallart.at\/index.php?rest_route=\/wp\/v2\/users\/1"}],"replies":[{"embeddable":true,"href":"https:\/\/www.kgvspallart.at\/index.php?rest_route=%2Fwp%2Fv2%2Fcomments&post=2995"}],"version-history":[{"count":4,"href":"https:\/\/www.kgvspallart.at\/index.php?rest_route=\/wp\/v2\/posts\/2995\/revisions"}],"predecessor-version":[{"id":4757,"href":"https:\/\/www.kgvspallart.at\/index.php?rest_route=\/wp\/v2\/posts\/2995\/revisions\/4757"}],"wp:attachment":[{"href":"https:\/\/www.kgvspallart.at\/index.php?rest_route=%2Fwp%2Fv2%2Fmedia&parent=2995"}],"wp:term":[{"taxonomy":"category","embeddable":true,"href":"https:\/\/www.kgvspallart.at\/index.php?rest_route=%2Fwp%2Fv2%2Fcategories&post=2995"},{"taxonomy":"post_tag","embeddable":true,"href":"https:\/\/www.kgvspallart.at\/index.php?rest_route=%2Fwp%2Fv2%2Ftags&post=2995"}],"curies":[{"name":"wp","href":"https:\/\/api.w.org\/{rel}","templated":true}]}}