{"id":4924,"date":"2015-12-06T20:57:02","date_gmt":"2015-12-06T19:57:02","guid":{"rendered":"http:\/\/www.kgvspallart.at\/?p=4924"},"modified":"2015-12-06T20:57:02","modified_gmt":"2015-12-06T19:57:02","slug":"tiere-im-kleingartenverein","status":"publish","type":"post","link":"https:\/\/www.kgvspallart.at\/?p=4924","title":{"rendered":"Tiere im Kleingartenverein"},"content":{"rendered":"<p>\n<div class=\"ngg-galleryoverview ngg-template-caption\" id=\"ngg-gallery-f30974a7912703c45c546e92f24e6c80-4924\">\n\n\t\t\n\t<!-- Thumbnails -->\n\t\t\t\t\n\t<div id=\"ngg-image-3426\" class=\"ngg-gallery-thumbnail-box\" \n\t\t\t\t\t\t\t\t\tstyle=\"width:25%;\"\t>\n\t\t<div class=\"ngg-gallery-thumbnail\" >\n\t\t\t<a href=\"\n\t\t\thttps:\/\/www.kgvspallart.at\/wordpress\/wp-content\/gallery\/tiere\/Eichkatzerl%2C%20Okt14%20%2CGarten%2CDigi123%20195.jpg?t=1696919597\t\t\t\"\n\t\t\t\ttitle=\"Eichkatzerl - \u00a9 B.Sokop\"\n\t\t\t\tclass=\"ngg-fancybox\" rel=\"f30974a7912703c45c546e92f24e6c80\" data-image-id=\"3426\" data-src=\"https:\/\/www.kgvspallart.at\/wordpress\/wp-content\/gallery\/tiere\/Eichkatzerl%2C%20Okt14%20%2CGarten%2CDigi123%20195.jpg?t=1696919597\" data-thumbnail=\"https:\/\/www.kgvspallart.at\/wordpress\/wp-content\/gallery\/tiere\/thumbs\/thumbs_Eichkatzerl%2C%20Okt14%20%2CGarten%2CDigi123%20195.jpg?t=1696919597\" data-title=\"Eichkatzerl\" data-description=\"Eichkatzerl - \u00a9 B.Sokop\"\t\t\t\t>\n\t\t\t\t\t\t\t\t<img title=\"Eichkatzerl\" alt=\"Eichkatzerl\" src=\"\n\t\t\t\t\t\t\t\t\t\thttps:\/\/www.kgvspallart.at\/wordpress\/wp-content\/gallery\/tiere\/thumbs\/thumbs_Eichkatzerl%2C%20Okt14%20%2CGarten%2CDigi123%20195.jpg?t=1696919597\t\t\t\t\" \n\t\t\t\t\twidth='240' height='160'\t\t\t\t\/>\n\t\t\t\t\t\t\t<\/a>\n\t\t\t<span>\n\t\t\tEichkatzerl - \u00a9 B.Sokop\t\t\t<\/span>\n\t\t<\/div>\n\t<\/div>\n\t\t\t\t\t\t\t\n\t<div id=\"ngg-image-3427\" class=\"ngg-gallery-thumbnail-box\" \n\t\t\t\t\t\t\t\t\tstyle=\"width:25%;\"\t>\n\t\t<div class=\"ngg-gallery-thumbnail\" >\n\t\t\t<a href=\"\n\t\t\thttps:\/\/www.kgvspallart.at\/wordpress\/wp-content\/gallery\/tiere\/Eidechse%2COstersonntag%202010%2C%20Digi%2076%2C%20114.jpg?t=1463302498\t\t\t\"\n\t\t\t\ttitle=\"Eidechse - \u00a9 B.Sokop\"\n\t\t\t\tclass=\"ngg-fancybox\" rel=\"f30974a7912703c45c546e92f24e6c80\" data-image-id=\"3427\" data-src=\"https:\/\/www.kgvspallart.at\/wordpress\/wp-content\/gallery\/tiere\/Eidechse%2COstersonntag%202010%2C%20Digi%2076%2C%20114.jpg?t=1463302498\" data-thumbnail=\"https:\/\/www.kgvspallart.at\/wordpress\/wp-content\/gallery\/tiere\/thumbs\/thumbs_Eidechse%2COstersonntag%202010%2C%20Digi%2076%2C%20114.jpg?t=1463302498\" data-title=\"Eidechse\" data-description=\"Eidechse - \u00a9 B.Sokop\"\t\t\t\t>\n\t\t\t\t\t\t\t\t<img title=\"Eidechse\" alt=\"Eidechse\" src=\"\n\t\t\t\t\t\t\t\t\t\thttps:\/\/www.kgvspallart.at\/wordpress\/wp-content\/gallery\/tiere\/thumbs\/thumbs_Eidechse%2COstersonntag%202010%2C%20Digi%2076%2C%20114.jpg?t=1463302498\t\t\t\t\" \n\t\t\t\t\twidth='240' height='160'\t\t\t\t\/>\n\t\t\t\t\t\t\t<\/a>\n\t\t\t<span>\n\t\t\tEidechse - \u00a9 B.Sokop\t\t\t<\/span>\n\t\t<\/div>\n\t<\/div>\n\t\t\t\t\t\t\t\n\t<div id=\"ngg-image-3428\" class=\"ngg-gallery-thumbnail-box\" \n\t\t\t\t\t\t\t\t\tstyle=\"width:25%;\"\t>\n\t\t<div class=\"ngg-gallery-thumbnail\" >\n\t\t\t<a href=\"\n\t\t\thttps:\/\/www.kgvspallart.at\/wordpress\/wp-content\/gallery\/tiere\/Hummel%20auf%20Christrose%2CAp15%2CDigi%20126%20014.jpg?t=1463302498\t\t\t\"\n\t\t\t\ttitle=\"Hummel auf Christrose - \u00a9 B.Sokop\"\n\t\t\t\tclass=\"ngg-fancybox\" rel=\"f30974a7912703c45c546e92f24e6c80\" data-image-id=\"3428\" data-src=\"https:\/\/www.kgvspallart.at\/wordpress\/wp-content\/gallery\/tiere\/Hummel%20auf%20Christrose%2CAp15%2CDigi%20126%20014.jpg?t=1463302498\" data-thumbnail=\"https:\/\/www.kgvspallart.at\/wordpress\/wp-content\/gallery\/tiere\/thumbs\/thumbs_Hummel%20auf%20Christrose%2CAp15%2CDigi%20126%20014.jpg?t=1463302498\" data-title=\"Hummel auf Christrose\" data-description=\"Hummel auf Christrose - \u00a9 B.Sokop\"\t\t\t\t>\n\t\t\t\t\t\t\t\t<img title=\"Hummel auf Christrose\" alt=\"Hummel auf Christrose\" src=\"\n\t\t\t\t\t\t\t\t\t\thttps:\/\/www.kgvspallart.at\/wordpress\/wp-content\/gallery\/tiere\/thumbs\/thumbs_Hummel%20auf%20Christrose%2CAp15%2CDigi%20126%20014.jpg?t=1463302498\t\t\t\t\" \n\t\t\t\t\twidth='240' height='160'\t\t\t\t\/>\n\t\t\t\t\t\t\t<\/a>\n\t\t\t<span>\n\t\t\tHummel auf Christrose - \u00a9 B.Sokop\t\t\t<\/span>\n\t\t<\/div>\n\t<\/div>\n\t\t\t\t\t\t\t\n\t<div id=\"ngg-image-3429\" class=\"ngg-gallery-thumbnail-box\" \n\t\t\t\t\t\t\t\t\tstyle=\"width:25%;\"\t>\n\t\t<div class=\"ngg-gallery-thumbnail\" >\n\t\t\t<a href=\"\n\t\t\thttps:\/\/www.kgvspallart.at\/wordpress\/wp-content\/gallery\/tiere\/IMG_2177.jpg?t=1463302498\t\t\t\"\n\t\t\t\ttitle=\"Weinbergschnecke\"\n\t\t\t\tclass=\"ngg-fancybox\" rel=\"f30974a7912703c45c546e92f24e6c80\" data-image-id=\"3429\" data-src=\"https:\/\/www.kgvspallart.at\/wordpress\/wp-content\/gallery\/tiere\/IMG_2177.jpg?t=1463302498\" data-thumbnail=\"https:\/\/www.kgvspallart.at\/wordpress\/wp-content\/gallery\/tiere\/thumbs\/thumbs_IMG_2177.jpg?t=1463302498\" data-title=\"Weinbergschnecke\" data-description=\"Weinbergschnecke\"\t\t\t\t>\n\t\t\t\t\t\t\t\t<img title=\"Weinbergschnecke\" alt=\"Weinbergschnecke\" src=\"\n\t\t\t\t\t\t\t\t\t\thttps:\/\/www.kgvspallart.at\/wordpress\/wp-content\/gallery\/tiere\/thumbs\/thumbs_IMG_2177.jpg?t=1463302498\t\t\t\t\" \n\t\t\t\t\twidth='240' height='160'\t\t\t\t\/>\n\t\t\t\t\t\t\t<\/a>\n\t\t\t<span>\n\t\t\tWeinbergschnecke\t\t\t<\/span>\n\t\t<\/div>\n\t<\/div>\n\t\t\t\t\t\t\t<br style=\"clear: both\" \/>\n\t\t\t\n\t<div id=\"ngg-image-3368\" class=\"ngg-gallery-thumbnail-box\" \n\t\t\t\t\t\t\t\t\tstyle=\"width:25%;\"\t>\n\t\t<div class=\"ngg-gallery-thumbnail\" >\n\t\t\t<a href=\"\n\t\t\thttps:\/\/www.kgvspallart.at\/wordpress\/wp-content\/gallery\/tiere\/IMG_4452.jpg?t=1463302498\t\t\t\"\n\t\t\t\ttitle=\"Gr\u00fcnspecht in einer Wiese\"\n\t\t\t\tclass=\"ngg-fancybox\" rel=\"f30974a7912703c45c546e92f24e6c80\" data-image-id=\"3368\" data-src=\"https:\/\/www.kgvspallart.at\/wordpress\/wp-content\/gallery\/tiere\/IMG_4452.jpg?t=1463302498\" data-thumbnail=\"https:\/\/www.kgvspallart.at\/wordpress\/wp-content\/gallery\/tiere\/thumbs\/thumbs_IMG_4452.jpg?t=1463302498\" data-title=\"IMG_4452\" data-description=\"Gr\u00fcnspecht in einer Wiese\"\t\t\t\t>\n\t\t\t\t\t\t\t\t<img title=\"IMG_4452\" alt=\"IMG_4452\" src=\"\n\t\t\t\t\t\t\t\t\t\thttps:\/\/www.kgvspallart.at\/wordpress\/wp-content\/gallery\/tiere\/thumbs\/thumbs_IMG_4452.jpg?t=1463302498\t\t\t\t\" \n\t\t\t\t\twidth='240' height='160'\t\t\t\t\/>\n\t\t\t\t\t\t\t<\/a>\n\t\t\t<span>\n\t\t\tGr\u00fcnspecht in einer Wiese\t\t\t<\/span>\n\t\t<\/div>\n\t<\/div>\n\t\t\t\t\t\t\t\n\t<div id=\"ngg-image-3369\" class=\"ngg-gallery-thumbnail-box\" \n\t\t\t\t\t\t\t\t\tstyle=\"width:25%;\"\t>\n\t\t<div class=\"ngg-gallery-thumbnail\" >\n\t\t\t<a href=\"\n\t\t\thttps:\/\/www.kgvspallart.at\/wordpress\/wp-content\/gallery\/tiere\/IMG_4884.jpg?t=1463302498\t\t\t\"\n\t\t\t\ttitle=\"Sperber auf einer Stromleiting\"\n\t\t\t\tclass=\"ngg-fancybox\" rel=\"f30974a7912703c45c546e92f24e6c80\" data-image-id=\"3369\" data-src=\"https:\/\/www.kgvspallart.at\/wordpress\/wp-content\/gallery\/tiere\/IMG_4884.jpg?t=1463302498\" data-thumbnail=\"https:\/\/www.kgvspallart.at\/wordpress\/wp-content\/gallery\/tiere\/thumbs\/thumbs_IMG_4884.jpg?t=1463302498\" data-title=\"IMG_4884\" data-description=\"Sperber auf einer Stromleiting\"\t\t\t\t>\n\t\t\t\t\t\t\t\t<img title=\"IMG_4884\" alt=\"IMG_4884\" src=\"\n\t\t\t\t\t\t\t\t\t\thttps:\/\/www.kgvspallart.at\/wordpress\/wp-content\/gallery\/tiere\/thumbs\/thumbs_IMG_4884.jpg?t=1463302498\t\t\t\t\" \n\t\t\t\t\twidth='240' height='160'\t\t\t\t\/>\n\t\t\t\t\t\t\t<\/a>\n\t\t\t<span>\n\t\t\tSperber auf einer Stromleiting\t\t\t<\/span>\n\t\t<\/div>\n\t<\/div>\n\t\t\t\t\t\t\t\n\t<div id=\"ngg-image-3370\" class=\"ngg-gallery-thumbnail-box\" \n\t\t\t\t\t\t\t\t\tstyle=\"width:25%;\"\t>\n\t\t<div class=\"ngg-gallery-thumbnail\" >\n\t\t\t<a href=\"\n\t\t\thttps:\/\/www.kgvspallart.at\/wordpress\/wp-content\/gallery\/tiere\/IMG_5183.jpg?t=1463302498\t\t\t\"\n\t\t\t\ttitle=\"Hummel auf einer Bl\u00fcte\"\n\t\t\t\tclass=\"ngg-fancybox\" rel=\"f30974a7912703c45c546e92f24e6c80\" data-image-id=\"3370\" data-src=\"https:\/\/www.kgvspallart.at\/wordpress\/wp-content\/gallery\/tiere\/IMG_5183.jpg?t=1463302498\" data-thumbnail=\"https:\/\/www.kgvspallart.at\/wordpress\/wp-content\/gallery\/tiere\/thumbs\/thumbs_IMG_5183.jpg?t=1463302498\" data-title=\"IMG_5183\" data-description=\"Hummel auf einer Bl\u00fcte\"\t\t\t\t>\n\t\t\t\t\t\t\t\t<img title=\"IMG_5183\" alt=\"IMG_5183\" src=\"\n\t\t\t\t\t\t\t\t\t\thttps:\/\/www.kgvspallart.at\/wordpress\/wp-content\/gallery\/tiere\/thumbs\/thumbs_IMG_5183.jpg?t=1463302498\t\t\t\t\" \n\t\t\t\t\twidth='240' height='160'\t\t\t\t\/>\n\t\t\t\t\t\t\t<\/a>\n\t\t\t<span>\n\t\t\tHummel auf einer Bl\u00fcte\t\t\t<\/span>\n\t\t<\/div>\n\t<\/div>\n\t\t\t\t\t\t\t\n\t<div id=\"ngg-image-3371\" class=\"ngg-gallery-thumbnail-box\" \n\t\t\t\t\t\t\t\t\tstyle=\"width:25%;\"\t>\n\t\t<div class=\"ngg-gallery-thumbnail\" >\n\t\t\t<a href=\"\n\t\t\thttps:\/\/www.kgvspallart.at\/wordpress\/wp-content\/gallery\/tiere\/IMG_5964.jpg?t=1463302498\t\t\t\"\n\t\t\t\ttitle=\"Reiher auf Eternit\"\n\t\t\t\tclass=\"ngg-fancybox\" rel=\"f30974a7912703c45c546e92f24e6c80\" data-image-id=\"3371\" data-src=\"https:\/\/www.kgvspallart.at\/wordpress\/wp-content\/gallery\/tiere\/IMG_5964.jpg?t=1463302498\" data-thumbnail=\"https:\/\/www.kgvspallart.at\/wordpress\/wp-content\/gallery\/tiere\/thumbs\/thumbs_IMG_5964.jpg?t=1463302498\" data-title=\"IMG_5964\" data-description=\"Reiher auf Eternit\"\t\t\t\t>\n\t\t\t\t\t\t\t\t<img title=\"IMG_5964\" alt=\"IMG_5964\" src=\"\n\t\t\t\t\t\t\t\t\t\thttps:\/\/www.kgvspallart.at\/wordpress\/wp-content\/gallery\/tiere\/thumbs\/thumbs_IMG_5964.jpg?t=1463302498\t\t\t\t\" \n\t\t\t\t\twidth='240' height='160'\t\t\t\t\/>\n\t\t\t\t\t\t\t<\/a>\n\t\t\t<span>\n\t\t\tReiher auf Eternit\t\t\t<\/span>\n\t\t<\/div>\n\t<\/div>\n\t\t\t\t\t\t\t<br style=\"clear: both\" \/>\n\t\t\t\n\t<div id=\"ngg-image-3372\" class=\"ngg-gallery-thumbnail-box\" \n\t\t\t\t\t\t\t\t\tstyle=\"width:25%;\"\t>\n\t\t<div class=\"ngg-gallery-thumbnail\" >\n\t\t\t<a href=\"\n\t\t\thttps:\/\/www.kgvspallart.at\/wordpress\/wp-content\/gallery\/tiere\/IMG_6412.jpg?t=1463302498\t\t\t\"\n\t\t\t\ttitle=\"Die Erdnuss ist meine ...\"\n\t\t\t\tclass=\"ngg-fancybox\" rel=\"f30974a7912703c45c546e92f24e6c80\" data-image-id=\"3372\" data-src=\"https:\/\/www.kgvspallart.at\/wordpress\/wp-content\/gallery\/tiere\/IMG_6412.jpg?t=1463302498\" data-thumbnail=\"https:\/\/www.kgvspallart.at\/wordpress\/wp-content\/gallery\/tiere\/thumbs\/thumbs_IMG_6412.jpg?t=1463302498\" data-title=\"IMG_6412\" data-description=\"Die Erdnuss ist meine ...\"\t\t\t\t>\n\t\t\t\t\t\t\t\t<img title=\"IMG_6412\" alt=\"IMG_6412\" src=\"\n\t\t\t\t\t\t\t\t\t\thttps:\/\/www.kgvspallart.at\/wordpress\/wp-content\/gallery\/tiere\/thumbs\/thumbs_IMG_6412.jpg?t=1463302498\t\t\t\t\" \n\t\t\t\t\twidth='240' height='160'\t\t\t\t\/>\n\t\t\t\t\t\t\t<\/a>\n\t\t\t<span>\n\t\t\tDie Erdnuss ist meine ...\t\t\t<\/span>\n\t\t<\/div>\n\t<\/div>\n\t\t\t\t\t\t\t\n\t<div id=\"ngg-image-3373\" class=\"ngg-gallery-thumbnail-box\" \n\t\t\t\t\t\t\t\t\tstyle=\"width:25%;\"\t>\n\t\t<div class=\"ngg-gallery-thumbnail\" >\n\t\t\t<a href=\"\n\t\t\thttps:\/\/www.kgvspallart.at\/wordpress\/wp-content\/gallery\/tiere\/IMG_6612.jpg?t=1463302498\t\t\t\"\n\t\t\t\ttitle=\"Eichh\u00f6rnchen in der Abendsonne\"\n\t\t\t\tclass=\"ngg-fancybox\" rel=\"f30974a7912703c45c546e92f24e6c80\" data-image-id=\"3373\" data-src=\"https:\/\/www.kgvspallart.at\/wordpress\/wp-content\/gallery\/tiere\/IMG_6612.jpg?t=1463302498\" data-thumbnail=\"https:\/\/www.kgvspallart.at\/wordpress\/wp-content\/gallery\/tiere\/thumbs\/thumbs_IMG_6612.jpg?t=1463302498\" data-title=\"IMG_6612\" data-description=\"Eichh\u00f6rnchen in der Abendsonne\"\t\t\t\t>\n\t\t\t\t\t\t\t\t<img title=\"IMG_6612\" alt=\"IMG_6612\" src=\"\n\t\t\t\t\t\t\t\t\t\thttps:\/\/www.kgvspallart.at\/wordpress\/wp-content\/gallery\/tiere\/thumbs\/thumbs_IMG_6612.jpg?t=1463302498\t\t\t\t\" \n\t\t\t\t\twidth='240' height='160'\t\t\t\t\/>\n\t\t\t\t\t\t\t<\/a>\n\t\t\t<span>\n\t\t\tEichh\u00f6rnchen in der Abendsonne\t\t\t<\/span>\n\t\t<\/div>\n\t<\/div>\n\t\t\t\t\t\t\t\n\t<div id=\"ngg-image-3374\" class=\"ngg-gallery-thumbnail-box\" \n\t\t\t\t\t\t\t\t\tstyle=\"width:25%;\"\t>\n\t\t<div class=\"ngg-gallery-thumbnail\" >\n\t\t\t<a href=\"\n\t\t\thttps:\/\/www.kgvspallart.at\/wordpress\/wp-content\/gallery\/tiere\/IMG_6826.jpg?t=1463302498\t\t\t\"\n\t\t\t\ttitle=\"Gr\u00fcnspecht auf Waschbeton\"\n\t\t\t\tclass=\"ngg-fancybox\" rel=\"f30974a7912703c45c546e92f24e6c80\" data-image-id=\"3374\" data-src=\"https:\/\/www.kgvspallart.at\/wordpress\/wp-content\/gallery\/tiere\/IMG_6826.jpg?t=1463302498\" data-thumbnail=\"https:\/\/www.kgvspallart.at\/wordpress\/wp-content\/gallery\/tiere\/thumbs\/thumbs_IMG_6826.jpg?t=1463302498\" data-title=\"IMG_6826\" data-description=\"Gr\u00fcnspecht auf Waschbeton\"\t\t\t\t>\n\t\t\t\t\t\t\t\t<img title=\"IMG_6826\" alt=\"IMG_6826\" src=\"\n\t\t\t\t\t\t\t\t\t\thttps:\/\/www.kgvspallart.at\/wordpress\/wp-content\/gallery\/tiere\/thumbs\/thumbs_IMG_6826.jpg?t=1463302498\t\t\t\t\" \n\t\t\t\t\twidth='240' height='160'\t\t\t\t\/>\n\t\t\t\t\t\t\t<\/a>\n\t\t\t<span>\n\t\t\tGr\u00fcnspecht auf Waschbeton\t\t\t<\/span>\n\t\t<\/div>\n\t<\/div>\n\t\t\t\t\t\t\t\n\t<div id=\"ngg-image-3375\" class=\"ngg-gallery-thumbnail-box\" \n\t\t\t\t\t\t\t\t\tstyle=\"width:25%;\"\t>\n\t\t<div class=\"ngg-gallery-thumbnail\" >\n\t\t\t<a href=\"\n\t\t\thttps:\/\/www.kgvspallart.at\/wordpress\/wp-content\/gallery\/tiere\/IMG_6848.jpg?t=1463302498\t\t\t\"\n\t\t\t\ttitle=\"Junge Kreuzspinne mit sandigem Netz\"\n\t\t\t\tclass=\"ngg-fancybox\" rel=\"f30974a7912703c45c546e92f24e6c80\" data-image-id=\"3375\" data-src=\"https:\/\/www.kgvspallart.at\/wordpress\/wp-content\/gallery\/tiere\/IMG_6848.jpg?t=1463302498\" data-thumbnail=\"https:\/\/www.kgvspallart.at\/wordpress\/wp-content\/gallery\/tiere\/thumbs\/thumbs_IMG_6848.jpg?t=1463302498\" data-title=\"IMG_6848\" data-description=\"Junge Kreuzspinne mit sandigem Netz\"\t\t\t\t>\n\t\t\t\t\t\t\t\t<img title=\"IMG_6848\" alt=\"IMG_6848\" src=\"\n\t\t\t\t\t\t\t\t\t\thttps:\/\/www.kgvspallart.at\/wordpress\/wp-content\/gallery\/tiere\/thumbs\/thumbs_IMG_6848.jpg?t=1463302498\t\t\t\t\" \n\t\t\t\t\twidth='240' height='160'\t\t\t\t\/>\n\t\t\t\t\t\t\t<\/a>\n\t\t\t<span>\n\t\t\tJunge Kreuzspinne mit sandigem Netz\t\t\t<\/span>\n\t\t<\/div>\n\t<\/div>\n\t\t\t\t\t\t\t<br style=\"clear: both\" \/>\n\t\t\t\n\t<div id=\"ngg-image-3376\" class=\"ngg-gallery-thumbnail-box\" \n\t\t\t\t\t\t\t\t\tstyle=\"width:25%;\"\t>\n\t\t<div class=\"ngg-gallery-thumbnail\" >\n\t\t\t<a href=\"\n\t\t\thttps:\/\/www.kgvspallart.at\/wordpress\/wp-content\/gallery\/tiere\/IMG_6868.jpg?t=1463302498\t\t\t\"\n\t\t\t\ttitle=\"Buntspecht auf Kirsche\"\n\t\t\t\tclass=\"ngg-fancybox\" rel=\"f30974a7912703c45c546e92f24e6c80\" data-image-id=\"3376\" data-src=\"https:\/\/www.kgvspallart.at\/wordpress\/wp-content\/gallery\/tiere\/IMG_6868.jpg?t=1463302498\" data-thumbnail=\"https:\/\/www.kgvspallart.at\/wordpress\/wp-content\/gallery\/tiere\/thumbs\/thumbs_IMG_6868.jpg?t=1463302498\" data-title=\"IMG_6868\" data-description=\"Buntspecht auf Kirsche\"\t\t\t\t>\n\t\t\t\t\t\t\t\t<img title=\"IMG_6868\" alt=\"IMG_6868\" src=\"\n\t\t\t\t\t\t\t\t\t\thttps:\/\/www.kgvspallart.at\/wordpress\/wp-content\/gallery\/tiere\/thumbs\/thumbs_IMG_6868.jpg?t=1463302498\t\t\t\t\" \n\t\t\t\t\twidth='240' height='160'\t\t\t\t\/>\n\t\t\t\t\t\t\t<\/a>\n\t\t\t<span>\n\t\t\tBuntspecht auf Kirsche\t\t\t<\/span>\n\t\t<\/div>\n\t<\/div>\n\t\t\t\t\t\t\t\n\t<div id=\"ngg-image-3377\" class=\"ngg-gallery-thumbnail-box\" \n\t\t\t\t\t\t\t\t\tstyle=\"width:25%;\"\t>\n\t\t<div class=\"ngg-gallery-thumbnail\" >\n\t\t\t<a href=\"\n\t\t\thttps:\/\/www.kgvspallart.at\/wordpress\/wp-content\/gallery\/tiere\/IMG_8549.jpg?t=1463302498\t\t\t\"\n\t\t\t\ttitle=\"Schmetterling\"\n\t\t\t\tclass=\"ngg-fancybox\" rel=\"f30974a7912703c45c546e92f24e6c80\" data-image-id=\"3377\" data-src=\"https:\/\/www.kgvspallart.at\/wordpress\/wp-content\/gallery\/tiere\/IMG_8549.jpg?t=1463302498\" data-thumbnail=\"https:\/\/www.kgvspallart.at\/wordpress\/wp-content\/gallery\/tiere\/thumbs\/thumbs_IMG_8549.jpg?t=1463302498\" data-title=\"IMG_8549\" data-description=\"Schmetterling\"\t\t\t\t>\n\t\t\t\t\t\t\t\t<img title=\"IMG_8549\" alt=\"IMG_8549\" src=\"\n\t\t\t\t\t\t\t\t\t\thttps:\/\/www.kgvspallart.at\/wordpress\/wp-content\/gallery\/tiere\/thumbs\/thumbs_IMG_8549.jpg?t=1463302498\t\t\t\t\" \n\t\t\t\t\twidth='240' height='160'\t\t\t\t\/>\n\t\t\t\t\t\t\t<\/a>\n\t\t\t<span>\n\t\t\tSchmetterling\t\t\t<\/span>\n\t\t<\/div>\n\t<\/div>\n\t\t\t\t\t\t\t\n\t<div id=\"ngg-image-3378\" class=\"ngg-gallery-thumbnail-box\" \n\t\t\t\t\t\t\t\t\tstyle=\"width:25%;\"\t>\n\t\t<div class=\"ngg-gallery-thumbnail\" >\n\t\t\t<a href=\"\n\t\t\thttps:\/\/www.kgvspallart.at\/wordpress\/wp-content\/gallery\/tiere\/IMG_8557.jpg?t=1463302498\t\t\t\"\n\t\t\t\ttitle=\"Schmetterling\"\n\t\t\t\tclass=\"ngg-fancybox\" rel=\"f30974a7912703c45c546e92f24e6c80\" data-image-id=\"3378\" data-src=\"https:\/\/www.kgvspallart.at\/wordpress\/wp-content\/gallery\/tiere\/IMG_8557.jpg?t=1463302498\" data-thumbnail=\"https:\/\/www.kgvspallart.at\/wordpress\/wp-content\/gallery\/tiere\/thumbs\/thumbs_IMG_8557.jpg?t=1463302498\" data-title=\"IMG_8557\" data-description=\"Schmetterling\"\t\t\t\t>\n\t\t\t\t\t\t\t\t<img title=\"IMG_8557\" alt=\"IMG_8557\" src=\"\n\t\t\t\t\t\t\t\t\t\thttps:\/\/www.kgvspallart.at\/wordpress\/wp-content\/gallery\/tiere\/thumbs\/thumbs_IMG_8557.jpg?t=1463302498\t\t\t\t\" \n\t\t\t\t\twidth='240' height='160'\t\t\t\t\/>\n\t\t\t\t\t\t\t<\/a>\n\t\t\t<span>\n\t\t\tSchmetterling\t\t\t<\/span>\n\t\t<\/div>\n\t<\/div>\n\t\t\t\t\t\t\t\n\t<div id=\"ngg-image-3379\" class=\"ngg-gallery-thumbnail-box\" \n\t\t\t\t\t\t\t\t\tstyle=\"width:25%;\"\t>\n\t\t<div class=\"ngg-gallery-thumbnail\" >\n\t\t\t<a href=\"\n\t\t\thttps:\/\/www.kgvspallart.at\/wordpress\/wp-content\/gallery\/tiere\/IMG_8592.jpg?t=1463302498\t\t\t\"\n\t\t\t\ttitle=\"Gr\u00fcnspecht auf Kirsche\"\n\t\t\t\tclass=\"ngg-fancybox\" rel=\"f30974a7912703c45c546e92f24e6c80\" data-image-id=\"3379\" data-src=\"https:\/\/www.kgvspallart.at\/wordpress\/wp-content\/gallery\/tiere\/IMG_8592.jpg?t=1463302498\" data-thumbnail=\"https:\/\/www.kgvspallart.at\/wordpress\/wp-content\/gallery\/tiere\/thumbs\/thumbs_IMG_8592.jpg?t=1463302498\" data-title=\"IMG_8592\" data-description=\"Gr\u00fcnspecht auf Kirsche\"\t\t\t\t>\n\t\t\t\t\t\t\t\t<img title=\"IMG_8592\" alt=\"IMG_8592\" src=\"\n\t\t\t\t\t\t\t\t\t\thttps:\/\/www.kgvspallart.at\/wordpress\/wp-content\/gallery\/tiere\/thumbs\/thumbs_IMG_8592.jpg?t=1463302498\t\t\t\t\" \n\t\t\t\t\twidth='240' height='160'\t\t\t\t\/>\n\t\t\t\t\t\t\t<\/a>\n\t\t\t<span>\n\t\t\tGr\u00fcnspecht auf Kirsche\t\t\t<\/span>\n\t\t<\/div>\n\t<\/div>\n\t\t\t\t\t\t\t<br style=\"clear: both\" \/>\n\t\t\t\n\t<div id=\"ngg-image-3430\" class=\"ngg-gallery-thumbnail-box\" \n\t\t\t\t\t\t\t\t\tstyle=\"width:25%;\"\t>\n\t\t<div class=\"ngg-gallery-thumbnail\" >\n\t\t\t<a href=\"\n\t\t\thttps:\/\/www.kgvspallart.at\/wordpress\/wp-content\/gallery\/tiere\/Regenw%C3%BCrmer%2CMai%2010%2CDigi%2077%20070.jpg?t=1463302499\t\t\t\"\n\t\t\t\ttitle=\"Regenw\u00fcrmer - \u00a9 B.Sokop\"\n\t\t\t\tclass=\"ngg-fancybox\" rel=\"f30974a7912703c45c546e92f24e6c80\" data-image-id=\"3430\" data-src=\"https:\/\/www.kgvspallart.at\/wordpress\/wp-content\/gallery\/tiere\/Regenw%C3%BCrmer%2CMai%2010%2CDigi%2077%20070.jpg?t=1463302499\" data-thumbnail=\"https:\/\/www.kgvspallart.at\/wordpress\/wp-content\/gallery\/tiere\/thumbs\/thumbs_Regenw%C3%BCrmer%2CMai%2010%2CDigi%2077%20070.jpg?t=1463302499\" data-title=\"Regenw\u00fcrmer\" data-description=\"Regenw\u00fcrmer - \u00a9 B.Sokop\"\t\t\t\t>\n\t\t\t\t\t\t\t\t<img title=\"Regenw\u00fcrmer\" alt=\"Regenw\u00fcrmer\" src=\"\n\t\t\t\t\t\t\t\t\t\thttps:\/\/www.kgvspallart.at\/wordpress\/wp-content\/gallery\/tiere\/thumbs\/thumbs_Regenw%C3%BCrmer%2CMai%2010%2CDigi%2077%20070.jpg?t=1463302499\t\t\t\t\" \n\t\t\t\t\twidth='240' height='160'\t\t\t\t\/>\n\t\t\t\t\t\t\t<\/a>\n\t\t\t<span>\n\t\t\tRegenw\u00fcrmer - \u00a9 B.Sokop\t\t\t<\/span>\n\t\t<\/div>\n\t<\/div>\n\t\t\t\t\t\t\t\n\t<div id=\"ngg-image-3431\" class=\"ngg-gallery-thumbnail-box\" \n\t\t\t\t\t\t\t\t\tstyle=\"width:25%;\"\t>\n\t\t<div class=\"ngg-gallery-thumbnail\" >\n\t\t\t<a href=\"\n\t\t\thttps:\/\/www.kgvspallart.at\/wordpress\/wp-content\/gallery\/tiere\/Spinne%2COkt14%20%2CGarten%2CDigi123%20024.jpg?t=1463302499\t\t\t\"\n\t\t\t\ttitle=\"Spinne - \u00a9 B.Sokop\"\n\t\t\t\tclass=\"ngg-fancybox\" rel=\"f30974a7912703c45c546e92f24e6c80\" data-image-id=\"3431\" data-src=\"https:\/\/www.kgvspallart.at\/wordpress\/wp-content\/gallery\/tiere\/Spinne%2COkt14%20%2CGarten%2CDigi123%20024.jpg?t=1463302499\" data-thumbnail=\"https:\/\/www.kgvspallart.at\/wordpress\/wp-content\/gallery\/tiere\/thumbs\/thumbs_Spinne%2COkt14%20%2CGarten%2CDigi123%20024.jpg?t=1463302499\" data-title=\"Spinne\" data-description=\"Spinne - \u00a9 B.Sokop\"\t\t\t\t>\n\t\t\t\t\t\t\t\t<img title=\"Spinne\" alt=\"Spinne\" src=\"\n\t\t\t\t\t\t\t\t\t\thttps:\/\/www.kgvspallart.at\/wordpress\/wp-content\/gallery\/tiere\/thumbs\/thumbs_Spinne%2COkt14%20%2CGarten%2CDigi123%20024.jpg?t=1463302499\t\t\t\t\" \n\t\t\t\t\twidth='240' height='160'\t\t\t\t\/>\n\t\t\t\t\t\t\t<\/a>\n\t\t\t<span>\n\t\t\tSpinne - \u00a9 B.Sokop\t\t\t<\/span>\n\t\t<\/div>\n\t<\/div>\n\t\t\t\t\t\t\t\t<!-- Pagination -->\n\t\t<div class='ngg-clear'><\/div>\n<\/div>\n\n\t<\/p>\n","protected":false},"excerpt":{"rendered":"<p>Eichkatzerl &#8211; \u00a9 B.Sokop Eidechse &#8211; \u00a9 B.Sokop Hummel auf Christrose &#8211; \u00a9 B.Sokop Weinbergschnecke Gr\u00fcnspecht in einer Wiese Sperber auf einer Stromleiting Hummel auf einer Bl\u00fcte Reiher auf Eternit Die Erdnuss ist meine &#8230; Eichh\u00f6rnchen in der Abendsonne Gr\u00fcnspecht auf Waschbeton Junge Kreuzspinne mit sandigem Netz Buntspecht auf Kirsche Schmetterling Schmetterling Gr\u00fcnspecht auf Kirsche Regenw\u00fcrmer &#8211; \u00a9 B.Sokop Spinne &#8211; \u00a9 B.Sokop<\/p>\n<p> <a class=\"continue-reading-link\" href=\"https:\/\/www.kgvspallart.at\/?p=4924\"><span>Mehr lesen<\/span><i class=\"crycon-right-dir\"><\/i><\/a> <\/p>\n","protected":false},"author":1,"featured_media":0,"comment_status":"closed","ping_status":"open","sticky":false,"template":"","format":"standard","meta":{"ngg_post_thumbnail":0,"footnotes":""},"categories":[20],"tags":[],"class_list":["post-4924","post","type-post","status-publish","format-standard","hentry","category-impressionen"],"_links":{"self":[{"href":"https:\/\/www.kgvspallart.at\/index.php?rest_route=\/wp\/v2\/posts\/4924","targetHints":{"allow":["GET"]}}],"collection":[{"href":"https:\/\/www.kgvspallart.at\/index.php?rest_route=\/wp\/v2\/posts"}],"about":[{"href":"https:\/\/www.kgvspallart.at\/index.php?rest_route=\/wp\/v2\/types\/post"}],"author":[{"embeddable":true,"href":"https:\/\/www.kgvspallart.at\/index.php?rest_route=\/wp\/v2\/users\/1"}],"replies":[{"embeddable":true,"href":"https:\/\/www.kgvspallart.at\/index.php?rest_route=%2Fwp%2Fv2%2Fcomments&post=4924"}],"version-history":[{"count":1,"href":"https:\/\/www.kgvspallart.at\/index.php?rest_route=\/wp\/v2\/posts\/4924\/revisions"}],"predecessor-version":[{"id":4926,"href":"https:\/\/www.kgvspallart.at\/index.php?rest_route=\/wp\/v2\/posts\/4924\/revisions\/4926"}],"wp:attachment":[{"href":"https:\/\/www.kgvspallart.at\/index.php?rest_route=%2Fwp%2Fv2%2Fmedia&parent=4924"}],"wp:term":[{"taxonomy":"category","embeddable":true,"href":"https:\/\/www.kgvspallart.at\/index.php?rest_route=%2Fwp%2Fv2%2Fcategories&post=4924"},{"taxonomy":"post_tag","embeddable":true,"href":"https:\/\/www.kgvspallart.at\/index.php?rest_route=%2Fwp%2Fv2%2Ftags&post=4924"}],"curies":[{"name":"wp","href":"https:\/\/api.w.org\/{rel}","templated":true}]}}