{"id":5025,"date":"2016-02-11T20:00:42","date_gmt":"2016-02-11T19:00:42","guid":{"rendered":"http:\/\/www.kgvspallart.at\/?p=5025"},"modified":"2016-03-10T22:00:23","modified_gmt":"2016-03-10T21:00:23","slug":"bericht-des-fachberaters-vom-11-2-2016","status":"publish","type":"post","link":"https:\/\/www.kgvspallart.at\/?p=5025","title":{"rendered":"Bericht des Fachberaters vom 11.02.2016"},"content":{"rendered":"<div class=\"page\" title=\"Page 1\">\n<div class=\"layoutArea\">\n<div class=\"column\">\n<p>Hat uns der J\u00e4nner noch einige schneereiche Tage beschert, so sieht es derzeit nach einem zeitigen Fr\u00fchlingseinbruch aus. Doch wir werden uns nicht t\u00e4uschen lassen und stellen uns auf eventuell noch folgende Tieftemperaturen ein.<\/p>\n<p>Langsam r\u00fcckt die Zeit heran, um uns f\u00fcr einige Arbeiten in unseren G\u00e4rten vorzubereiten. Und damit wollen wir beginnen: Beginnen, den Rasen zu s\u00e4ubern. Zu \u00fcberlegen welche D\u00fcngegaben wir f\u00fcr den Rasen ben\u00f6tigen. Einen Langzeitd\u00fcnger (etwa Hornsp\u00e4ne), der zwar etwas teurer ist und langsamer wirkt, daher aber weniger oft einzubringen ist. Oder einen billigeren, rasch wirksameren D\u00fcnger (etwa Nitromoncal) zu verwenden, der arbeitsintensiver ist, da er \u00f6fters im Jahr vom Rasen ben\u00f6tigt wird.<\/p>\n<p>Zierstr\u00e4ucher werden zur\u00fcckgeschnitten. Fr\u00fchlingsbl\u00fchende jedoch erst nach der Bl\u00fcte. Zu beachten ist beim Schnitt der Zierstr\u00e4ucher auch die sp\u00e4tere Form, welche sie nach dem Austreiben anzunehmen haben. Also nicht alles gleichm\u00e4\u00dfig abschneiden, sondern eher stufig. Es sei denn, man w\u00fcnscht so einen Heckenschnitt.<\/p>\n<p>Ribiseln auf Johannisbeergallenmilbenbefall kontrollieren. Eventuell befallene Zweigteile auslichten und mit Restm\u00fcll entsorgen (<strong>nicht auf den Kompost<\/strong>).<\/p>\n<p>An den Obstb\u00e4umen sind nun die Leimringe abzunehmen. Eine Austriebsspritzung ist auch f\u00fcr heuer wieder ins Auge gefa\u00dft. Um die beste Wirksamkeit zu erreichen, wird so eine Sprit- zung in der ganzen Anlage durch eine dazu erm\u00e4chtigte Firma durchgef\u00fchrt.<\/p>\n<p>Falls noch nicht geschehen, k\u00f6nnen nun Kernobstb\u00e4ume geschnitten werden. Starktriebige B\u00e4ume werden erst sp\u00e4ter, etwa im M\u00e4rz, geschnitten.<\/p>\n<p>Keineswegs jedoch Pfirsich- und Nektarinenb\u00e4ume. Beide werden zu einem sp\u00e4teren Zeitpunkt behandelt, da die Fruchtans\u00e4tze nur am einj\u00e4hrigen Holz zu finden sind. Auch auf die Kupferspritzung, bei diesen B\u00e4umen, sollte nicht vergessen werden.<\/p>\n<p>Rosen sowie Stauden in den Steing\u00e4rten haben noch Winterruhe. Alte Ziergr\u00e4ser und Uferbepflanzungen bei Biotopen k\u00f6nnen nun zur\u00fcckgeschnitten werden. Achtung auf den Neuaustrieb.<\/p>\n<p>Unsere Immergr\u00fcnen an Tagen ohne Minustemperaturen kr\u00e4ftig w\u00e4ssern (so beugt man am besten sp\u00e4ter auftretenden Trockensch\u00e4den vor).<\/p>\n<p>Zeigen sich die ersten Spitzen der Zwiebel- und Knollenpflanzen, soll eventueller Winterschutz gegen die Kr\u00e4hen (z.B. Drahtgitter) entfernt werden.<\/p>\n<p>F\u00fcr den Gem\u00fcse- und Kr\u00e4utergarten planen wir nun, welche Sorten wir pflanzen wollen. Diese Samen sollten rechtzeitig besorgt werden. Darauf achten, da\u00df das Saatgut immer frisch ist. Und Saatgut nur in jener Menge erstehen, wie es auch verwendet wird. Anbau- pl\u00e4ne f\u00fcr unser Gem\u00fcse erstellen und Fruchtfolge ber\u00fccksichtigen. Im Kleingew\u00e4chshaus erste Aussaaten m\u00f6glich.<\/p>\n<p>Woran wir auch noch denken wollen: Vogelnistk\u00e4sten reinigen und kaputte eventuell ersetzen. Und zum Schlu\u00df k\u00f6nnen wir voll Eifer und Freude f\u00fcr das anlaufende Gartenjahr planen. In Samenkatalogen, in Pflanzenprospekten schm\u00f6kern. Dies und vieles andere mehr ist zu bedenken. Was wir besser tun k\u00f6nnen, welche Fehler wir k\u00fcnftig vermeiden m\u00f6chten.<\/p>\n<p>Dazu stehen die Fachberater mit wohlgemeinten Ratschl\u00e4gen zur Verf\u00fcgung und w\u00fcnschen Ihnen alles Gute bei Ihren Vorhaben und Realisierungen.<\/p>\n<p>wg<\/p>\n<\/div>\n<\/div>\n<\/div>\n","protected":false},"excerpt":{"rendered":"<p>Hat uns der J\u00e4nner noch einige schneereiche Tage beschert, so sieht es derzeit nach einem zeitigen Fr\u00fchlingseinbruch aus. Doch wir werden uns nicht t\u00e4uschen lassen und stellen uns auf eventuell noch folgende Tieftemperaturen ein. Langsam r\u00fcckt die Zeit heran, um uns f\u00fcr einige Arbeiten in unseren G\u00e4rten vorzubereiten. Und damit wollen wir beginnen: Beginnen, den Rasen zu s\u00e4ubern. Zu \u00fcberlegen welche D\u00fcngegaben wir f\u00fcr den Rasen ben\u00f6tigen. Einen Langzeitd\u00fcnger (etwa Hornsp\u00e4ne), der zwar etwas teurer ist und langsamer wirkt, daher aber weniger oft einzubringen ist. Oder einen billigeren, rasch wirksameren D\u00fcnger (etwa Nitromoncal) zu verwenden, der arbeitsintensiver ist, da er \u00f6fters im Jahr vom Rasen ben\u00f6tigt wird. Zierstr\u00e4ucher werden zur\u00fcckgeschnitten. Fr\u00fchlingsbl\u00fchende jedoch erst nach der Bl\u00fcte. Zu beachten ist beim Schnitt der Zierstr\u00e4ucher auch die sp\u00e4tere Form, welche sie nach dem Austreiben anzunehmen haben. Also nicht alles gleichm\u00e4\u00dfig abschneiden, sondern eher stufig. Es sei denn, man w\u00fcnscht so einen Heckenschnitt&#8230;.<\/p>\n<p> <a class=\"continue-reading-link\" href=\"https:\/\/www.kgvspallart.at\/?p=5025\"><span>Mehr lesen<\/span><i class=\"crycon-right-dir\"><\/i><\/a> <\/p>\n","protected":false},"author":1,"featured_media":0,"comment_status":"closed","ping_status":"open","sticky":false,"template":"","format":"standard","meta":{"ngg_post_thumbnail":0,"footnotes":""},"categories":[5],"tags":[],"class_list":["post-5025","post","type-post","status-publish","format-standard","hentry","category-fachberatung"],"_links":{"self":[{"href":"https:\/\/www.kgvspallart.at\/index.php?rest_route=\/wp\/v2\/posts\/5025","targetHints":{"allow":["GET"]}}],"collection":[{"href":"https:\/\/www.kgvspallart.at\/index.php?rest_route=\/wp\/v2\/posts"}],"about":[{"href":"https:\/\/www.kgvspallart.at\/index.php?rest_route=\/wp\/v2\/types\/post"}],"author":[{"embeddable":true,"href":"https:\/\/www.kgvspallart.at\/index.php?rest_route=\/wp\/v2\/users\/1"}],"replies":[{"embeddable":true,"href":"https:\/\/www.kgvspallart.at\/index.php?rest_route=%2Fwp%2Fv2%2Fcomments&post=5025"}],"version-history":[{"count":2,"href":"https:\/\/www.kgvspallart.at\/index.php?rest_route=\/wp\/v2\/posts\/5025\/revisions"}],"predecessor-version":[{"id":5033,"href":"https:\/\/www.kgvspallart.at\/index.php?rest_route=\/wp\/v2\/posts\/5025\/revisions\/5033"}],"wp:attachment":[{"href":"https:\/\/www.kgvspallart.at\/index.php?rest_route=%2Fwp%2Fv2%2Fmedia&parent=5025"}],"wp:term":[{"taxonomy":"category","embeddable":true,"href":"https:\/\/www.kgvspallart.at\/index.php?rest_route=%2Fwp%2Fv2%2Fcategories&post=5025"},{"taxonomy":"post_tag","embeddable":true,"href":"https:\/\/www.kgvspallart.at\/index.php?rest_route=%2Fwp%2Fv2%2Ftags&post=5025"}],"curies":[{"name":"wp","href":"https:\/\/api.w.org\/{rel}","templated":true}]}}