{"id":5060,"date":"2016-04-14T20:00:35","date_gmt":"2016-04-14T18:00:35","guid":{"rendered":"http:\/\/www.kgvspallart.at\/?p=5060"},"modified":"2016-05-12T17:41:45","modified_gmt":"2016-05-12T15:41:45","slug":"bericht-des-fachberaters-vom-14-april-2016","status":"publish","type":"post","link":"https:\/\/www.kgvspallart.at\/?p=5060","title":{"rendered":"Bericht des Fachberaters vom 14. April 2016"},"content":{"rendered":"<div class=\"page\" title=\"Page 1\">\n<div class=\"layoutArea\">\n<div class=\"column\">\n<p>Nach einem kurzen R\u00fcckfall, der Winter hat sich im M\u00e4rz noch einmal gemeldet, ist der Fr\u00fchling mit fr\u00fchsommerlichen Tagen bei uns angekommen. Vermehrt sind Marillen- und Pfirsichb\u00e4ume in voller Bl\u00fctenpracht zu sehen. Priemeln und Veilchen, Hyazinthen, Tulpen und Narzissen haben ihre Bl\u00fctenpracht entwickelt und unsere G\u00e4rten mit Farbtupfern belebt.<\/p>\n<p>Die erste D\u00fcngergabe f\u00fcr unseren Rasen sollten wir bereits ausgebracht haben. Nun k\u00f6nnen sich unsere Gr\u00e4ser aus ihrer Winterruhe entwickeln. F\u00fcr ein eventuelles Vertikutieren\u00a0sollte besser bis nach dem zweiten Rasenschnitt gewartet werden, da sich bis dahin die wintergeschw\u00e4chte Grasnarbe gefestigt hat. Nicht zu vergessen, in die vertikutierte Fl\u00e4che etwas Quarzsand einstreuen, da dies den Boden lockert, und bekanntlich Luft, Wasser und Licht f\u00fcr gesunden Boden n\u00f6tig, und somit f\u00fcr das Wachstum unserer Gr\u00e4ser vorteilhaft ist.<\/p>\n<p>Doch nun zu unseren Obstb\u00e4umen. Leider sieht man beim Bummeln durch die Gartenanlagen immer wieder Fruchtmumien an den verschiedensten Obstb\u00e4umen h\u00e4ngen. Diese Mumien sollten doch endlich wirklich verschwunden sein. Sind sie es doch, die durch das Ausstreuen der Moniliasporen, gerade jetzt im Fr\u00fchjahr, eine wirkliche Bedrohung f\u00fcr ganze Anlagen sind. Alleine durch das Entfernen dieser Mumien kann vieles verhindert werden.<\/p>\n<p>Achtung! Feuchte Witterung beg\u00fcnstigt das Ausbreiten der Monilia, daher darauf achten.<\/p>\n<p>D\u00fcrres Astwerk entfernen, Wundverschlu\u00df kontrollieren und eventuell ausbessern. Unsere all zu wild treibenden Kernobst-B\u00e4ume k\u00f6nnen jetzt noch geschnitten werden. Der j\u00e4hrliche Schnitt bei den Pfirsichb\u00e4umen wird ebenfalls in Angriff genommen. Dies ist besonders wichtig, um einerseits das Verkahlen der \u00c4ste, anderseits die Fruchtfolge f\u00fcr das kommende Jahr sicherzustellen. Der Schnitt kann noch w\u00e4hrend der Bl\u00fcte passieren.<\/p>\n<p>Neu zu setzende Obstb\u00e4ume m\u00fcssen so tief gepflanzt werden, wie sie in der Baumschule gestanden sind. Zu beachten ist jedenfalls, da\u00df die Veredlungsstelle ca.10 cm aus der Erde herausragt. Wichtig ist auch das Einsetzen eines Pfahles vor Einbringen des Baumes in die Pflanzgrube. (Pflanzempfehlung siehe in der Gartenfibel!) Und da\u00df wir unser Pflanzmaterial nur in einem wirklich guten Fachbetrieb erstanden haben, wissen wir alle.<\/p>\n<p>Abgewelkte fr\u00fch bl\u00fchende Zierstr\u00e4ucher werden zur\u00fcckgeschnitten. Stecklingsvermehrung jetzt m\u00f6glich. Abgebl\u00fchten Zwiebel- und Knollenpflanzen werden K\u00f6pfe und Stiele entfernt, nicht aber das Laub, dieses einziehen lassen. Rosen sind nun abzuh\u00e4ufeln und zu d\u00fcngen. Im Staudenbeet Boden lockern und d\u00fcngen. Sommerblumen werden nun ausges\u00e4t.<\/p>\n<p>Futter an unsere Gartenn\u00fctzlinge, den V\u00f6geln, sollten wir nicht mehr geben, da sie ja von unseren Kulturen die Sch\u00e4dlinge absammeln sollen. Emsig tragen sie Material f\u00fcr ihren Nestbau zusammen. Und wenn wir darauf achten, da\u00df Nistk\u00e4sten sicher vor R\u00e4ubern, und vor allem sicher vor Katzen sind, dann werden wir die Freude haben, wieder mehr Jungv\u00f6gel in unseren G\u00e4rten beobachten zu k\u00f6nnen. Dies wird gerade heuer wichtig sein, da wir mit besonders starken Sch\u00e4dlingsbef\u00e4llen, bedingt durch den warmen Winter, rechnen m\u00fcssen.<\/p>\n<p>Und auch wir sind ebenso emsig wie unsere gefiederten Freunde, nur sammeln wir kein Nistmaterial, sondern schw\u00e4rmen aus, und suchen in diversen G\u00e4rtnereien f\u00fcr unsere Refugien, das eine oder andere. Und tats\u00e4chlich finden wir immer noch das Pfl\u00e4nzchen, den Strauch, finden den Baum, etwas was in unserem gr\u00fcnen Reich noch fehlen k\u00f6nnte, aber unbedingt dorthin geh\u00f6rte. Viel Freude w\u00fcnschen wir bei dieser Suche.<\/p>\n<p>wg<\/p>\n<\/div>\n<\/div>\n<\/div>\n","protected":false},"excerpt":{"rendered":"<p>Nach einem kurzen R\u00fcckfall, der Winter hat sich im M\u00e4rz noch einmal gemeldet, ist der Fr\u00fchling mit fr\u00fchsommerlichen Tagen bei uns angekommen. Vermehrt sind Marillen- und Pfirsichb\u00e4ume in voller Bl\u00fctenpracht zu sehen. Priemeln und Veilchen, Hyazinthen, Tulpen und Narzissen haben ihre Bl\u00fctenpracht entwickelt und unsere G\u00e4rten mit Farbtupfern belebt. Die erste D\u00fcngergabe f\u00fcr unseren Rasen sollten wir bereits ausgebracht haben. Nun k\u00f6nnen sich unsere Gr\u00e4ser aus ihrer Winterruhe entwickeln. F\u00fcr ein eventuelles Vertikutieren\u00a0sollte besser bis nach dem zweiten Rasenschnitt gewartet werden, da sich bis dahin die wintergeschw\u00e4chte Grasnarbe gefestigt hat. Nicht zu vergessen, in die vertikutierte Fl\u00e4che etwas Quarzsand einstreuen, da dies den Boden lockert, und bekanntlich Luft, Wasser und Licht f\u00fcr gesunden Boden n\u00f6tig, und somit f\u00fcr das Wachstum unserer Gr\u00e4ser vorteilhaft ist. Doch nun zu unseren Obstb\u00e4umen. Leider sieht man beim Bummeln durch die Gartenanlagen immer wieder Fruchtmumien an den verschiedensten Obstb\u00e4umen h\u00e4ngen. Diese Mumien sollten doch endlich&#8230;<\/p>\n<p> <a class=\"continue-reading-link\" href=\"https:\/\/www.kgvspallart.at\/?p=5060\"><span>Mehr lesen<\/span><i class=\"crycon-right-dir\"><\/i><\/a> <\/p>\n","protected":false},"author":1,"featured_media":0,"comment_status":"closed","ping_status":"open","sticky":false,"template":"","format":"standard","meta":{"ngg_post_thumbnail":0,"footnotes":""},"categories":[5],"tags":[],"class_list":["post-5060","post","type-post","status-publish","format-standard","hentry","category-fachberatung"],"_links":{"self":[{"href":"https:\/\/www.kgvspallart.at\/index.php?rest_route=\/wp\/v2\/posts\/5060","targetHints":{"allow":["GET"]}}],"collection":[{"href":"https:\/\/www.kgvspallart.at\/index.php?rest_route=\/wp\/v2\/posts"}],"about":[{"href":"https:\/\/www.kgvspallart.at\/index.php?rest_route=\/wp\/v2\/types\/post"}],"author":[{"embeddable":true,"href":"https:\/\/www.kgvspallart.at\/index.php?rest_route=\/wp\/v2\/users\/1"}],"replies":[{"embeddable":true,"href":"https:\/\/www.kgvspallart.at\/index.php?rest_route=%2Fwp%2Fv2%2Fcomments&post=5060"}],"version-history":[{"count":1,"href":"https:\/\/www.kgvspallart.at\/index.php?rest_route=\/wp\/v2\/posts\/5060\/revisions"}],"predecessor-version":[{"id":5061,"href":"https:\/\/www.kgvspallart.at\/index.php?rest_route=\/wp\/v2\/posts\/5060\/revisions\/5061"}],"wp:attachment":[{"href":"https:\/\/www.kgvspallart.at\/index.php?rest_route=%2Fwp%2Fv2%2Fmedia&parent=5060"}],"wp:term":[{"taxonomy":"category","embeddable":true,"href":"https:\/\/www.kgvspallart.at\/index.php?rest_route=%2Fwp%2Fv2%2Fcategories&post=5060"},{"taxonomy":"post_tag","embeddable":true,"href":"https:\/\/www.kgvspallart.at\/index.php?rest_route=%2Fwp%2Fv2%2Ftags&post=5060"}],"curies":[{"name":"wp","href":"https:\/\/api.w.org\/{rel}","templated":true}]}}