{"id":5077,"date":"2016-05-08T17:35:39","date_gmt":"2016-05-08T15:35:39","guid":{"rendered":"http:\/\/www.kgvspallart.at\/?p=5077"},"modified":"2016-07-17T20:28:50","modified_gmt":"2016-07-17T18:28:50","slug":"fruehjahrsimpressionen","status":"publish","type":"post","link":"https:\/\/www.kgvspallart.at\/?p=5077","title":{"rendered":"Impressionen aus 2016"},"content":{"rendered":"<p>\n<div class=\"ngg-galleryoverview ngg-template-caption\" id=\"ngg-gallery-e6b3ec95c3aa1660a4ba438f850f63c7-5077\">\n\n\t\t\n\t<!-- Thumbnails -->\n\t\t\t\t\n\t<div id=\"ngg-image-3446\" class=\"ngg-gallery-thumbnail-box\" \n\t\t\t\t\t\t\t\t\tstyle=\"width:25%;\"\t>\n\t\t<div class=\"ngg-gallery-thumbnail\" >\n\t\t\t<a href=\"\n\t\t\thttps:\/\/www.kgvspallart.at\/wordpress\/wp-content\/gallery\/2016-fruehjahrsimpressionen\/Austrieb-MaholieDez-16DSCN2628-3.JPG?t=1489921253\t\t\t\"\n\t\t\t\ttitle=\"Austrieb Maholie - \u00a9 B. Sokop\"\n\t\t\t\tclass=\"ngg-fancybox\" rel=\"e6b3ec95c3aa1660a4ba438f850f63c7\" data-image-id=\"3446\" data-src=\"https:\/\/www.kgvspallart.at\/wordpress\/wp-content\/gallery\/2016-fruehjahrsimpressionen\/Austrieb-MaholieDez-16DSCN2628-3.JPG?t=1489921253\" data-thumbnail=\"https:\/\/www.kgvspallart.at\/wordpress\/wp-content\/gallery\/2016-fruehjahrsimpressionen\/thumbs\/thumbs_Austrieb-MaholieDez-16DSCN2628-3.JPG?t=1489921253\" data-title=\"Austrieb Maholie\" data-description=\"Austrieb Maholie - \u00a9 B. Sokop\"\t\t\t\t>\n\t\t\t\t\t\t\t\t<img title=\"Austrieb Maholie\" alt=\"Austrieb Maholie\" src=\"\n\t\t\t\t\t\t\t\t\t\thttps:\/\/www.kgvspallart.at\/wordpress\/wp-content\/gallery\/2016-fruehjahrsimpressionen\/thumbs\/thumbs_Austrieb-MaholieDez-16DSCN2628-3.JPG?t=1489921253\t\t\t\t\" \n\t\t\t\t\twidth='240' height='160'\t\t\t\t\/>\n\t\t\t\t\t\t\t<\/a>\n\t\t\t<span>\n\t\t\tAustrieb Maholie - \u00a9 B. Sokop\t\t\t<\/span>\n\t\t<\/div>\n\t<\/div>\n\t\t\t\t\t\t\t\n\t<div id=\"ngg-image-3412\" class=\"ngg-gallery-thumbnail-box\" \n\t\t\t\t\t\t\t\t\tstyle=\"width:25%;\"\t>\n\t\t<div class=\"ngg-gallery-thumbnail\" >\n\t\t\t<a href=\"\n\t\t\thttps:\/\/www.kgvspallart.at\/wordpress\/wp-content\/gallery\/2016-fruehjahrsimpressionen\/Beinwell%2Cblau%2C%20086.jpg?t=1489921254\t\t\t\"\n\t\t\t\ttitle=\"Beinwell - \u00a9 B. Sokop\"\n\t\t\t\tclass=\"ngg-fancybox\" rel=\"e6b3ec95c3aa1660a4ba438f850f63c7\" data-image-id=\"3412\" data-src=\"https:\/\/www.kgvspallart.at\/wordpress\/wp-content\/gallery\/2016-fruehjahrsimpressionen\/Beinwell%2Cblau%2C%20086.jpg?t=1489921254\" data-thumbnail=\"https:\/\/www.kgvspallart.at\/wordpress\/wp-content\/gallery\/2016-fruehjahrsimpressionen\/thumbs\/thumbs_Beinwell%2Cblau%2C%20086.jpg?t=1489921254\" data-title=\"Beinwell\" data-description=\"Beinwell - \u00a9 B. Sokop\"\t\t\t\t>\n\t\t\t\t\t\t\t\t<img title=\"Beinwell\" alt=\"Beinwell\" src=\"\n\t\t\t\t\t\t\t\t\t\thttps:\/\/www.kgvspallart.at\/wordpress\/wp-content\/gallery\/2016-fruehjahrsimpressionen\/thumbs\/thumbs_Beinwell%2Cblau%2C%20086.jpg?t=1489921254\t\t\t\t\" \n\t\t\t\t\twidth='240' height='160'\t\t\t\t\/>\n\t\t\t\t\t\t\t<\/a>\n\t\t\t<span>\n\t\t\tBeinwell - \u00a9 B. Sokop\t\t\t<\/span>\n\t\t<\/div>\n\t<\/div>\n\t\t\t\t\t\t\t\n\t<div id=\"ngg-image-3413\" class=\"ngg-gallery-thumbnail-box\" \n\t\t\t\t\t\t\t\t\tstyle=\"width:25%;\"\t>\n\t\t<div class=\"ngg-gallery-thumbnail\" >\n\t\t\t<a href=\"\n\t\t\thttps:\/\/www.kgvspallart.at\/wordpress\/wp-content\/gallery\/2016-fruehjahrsimpressionen\/Cyclamen%20coum%2CWinterjasmin%2C%20Feb16%2CDigi%20133%2C200%20%281%29.jpg?t=1489921254\t\t\t\"\n\t\t\t\ttitle=\"Cyclamen coum - \u00a9 B. Sokop\"\n\t\t\t\tclass=\"ngg-fancybox\" rel=\"e6b3ec95c3aa1660a4ba438f850f63c7\" data-image-id=\"3413\" data-src=\"https:\/\/www.kgvspallart.at\/wordpress\/wp-content\/gallery\/2016-fruehjahrsimpressionen\/Cyclamen%20coum%2CWinterjasmin%2C%20Feb16%2CDigi%20133%2C200%20%281%29.jpg?t=1489921254\" data-thumbnail=\"https:\/\/www.kgvspallart.at\/wordpress\/wp-content\/gallery\/2016-fruehjahrsimpressionen\/thumbs\/thumbs_Cyclamen%20coum%2CWinterjasmin%2C%20Feb16%2CDigi%20133%2C200%20%281%29.jpg?t=1489921254\" data-title=\"Cyclamen coum\" data-description=\"Cyclamen coum - \u00a9 B. Sokop\"\t\t\t\t>\n\t\t\t\t\t\t\t\t<img title=\"Cyclamen coum\" alt=\"Cyclamen coum\" src=\"\n\t\t\t\t\t\t\t\t\t\thttps:\/\/www.kgvspallart.at\/wordpress\/wp-content\/gallery\/2016-fruehjahrsimpressionen\/thumbs\/thumbs_Cyclamen%20coum%2CWinterjasmin%2C%20Feb16%2CDigi%20133%2C200%20%281%29.jpg?t=1489921254\t\t\t\t\" \n\t\t\t\t\twidth='240' height='160'\t\t\t\t\/>\n\t\t\t\t\t\t\t<\/a>\n\t\t\t<span>\n\t\t\tCyclamen coum - \u00a9 B. Sokop\t\t\t<\/span>\n\t\t<\/div>\n\t<\/div>\n\t\t\t\t\t\t\t\n\t<div id=\"ngg-image-3414\" class=\"ngg-gallery-thumbnail-box\" \n\t\t\t\t\t\t\t\t\tstyle=\"width:25%;\"\t>\n\t\t<div class=\"ngg-gallery-thumbnail\" >\n\t\t\t<a href=\"\n\t\t\thttps:\/\/www.kgvspallart.at\/wordpress\/wp-content\/gallery\/2016-fruehjahrsimpressionen\/Hamamelis%20Feb16%2CDigi%20133%2C%20198-1%20%281%29.jpg?t=1489921254\t\t\t\"\n\t\t\t\ttitle=\"Hamamelis - \u00a9 B. Sokop\"\n\t\t\t\tclass=\"ngg-fancybox\" rel=\"e6b3ec95c3aa1660a4ba438f850f63c7\" data-image-id=\"3414\" data-src=\"https:\/\/www.kgvspallart.at\/wordpress\/wp-content\/gallery\/2016-fruehjahrsimpressionen\/Hamamelis%20Feb16%2CDigi%20133%2C%20198-1%20%281%29.jpg?t=1489921254\" data-thumbnail=\"https:\/\/www.kgvspallart.at\/wordpress\/wp-content\/gallery\/2016-fruehjahrsimpressionen\/thumbs\/thumbs_Hamamelis%20Feb16%2CDigi%20133%2C%20198-1%20%281%29.jpg?t=1489921254\" data-title=\"Hamamelis\" data-description=\"Hamamelis - \u00a9 B. Sokop\"\t\t\t\t>\n\t\t\t\t\t\t\t\t<img title=\"Hamamelis\" alt=\"Hamamelis\" src=\"\n\t\t\t\t\t\t\t\t\t\thttps:\/\/www.kgvspallart.at\/wordpress\/wp-content\/gallery\/2016-fruehjahrsimpressionen\/thumbs\/thumbs_Hamamelis%20Feb16%2CDigi%20133%2C%20198-1%20%281%29.jpg?t=1489921254\t\t\t\t\" \n\t\t\t\t\twidth='240' height='160'\t\t\t\t\/>\n\t\t\t\t\t\t\t<\/a>\n\t\t\t<span>\n\t\t\tHamamelis - \u00a9 B. Sokop\t\t\t<\/span>\n\t\t<\/div>\n\t<\/div>\n\t\t\t\t\t\t\t<br style=\"clear: both\" \/>\n\t\t\t\n\t<div id=\"ngg-image-3433\" class=\"ngg-gallery-thumbnail-box\" \n\t\t\t\t\t\t\t\t\tstyle=\"width:25%;\"\t>\n\t\t<div class=\"ngg-gallery-thumbnail\" >\n\t\t\t<a href=\"\n\t\t\thttps:\/\/www.kgvspallart.at\/wordpress\/wp-content\/gallery\/2016-fruehjahrsimpressionen\/IMG_0899.jpg?t=1489921254\t\t\t\"\n\t\t\t\ttitle=\"Zierlauch mit Bienen\"\n\t\t\t\tclass=\"ngg-fancybox\" rel=\"e6b3ec95c3aa1660a4ba438f850f63c7\" data-image-id=\"3433\" data-src=\"https:\/\/www.kgvspallart.at\/wordpress\/wp-content\/gallery\/2016-fruehjahrsimpressionen\/IMG_0899.jpg?t=1489921254\" data-thumbnail=\"https:\/\/www.kgvspallart.at\/wordpress\/wp-content\/gallery\/2016-fruehjahrsimpressionen\/thumbs\/thumbs_IMG_0899.jpg?t=1489921254\" data-title=\"Zierlauch mit Bienen\" data-description=\"Zierlauch mit Bienen\"\t\t\t\t>\n\t\t\t\t\t\t\t\t<img title=\"Zierlauch mit Bienen\" alt=\"Zierlauch mit Bienen\" src=\"\n\t\t\t\t\t\t\t\t\t\thttps:\/\/www.kgvspallart.at\/wordpress\/wp-content\/gallery\/2016-fruehjahrsimpressionen\/thumbs\/thumbs_IMG_0899.jpg?t=1489921254\t\t\t\t\" \n\t\t\t\t\twidth='240' height='160'\t\t\t\t\/>\n\t\t\t\t\t\t\t<\/a>\n\t\t\t<span>\n\t\t\tZierlauch mit Bienen\t\t\t<\/span>\n\t\t<\/div>\n\t<\/div>\n\t\t\t\t\t\t\t\n\t<div id=\"ngg-image-3434\" class=\"ngg-gallery-thumbnail-box\" \n\t\t\t\t\t\t\t\t\tstyle=\"width:25%;\"\t>\n\t\t<div class=\"ngg-gallery-thumbnail\" >\n\t\t\t<a href=\"\n\t\t\thttps:\/\/www.kgvspallart.at\/wordpress\/wp-content\/gallery\/2016-fruehjahrsimpressionen\/IMG_0900.jpg?t=1489921254\t\t\t\"\n\t\t\t\ttitle=\"Oregano\"\n\t\t\t\tclass=\"ngg-fancybox\" rel=\"e6b3ec95c3aa1660a4ba438f850f63c7\" data-image-id=\"3434\" data-src=\"https:\/\/www.kgvspallart.at\/wordpress\/wp-content\/gallery\/2016-fruehjahrsimpressionen\/IMG_0900.jpg?t=1489921254\" data-thumbnail=\"https:\/\/www.kgvspallart.at\/wordpress\/wp-content\/gallery\/2016-fruehjahrsimpressionen\/thumbs\/thumbs_IMG_0900.jpg?t=1489921254\" data-title=\"Oregano\" data-description=\"Oregano\"\t\t\t\t>\n\t\t\t\t\t\t\t\t<img title=\"Oregano\" alt=\"Oregano\" src=\"\n\t\t\t\t\t\t\t\t\t\thttps:\/\/www.kgvspallart.at\/wordpress\/wp-content\/gallery\/2016-fruehjahrsimpressionen\/thumbs\/thumbs_IMG_0900.jpg?t=1489921254\t\t\t\t\" \n\t\t\t\t\twidth='240' height='160'\t\t\t\t\/>\n\t\t\t\t\t\t\t<\/a>\n\t\t\t<span>\n\t\t\tOregano\t\t\t<\/span>\n\t\t<\/div>\n\t<\/div>\n\t\t\t\t\t\t\t\n\t<div id=\"ngg-image-3435\" class=\"ngg-gallery-thumbnail-box\" \n\t\t\t\t\t\t\t\t\tstyle=\"width:25%;\"\t>\n\t\t<div class=\"ngg-gallery-thumbnail\" >\n\t\t\t<a href=\"\n\t\t\thttps:\/\/www.kgvspallart.at\/wordpress\/wp-content\/gallery\/2016-fruehjahrsimpressionen\/IMG_0908.jpg?t=1489921254\t\t\t\"\n\t\t\t\ttitle=\"M\u00e4dchenauge\"\n\t\t\t\tclass=\"ngg-fancybox\" rel=\"e6b3ec95c3aa1660a4ba438f850f63c7\" data-image-id=\"3435\" data-src=\"https:\/\/www.kgvspallart.at\/wordpress\/wp-content\/gallery\/2016-fruehjahrsimpressionen\/IMG_0908.jpg?t=1489921254\" data-thumbnail=\"https:\/\/www.kgvspallart.at\/wordpress\/wp-content\/gallery\/2016-fruehjahrsimpressionen\/thumbs\/thumbs_IMG_0908.jpg?t=1489921254\" data-title=\"M\u00e4dchenauge\" data-description=\"M\u00e4dchenauge\"\t\t\t\t>\n\t\t\t\t\t\t\t\t<img title=\"M\u00e4dchenauge\" alt=\"M\u00e4dchenauge\" src=\"\n\t\t\t\t\t\t\t\t\t\thttps:\/\/www.kgvspallart.at\/wordpress\/wp-content\/gallery\/2016-fruehjahrsimpressionen\/thumbs\/thumbs_IMG_0908.jpg?t=1489921254\t\t\t\t\" \n\t\t\t\t\twidth='240' height='160'\t\t\t\t\/>\n\t\t\t\t\t\t\t<\/a>\n\t\t\t<span>\n\t\t\tM\u00e4dchenauge\t\t\t<\/span>\n\t\t<\/div>\n\t<\/div>\n\t\t\t\t\t\t\t\n\t<div id=\"ngg-image-3436\" class=\"ngg-gallery-thumbnail-box\" \n\t\t\t\t\t\t\t\t\tstyle=\"width:25%;\"\t>\n\t\t<div class=\"ngg-gallery-thumbnail\" >\n\t\t\t<a href=\"\n\t\t\thttps:\/\/www.kgvspallart.at\/wordpress\/wp-content\/gallery\/2016-fruehjahrsimpressionen\/IMG_0936.jpg?t=1489921254\t\t\t\"\n\t\t\t\ttitle=\"Holzbiene an Salbei\"\n\t\t\t\tclass=\"ngg-fancybox\" rel=\"e6b3ec95c3aa1660a4ba438f850f63c7\" data-image-id=\"3436\" data-src=\"https:\/\/www.kgvspallart.at\/wordpress\/wp-content\/gallery\/2016-fruehjahrsimpressionen\/IMG_0936.jpg?t=1489921254\" data-thumbnail=\"https:\/\/www.kgvspallart.at\/wordpress\/wp-content\/gallery\/2016-fruehjahrsimpressionen\/thumbs\/thumbs_IMG_0936.jpg?t=1489921254\" data-title=\"Holzbiene an Salbei\" data-description=\"Holzbiene an Salbei\"\t\t\t\t>\n\t\t\t\t\t\t\t\t<img title=\"Holzbiene an Salbei\" alt=\"Holzbiene an Salbei\" src=\"\n\t\t\t\t\t\t\t\t\t\thttps:\/\/www.kgvspallart.at\/wordpress\/wp-content\/gallery\/2016-fruehjahrsimpressionen\/thumbs\/thumbs_IMG_0936.jpg?t=1489921254\t\t\t\t\" \n\t\t\t\t\twidth='240' height='160'\t\t\t\t\/>\n\t\t\t\t\t\t\t<\/a>\n\t\t\t<span>\n\t\t\tHolzbiene an Salbei\t\t\t<\/span>\n\t\t<\/div>\n\t<\/div>\n\t\t\t\t\t\t\t<br style=\"clear: both\" \/>\n\t\t\t\n\t<div id=\"ngg-image-3437\" class=\"ngg-gallery-thumbnail-box\" \n\t\t\t\t\t\t\t\t\tstyle=\"width:25%;\"\t>\n\t\t<div class=\"ngg-gallery-thumbnail\" >\n\t\t\t<a href=\"\n\t\t\thttps:\/\/www.kgvspallart.at\/wordpress\/wp-content\/gallery\/2016-fruehjahrsimpressionen\/IMG_1036.jpg?t=1489921254\t\t\t\"\n\t\t\t\ttitle=\"Lilie\"\n\t\t\t\tclass=\"ngg-fancybox\" rel=\"e6b3ec95c3aa1660a4ba438f850f63c7\" data-image-id=\"3437\" data-src=\"https:\/\/www.kgvspallart.at\/wordpress\/wp-content\/gallery\/2016-fruehjahrsimpressionen\/IMG_1036.jpg?t=1489921254\" data-thumbnail=\"https:\/\/www.kgvspallart.at\/wordpress\/wp-content\/gallery\/2016-fruehjahrsimpressionen\/thumbs\/thumbs_IMG_1036.jpg?t=1489921254\" data-title=\"Lilie\" data-description=\"Lilie\"\t\t\t\t>\n\t\t\t\t\t\t\t\t<img title=\"Lilie\" alt=\"Lilie\" src=\"\n\t\t\t\t\t\t\t\t\t\thttps:\/\/www.kgvspallart.at\/wordpress\/wp-content\/gallery\/2016-fruehjahrsimpressionen\/thumbs\/thumbs_IMG_1036.jpg?t=1489921254\t\t\t\t\" \n\t\t\t\t\twidth='240' height='160'\t\t\t\t\/>\n\t\t\t\t\t\t\t<\/a>\n\t\t\t<span>\n\t\t\tLilie\t\t\t<\/span>\n\t\t<\/div>\n\t<\/div>\n\t\t\t\t\t\t\t\n\t<div id=\"ngg-image-3415\" class=\"ngg-gallery-thumbnail-box\" \n\t\t\t\t\t\t\t\t\tstyle=\"width:25%;\"\t>\n\t\t<div class=\"ngg-gallery-thumbnail\" >\n\t\t\t<a href=\"\n\t\t\thttps:\/\/www.kgvspallart.at\/wordpress\/wp-content\/gallery\/2016-fruehjahrsimpressionen\/IMG_1720.jpg?t=1489921254\t\t\t\"\n\t\t\t\ttitle=\"Kirschbl\u00fcte\"\n\t\t\t\tclass=\"ngg-fancybox\" rel=\"e6b3ec95c3aa1660a4ba438f850f63c7\" data-image-id=\"3415\" data-src=\"https:\/\/www.kgvspallart.at\/wordpress\/wp-content\/gallery\/2016-fruehjahrsimpressionen\/IMG_1720.jpg?t=1489921254\" data-thumbnail=\"https:\/\/www.kgvspallart.at\/wordpress\/wp-content\/gallery\/2016-fruehjahrsimpressionen\/thumbs\/thumbs_IMG_1720.jpg?t=1489921254\" data-title=\"Kirschbl\u00fcte\" data-description=\"Kirschbl\u00fcte\"\t\t\t\t>\n\t\t\t\t\t\t\t\t<img title=\"Kirschbl\u00fcte\" alt=\"Kirschbl\u00fcte\" src=\"\n\t\t\t\t\t\t\t\t\t\thttps:\/\/www.kgvspallart.at\/wordpress\/wp-content\/gallery\/2016-fruehjahrsimpressionen\/thumbs\/thumbs_IMG_1720.jpg?t=1489921254\t\t\t\t\" \n\t\t\t\t\twidth='240' height='160'\t\t\t\t\/>\n\t\t\t\t\t\t\t<\/a>\n\t\t\t<span>\n\t\t\tKirschbl\u00fcte\t\t\t<\/span>\n\t\t<\/div>\n\t<\/div>\n\t\t\t\t\t\t\t\n\t<div id=\"ngg-image-3416\" class=\"ngg-gallery-thumbnail-box\" \n\t\t\t\t\t\t\t\t\tstyle=\"width:25%;\"\t>\n\t\t<div class=\"ngg-gallery-thumbnail\" >\n\t\t\t<a href=\"\n\t\t\thttps:\/\/www.kgvspallart.at\/wordpress\/wp-content\/gallery\/2016-fruehjahrsimpressionen\/IMG_1757.jpg?t=1489921254\t\t\t\"\n\t\t\t\ttitle=\"Gelbe Heckenbl\u00fcte\"\n\t\t\t\tclass=\"ngg-fancybox\" rel=\"e6b3ec95c3aa1660a4ba438f850f63c7\" data-image-id=\"3416\" data-src=\"https:\/\/www.kgvspallart.at\/wordpress\/wp-content\/gallery\/2016-fruehjahrsimpressionen\/IMG_1757.jpg?t=1489921254\" data-thumbnail=\"https:\/\/www.kgvspallart.at\/wordpress\/wp-content\/gallery\/2016-fruehjahrsimpressionen\/thumbs\/thumbs_IMG_1757.jpg?t=1489921254\" data-title=\"Gelbe Heckenbl\u00fcte\" data-description=\"Gelbe Heckenbl\u00fcte\"\t\t\t\t>\n\t\t\t\t\t\t\t\t<img title=\"Gelbe Heckenbl\u00fcte\" alt=\"Gelbe Heckenbl\u00fcte\" src=\"\n\t\t\t\t\t\t\t\t\t\thttps:\/\/www.kgvspallart.at\/wordpress\/wp-content\/gallery\/2016-fruehjahrsimpressionen\/thumbs\/thumbs_IMG_1757.jpg?t=1489921254\t\t\t\t\" \n\t\t\t\t\twidth='240' height='160'\t\t\t\t\/>\n\t\t\t\t\t\t\t<\/a>\n\t\t\t<span>\n\t\t\tGelbe Heckenbl\u00fcte\t\t\t<\/span>\n\t\t<\/div>\n\t<\/div>\n\t\t\t\t\t\t\t\n\t<div id=\"ngg-image-3417\" class=\"ngg-gallery-thumbnail-box\" \n\t\t\t\t\t\t\t\t\tstyle=\"width:25%;\"\t>\n\t\t<div class=\"ngg-gallery-thumbnail\" >\n\t\t\t<a href=\"\n\t\t\thttps:\/\/www.kgvspallart.at\/wordpress\/wp-content\/gallery\/2016-fruehjahrsimpressionen\/IMG_1763.jpg?t=1489921254\t\t\t\"\n\t\t\t\ttitle=\"Schneeball\"\n\t\t\t\tclass=\"ngg-fancybox\" rel=\"e6b3ec95c3aa1660a4ba438f850f63c7\" data-image-id=\"3417\" data-src=\"https:\/\/www.kgvspallart.at\/wordpress\/wp-content\/gallery\/2016-fruehjahrsimpressionen\/IMG_1763.jpg?t=1489921254\" data-thumbnail=\"https:\/\/www.kgvspallart.at\/wordpress\/wp-content\/gallery\/2016-fruehjahrsimpressionen\/thumbs\/thumbs_IMG_1763.jpg?t=1489921254\" data-title=\"Schneeball\" data-description=\"Schneeball\"\t\t\t\t>\n\t\t\t\t\t\t\t\t<img title=\"Schneeball\" alt=\"Schneeball\" src=\"\n\t\t\t\t\t\t\t\t\t\thttps:\/\/www.kgvspallart.at\/wordpress\/wp-content\/gallery\/2016-fruehjahrsimpressionen\/thumbs\/thumbs_IMG_1763.jpg?t=1489921254\t\t\t\t\" \n\t\t\t\t\twidth='240' height='160'\t\t\t\t\/>\n\t\t\t\t\t\t\t<\/a>\n\t\t\t<span>\n\t\t\tSchneeball\t\t\t<\/span>\n\t\t<\/div>\n\t<\/div>\n\t\t\t\t\t\t\t<br style=\"clear: both\" \/>\n\t\t\t\n\t<div id=\"ngg-image-3418\" class=\"ngg-gallery-thumbnail-box\" \n\t\t\t\t\t\t\t\t\tstyle=\"width:25%;\"\t>\n\t\t<div class=\"ngg-gallery-thumbnail\" >\n\t\t\t<a href=\"\n\t\t\thttps:\/\/www.kgvspallart.at\/wordpress\/wp-content\/gallery\/2016-fruehjahrsimpressionen\/IMG_1789.jpg?t=1489921254\t\t\t\"\n\t\t\t\ttitle=\"Traubenhyazinthen \/ Muscari\"\n\t\t\t\tclass=\"ngg-fancybox\" rel=\"e6b3ec95c3aa1660a4ba438f850f63c7\" data-image-id=\"3418\" data-src=\"https:\/\/www.kgvspallart.at\/wordpress\/wp-content\/gallery\/2016-fruehjahrsimpressionen\/IMG_1789.jpg?t=1489921254\" data-thumbnail=\"https:\/\/www.kgvspallart.at\/wordpress\/wp-content\/gallery\/2016-fruehjahrsimpressionen\/thumbs\/thumbs_IMG_1789.jpg?t=1489921254\" data-title=\"Traubenhyazinthen \/ Muscari\" data-description=\"Traubenhyazinthen \/ Muscari\"\t\t\t\t>\n\t\t\t\t\t\t\t\t<img title=\"Traubenhyazinthen \/ Muscari\" alt=\"Traubenhyazinthen \/ Muscari\" src=\"\n\t\t\t\t\t\t\t\t\t\thttps:\/\/www.kgvspallart.at\/wordpress\/wp-content\/gallery\/2016-fruehjahrsimpressionen\/thumbs\/thumbs_IMG_1789.jpg?t=1489921254\t\t\t\t\" \n\t\t\t\t\twidth='240' height='160'\t\t\t\t\/>\n\t\t\t\t\t\t\t<\/a>\n\t\t\t<span>\n\t\t\tTraubenhyazinthen \/ Muscari\t\t\t<\/span>\n\t\t<\/div>\n\t<\/div>\n\t\t\t\t\t\t\t\n\t<div id=\"ngg-image-3419\" class=\"ngg-gallery-thumbnail-box\" \n\t\t\t\t\t\t\t\t\tstyle=\"width:25%;\"\t>\n\t\t<div class=\"ngg-gallery-thumbnail\" >\n\t\t\t<a href=\"\n\t\t\thttps:\/\/www.kgvspallart.at\/wordpress\/wp-content\/gallery\/2016-fruehjahrsimpressionen\/IMG_1793.jpg?t=1489921254\t\t\t\"\n\t\t\t\ttitle=\"Schneeball\"\n\t\t\t\tclass=\"ngg-fancybox\" rel=\"e6b3ec95c3aa1660a4ba438f850f63c7\" data-image-id=\"3419\" data-src=\"https:\/\/www.kgvspallart.at\/wordpress\/wp-content\/gallery\/2016-fruehjahrsimpressionen\/IMG_1793.jpg?t=1489921254\" data-thumbnail=\"https:\/\/www.kgvspallart.at\/wordpress\/wp-content\/gallery\/2016-fruehjahrsimpressionen\/thumbs\/thumbs_IMG_1793.jpg?t=1489921254\" data-title=\"Kirschbl\u00fcte\" data-description=\"Schneeball\"\t\t\t\t>\n\t\t\t\t\t\t\t\t<img title=\"Kirschbl\u00fcte\" alt=\"Kirschbl\u00fcte\" src=\"\n\t\t\t\t\t\t\t\t\t\thttps:\/\/www.kgvspallart.at\/wordpress\/wp-content\/gallery\/2016-fruehjahrsimpressionen\/thumbs\/thumbs_IMG_1793.jpg?t=1489921254\t\t\t\t\" \n\t\t\t\t\twidth='240' height='160'\t\t\t\t\/>\n\t\t\t\t\t\t\t<\/a>\n\t\t\t<span>\n\t\t\tSchneeball\t\t\t<\/span>\n\t\t<\/div>\n\t<\/div>\n\t\t\t\t\t\t\t\n\t<div id=\"ngg-image-3420\" class=\"ngg-gallery-thumbnail-box\" \n\t\t\t\t\t\t\t\t\tstyle=\"width:25%;\"\t>\n\t\t<div class=\"ngg-gallery-thumbnail\" >\n\t\t\t<a href=\"\n\t\t\thttps:\/\/www.kgvspallart.at\/wordpress\/wp-content\/gallery\/2016-fruehjahrsimpressionen\/IMG_2095.jpg?t=1489921254\t\t\t\"\n\t\t\t\ttitle=\"Akelei\"\n\t\t\t\tclass=\"ngg-fancybox\" rel=\"e6b3ec95c3aa1660a4ba438f850f63c7\" data-image-id=\"3420\" data-src=\"https:\/\/www.kgvspallart.at\/wordpress\/wp-content\/gallery\/2016-fruehjahrsimpressionen\/IMG_2095.jpg?t=1489921254\" data-thumbnail=\"https:\/\/www.kgvspallart.at\/wordpress\/wp-content\/gallery\/2016-fruehjahrsimpressionen\/thumbs\/thumbs_IMG_2095.jpg?t=1489921254\" data-title=\"Akelei\" data-description=\"Akelei\"\t\t\t\t>\n\t\t\t\t\t\t\t\t<img title=\"Akelei\" alt=\"Akelei\" src=\"\n\t\t\t\t\t\t\t\t\t\thttps:\/\/www.kgvspallart.at\/wordpress\/wp-content\/gallery\/2016-fruehjahrsimpressionen\/thumbs\/thumbs_IMG_2095.jpg?t=1489921254\t\t\t\t\" \n\t\t\t\t\twidth='240' height='160'\t\t\t\t\/>\n\t\t\t\t\t\t\t<\/a>\n\t\t\t<span>\n\t\t\tAkelei\t\t\t<\/span>\n\t\t<\/div>\n\t<\/div>\n\t\t\t\t\t\t\t\n\t<div id=\"ngg-image-3432\" class=\"ngg-gallery-thumbnail-box\" \n\t\t\t\t\t\t\t\t\tstyle=\"width:25%;\"\t>\n\t\t<div class=\"ngg-gallery-thumbnail\" >\n\t\t\t<a href=\"\n\t\t\thttps:\/\/www.kgvspallart.at\/wordpress\/wp-content\/gallery\/2016-fruehjahrsimpressionen\/IMG_2125.jpg?t=1489921254\t\t\t\"\n\t\t\t\ttitle=\"Akelei\"\n\t\t\t\tclass=\"ngg-fancybox\" rel=\"e6b3ec95c3aa1660a4ba438f850f63c7\" data-image-id=\"3432\" data-src=\"https:\/\/www.kgvspallart.at\/wordpress\/wp-content\/gallery\/2016-fruehjahrsimpressionen\/IMG_2125.jpg?t=1489921254\" data-thumbnail=\"https:\/\/www.kgvspallart.at\/wordpress\/wp-content\/gallery\/2016-fruehjahrsimpressionen\/thumbs\/thumbs_IMG_2125.jpg?t=1489921254\" data-title=\"Akelei\" data-description=\"Akelei\"\t\t\t\t>\n\t\t\t\t\t\t\t\t<img title=\"Akelei\" alt=\"Akelei\" src=\"\n\t\t\t\t\t\t\t\t\t\thttps:\/\/www.kgvspallart.at\/wordpress\/wp-content\/gallery\/2016-fruehjahrsimpressionen\/thumbs\/thumbs_IMG_2125.jpg?t=1489921254\t\t\t\t\" \n\t\t\t\t\twidth='240' height='160'\t\t\t\t\/>\n\t\t\t\t\t\t\t<\/a>\n\t\t\t<span>\n\t\t\tAkelei\t\t\t<\/span>\n\t\t<\/div>\n\t<\/div>\n\t\t\t\t\t\t\t<br style=\"clear: both\" \/>\n\t\t\t\n\t<div id=\"ngg-image-3448\" class=\"ngg-gallery-thumbnail-box\" \n\t\t\t\t\t\t\t\t\tstyle=\"width:25%;\"\t>\n\t\t<div class=\"ngg-gallery-thumbnail\" >\n\t\t\t<a href=\"\n\t\t\thttps:\/\/www.kgvspallart.at\/wordpress\/wp-content\/gallery\/2016-fruehjahrsimpressionen\/Samenstand-ClematisDez-16DSCN2628-1.JPG?t=1489921254\t\t\t\"\n\t\t\t\ttitle=\"Samenstand Clematis - \u00a9 B. Sokop\"\n\t\t\t\tclass=\"ngg-fancybox\" rel=\"e6b3ec95c3aa1660a4ba438f850f63c7\" data-image-id=\"3448\" data-src=\"https:\/\/www.kgvspallart.at\/wordpress\/wp-content\/gallery\/2016-fruehjahrsimpressionen\/Samenstand-ClematisDez-16DSCN2628-1.JPG?t=1489921254\" data-thumbnail=\"https:\/\/www.kgvspallart.at\/wordpress\/wp-content\/gallery\/2016-fruehjahrsimpressionen\/thumbs\/thumbs_Samenstand-ClematisDez-16DSCN2628-1.JPG?t=1489921254\" data-title=\"Samenstand Clematis\" data-description=\"Samenstand Clematis - \u00a9 B. Sokop\"\t\t\t\t>\n\t\t\t\t\t\t\t\t<img title=\"Samenstand Clematis\" alt=\"Samenstand Clematis\" src=\"\n\t\t\t\t\t\t\t\t\t\thttps:\/\/www.kgvspallart.at\/wordpress\/wp-content\/gallery\/2016-fruehjahrsimpressionen\/thumbs\/thumbs_Samenstand-ClematisDez-16DSCN2628-1.JPG?t=1489921254\t\t\t\t\" \n\t\t\t\t\twidth='240' height='160'\t\t\t\t\/>\n\t\t\t\t\t\t\t<\/a>\n\t\t\t<span>\n\t\t\tSamenstand Clematis - \u00a9 B. Sokop\t\t\t<\/span>\n\t\t<\/div>\n\t<\/div>\n\t\t\t\t\t\t\t\n\t<div id=\"ngg-image-3421\" class=\"ngg-gallery-thumbnail-box\" \n\t\t\t\t\t\t\t\t\tstyle=\"width:25%;\"\t>\n\t\t<div class=\"ngg-gallery-thumbnail\" >\n\t\t\t<a href=\"\n\t\t\thttps:\/\/www.kgvspallart.at\/wordpress\/wp-content\/gallery\/2016-fruehjahrsimpressionen\/Schneerosen%2C%20Digi%2037.%20031.jpg?t=1489921254\t\t\t\"\n\t\t\t\ttitle=\"Schneerosen - \u00a9 B. Sokop\"\n\t\t\t\tclass=\"ngg-fancybox\" rel=\"e6b3ec95c3aa1660a4ba438f850f63c7\" data-image-id=\"3421\" data-src=\"https:\/\/www.kgvspallart.at\/wordpress\/wp-content\/gallery\/2016-fruehjahrsimpressionen\/Schneerosen%2C%20Digi%2037.%20031.jpg?t=1489921254\" data-thumbnail=\"https:\/\/www.kgvspallart.at\/wordpress\/wp-content\/gallery\/2016-fruehjahrsimpressionen\/thumbs\/thumbs_Schneerosen%2C%20Digi%2037.%20031.jpg?t=1489921254\" data-title=\"Schneerosen\" data-description=\"Schneerosen - \u00a9 B. Sokop\"\t\t\t\t>\n\t\t\t\t\t\t\t\t<img title=\"Schneerosen\" alt=\"Schneerosen\" src=\"\n\t\t\t\t\t\t\t\t\t\thttps:\/\/www.kgvspallart.at\/wordpress\/wp-content\/gallery\/2016-fruehjahrsimpressionen\/thumbs\/thumbs_Schneerosen%2C%20Digi%2037.%20031.jpg?t=1489921254\t\t\t\t\" \n\t\t\t\t\twidth='240' height='160'\t\t\t\t\/>\n\t\t\t\t\t\t\t<\/a>\n\t\t\t<span>\n\t\t\tSchneerosen - \u00a9 B. Sokop\t\t\t<\/span>\n\t\t<\/div>\n\t<\/div>\n\t\t\t\t\t\t\t\n\t<div id=\"ngg-image-3422\" class=\"ngg-gallery-thumbnail-box\" \n\t\t\t\t\t\t\t\t\tstyle=\"width:25%;\"\t>\n\t\t<div class=\"ngg-gallery-thumbnail\" >\n\t\t\t<a href=\"\n\t\t\thttps:\/\/www.kgvspallart.at\/wordpress\/wp-content\/gallery\/2016-fruehjahrsimpressionen\/Viburnum%20praecox%2C13.12.07%2C%20007-1.jpg?t=1489921254\t\t\t\"\n\t\t\t\ttitle=\"- \u00a9 B. Sokop\"\n\t\t\t\tclass=\"ngg-fancybox\" rel=\"e6b3ec95c3aa1660a4ba438f850f63c7\" data-image-id=\"3422\" data-src=\"https:\/\/www.kgvspallart.at\/wordpress\/wp-content\/gallery\/2016-fruehjahrsimpressionen\/Viburnum%20praecox%2C13.12.07%2C%20007-1.jpg?t=1489921254\" data-thumbnail=\"https:\/\/www.kgvspallart.at\/wordpress\/wp-content\/gallery\/2016-fruehjahrsimpressionen\/thumbs\/thumbs_Viburnum%20praecox%2C13.12.07%2C%20007-1.jpg?t=1489921254\" data-title=\"My beautiful picture\" data-description=\"- \u00a9 B. Sokop\"\t\t\t\t>\n\t\t\t\t\t\t\t\t<img title=\"My beautiful picture\" alt=\"My beautiful picture\" src=\"\n\t\t\t\t\t\t\t\t\t\thttps:\/\/www.kgvspallart.at\/wordpress\/wp-content\/gallery\/2016-fruehjahrsimpressionen\/thumbs\/thumbs_Viburnum%20praecox%2C13.12.07%2C%20007-1.jpg?t=1489921254\t\t\t\t\" \n\t\t\t\t\twidth='240' height='160'\t\t\t\t\/>\n\t\t\t\t\t\t\t<\/a>\n\t\t\t<span>\n\t\t\t- \u00a9 B. Sokop\t\t\t<\/span>\n\t\t<\/div>\n\t<\/div>\n\t\t\t\t\t\t\t\n\t<div id=\"ngg-image-3423\" class=\"ngg-gallery-thumbnail-box\" \n\t\t\t\t\t\t\t\t\tstyle=\"width:25%;\"\t>\n\t\t<div class=\"ngg-gallery-thumbnail\" >\n\t\t\t<a href=\"\n\t\t\thttps:\/\/www.kgvspallart.at\/wordpress\/wp-content\/gallery\/2016-fruehjahrsimpressionen\/Winterjasmin%2COkt13%2CDigi114%20214%20%281%29.jpg?t=1489921254\t\t\t\"\n\t\t\t\ttitle=\"Winterjasmin - \u00a9 B. Sokop\"\n\t\t\t\tclass=\"ngg-fancybox\" rel=\"e6b3ec95c3aa1660a4ba438f850f63c7\" data-image-id=\"3423\" data-src=\"https:\/\/www.kgvspallart.at\/wordpress\/wp-content\/gallery\/2016-fruehjahrsimpressionen\/Winterjasmin%2COkt13%2CDigi114%20214%20%281%29.jpg?t=1489921254\" data-thumbnail=\"https:\/\/www.kgvspallart.at\/wordpress\/wp-content\/gallery\/2016-fruehjahrsimpressionen\/thumbs\/thumbs_Winterjasmin%2COkt13%2CDigi114%20214%20%281%29.jpg?t=1489921254\" data-title=\"Winterjasmin\" data-description=\"Winterjasmin - \u00a9 B. Sokop\"\t\t\t\t>\n\t\t\t\t\t\t\t\t<img title=\"Winterjasmin\" alt=\"Winterjasmin\" src=\"\n\t\t\t\t\t\t\t\t\t\thttps:\/\/www.kgvspallart.at\/wordpress\/wp-content\/gallery\/2016-fruehjahrsimpressionen\/thumbs\/thumbs_Winterjasmin%2COkt13%2CDigi114%20214%20%281%29.jpg?t=1489921254\t\t\t\t\" \n\t\t\t\t\twidth='240' height='160'\t\t\t\t\/>\n\t\t\t\t\t\t\t<\/a>\n\t\t\t<span>\n\t\t\tWinterjasmin - \u00a9 B. Sokop\t\t\t<\/span>\n\t\t<\/div>\n\t<\/div>\n\t\t\t\t\t\t\t<br style=\"clear: both\" \/>\n\t\t\t\n\t<div id=\"ngg-image-3424\" class=\"ngg-gallery-thumbnail-box\" \n\t\t\t\t\t\t\t\t\tstyle=\"width:25%;\"\t>\n\t\t<div class=\"ngg-gallery-thumbnail\" >\n\t\t\t<a href=\"\n\t\t\thttps:\/\/www.kgvspallart.at\/wordpress\/wp-content\/gallery\/2016-fruehjahrsimpressionen\/Winterlinge%2CDigi%2057%2C%20013%20%281%29.jpg?t=1489921254\t\t\t\"\n\t\t\t\ttitle=\"Winterlinge - \u00a9 B. Sokop\"\n\t\t\t\tclass=\"ngg-fancybox\" rel=\"e6b3ec95c3aa1660a4ba438f850f63c7\" data-image-id=\"3424\" data-src=\"https:\/\/www.kgvspallart.at\/wordpress\/wp-content\/gallery\/2016-fruehjahrsimpressionen\/Winterlinge%2CDigi%2057%2C%20013%20%281%29.jpg?t=1489921254\" data-thumbnail=\"https:\/\/www.kgvspallart.at\/wordpress\/wp-content\/gallery\/2016-fruehjahrsimpressionen\/thumbs\/thumbs_Winterlinge%2CDigi%2057%2C%20013%20%281%29.jpg?t=1489921254\" data-title=\"Winterlinge,Digi 57, 013 (1)\" data-description=\"Winterlinge - \u00a9 B. Sokop\"\t\t\t\t>\n\t\t\t\t\t\t\t\t<img title=\"Winterlinge,Digi 57, 013 (1)\" alt=\"Winterlinge,Digi 57, 013 (1)\" src=\"\n\t\t\t\t\t\t\t\t\t\thttps:\/\/www.kgvspallart.at\/wordpress\/wp-content\/gallery\/2016-fruehjahrsimpressionen\/thumbs\/thumbs_Winterlinge%2CDigi%2057%2C%20013%20%281%29.jpg?t=1489921254\t\t\t\t\" \n\t\t\t\t\twidth='240' height='160'\t\t\t\t\/>\n\t\t\t\t\t\t\t<\/a>\n\t\t\t<span>\n\t\t\tWinterlinge - \u00a9 B. Sokop\t\t\t<\/span>\n\t\t<\/div>\n\t<\/div>\n\t\t\t\t\t\t\t\n\t<div id=\"ngg-image-3425\" class=\"ngg-gallery-thumbnail-box\" \n\t\t\t\t\t\t\t\t\tstyle=\"width:25%;\"\t>\n\t\t<div class=\"ngg-gallery-thumbnail\" >\n\t\t\t<a href=\"\n\t\t\thttps:\/\/www.kgvspallart.at\/wordpress\/wp-content\/gallery\/2016-fruehjahrsimpressionen\/Wisteria%2C%2CAp07%2COlympusev.41%2C039.jpg?t=1489921254\t\t\t\"\n\t\t\t\ttitle=\"Wisteria - \u00a9 B. Sokop\"\n\t\t\t\tclass=\"ngg-fancybox\" rel=\"e6b3ec95c3aa1660a4ba438f850f63c7\" data-image-id=\"3425\" data-src=\"https:\/\/www.kgvspallart.at\/wordpress\/wp-content\/gallery\/2016-fruehjahrsimpressionen\/Wisteria%2C%2CAp07%2COlympusev.41%2C039.jpg?t=1489921254\" data-thumbnail=\"https:\/\/www.kgvspallart.at\/wordpress\/wp-content\/gallery\/2016-fruehjahrsimpressionen\/thumbs\/thumbs_Wisteria%2C%2CAp07%2COlympusev.41%2C039.jpg?t=1489921254\" data-title=\"Wisteria\" data-description=\"Wisteria - \u00a9 B. Sokop\"\t\t\t\t>\n\t\t\t\t\t\t\t\t<img title=\"Wisteria\" alt=\"Wisteria\" src=\"\n\t\t\t\t\t\t\t\t\t\thttps:\/\/www.kgvspallart.at\/wordpress\/wp-content\/gallery\/2016-fruehjahrsimpressionen\/thumbs\/thumbs_Wisteria%2C%2CAp07%2COlympusev.41%2C039.jpg?t=1489921254\t\t\t\t\" \n\t\t\t\t\twidth='240' height='160'\t\t\t\t\/>\n\t\t\t\t\t\t\t<\/a>\n\t\t\t<span>\n\t\t\tWisteria - \u00a9 B. Sokop\t\t\t<\/span>\n\t\t<\/div>\n\t<\/div>\n\t\t\t\t\t\t\t\t<!-- Pagination -->\n\t\t<div class='ngg-clear'><\/div>\n<\/div>\n\n\t<\/p>\n","protected":false},"excerpt":{"rendered":"<p>Austrieb Maholie &#8211; \u00a9 B. Sokop Beinwell &#8211; \u00a9 B. Sokop Cyclamen coum &#8211; \u00a9 B. Sokop Hamamelis &#8211; \u00a9 B. Sokop Zierlauch mit Bienen Oregano M\u00e4dchenauge Holzbiene an Salbei Lilie Kirschbl\u00fcte Gelbe Heckenbl\u00fcte Schneeball Traubenhyazinthen \/ Muscari Schneeball Akelei Akelei Samenstand Clematis &#8211; \u00a9 B. Sokop Schneerosen &#8211; \u00a9 B. Sokop &#8211; \u00a9 B. Sokop Winterjasmin &#8211; \u00a9 B. Sokop Winterlinge &#8211; \u00a9 B. Sokop Wisteria &#8211; \u00a9 B. Sokop<\/p>\n<p> <a class=\"continue-reading-link\" href=\"https:\/\/www.kgvspallart.at\/?p=5077\"><span>Mehr lesen<\/span><i class=\"crycon-right-dir\"><\/i><\/a> <\/p>\n","protected":false},"author":1,"featured_media":0,"comment_status":"closed","ping_status":"open","sticky":false,"template":"","format":"standard","meta":{"ngg_post_thumbnail":0,"footnotes":""},"categories":[20],"tags":[],"class_list":["post-5077","post","type-post","status-publish","format-standard","hentry","category-impressionen"],"_links":{"self":[{"href":"https:\/\/www.kgvspallart.at\/index.php?rest_route=\/wp\/v2\/posts\/5077","targetHints":{"allow":["GET"]}}],"collection":[{"href":"https:\/\/www.kgvspallart.at\/index.php?rest_route=\/wp\/v2\/posts"}],"about":[{"href":"https:\/\/www.kgvspallart.at\/index.php?rest_route=\/wp\/v2\/types\/post"}],"author":[{"embeddable":true,"href":"https:\/\/www.kgvspallart.at\/index.php?rest_route=\/wp\/v2\/users\/1"}],"replies":[{"embeddable":true,"href":"https:\/\/www.kgvspallart.at\/index.php?rest_route=%2Fwp%2Fv2%2Fcomments&post=5077"}],"version-history":[{"count":3,"href":"https:\/\/www.kgvspallart.at\/index.php?rest_route=\/wp\/v2\/posts\/5077\/revisions"}],"predecessor-version":[{"id":5137,"href":"https:\/\/www.kgvspallart.at\/index.php?rest_route=\/wp\/v2\/posts\/5077\/revisions\/5137"}],"wp:attachment":[{"href":"https:\/\/www.kgvspallart.at\/index.php?rest_route=%2Fwp%2Fv2%2Fmedia&parent=5077"}],"wp:term":[{"taxonomy":"category","embeddable":true,"href":"https:\/\/www.kgvspallart.at\/index.php?rest_route=%2Fwp%2Fv2%2Fcategories&post=5077"},{"taxonomy":"post_tag","embeddable":true,"href":"https:\/\/www.kgvspallart.at\/index.php?rest_route=%2Fwp%2Fv2%2Ftags&post=5077"}],"curies":[{"name":"wp","href":"https:\/\/api.w.org\/{rel}","templated":true}]}}