{"id":5141,"date":"2016-09-12T21:14:15","date_gmt":"2016-09-12T19:14:15","guid":{"rendered":"http:\/\/www.kgvspallart.at\/?p=5141"},"modified":"2016-10-16T13:15:02","modified_gmt":"2016-10-16T11:15:02","slug":"bericht-des-fachberaters-vom-8-september-2016","status":"publish","type":"post","link":"https:\/\/www.kgvspallart.at\/?p=5141","title":{"rendered":"Bericht des Fachberaters vom 8. September 2016"},"content":{"rendered":"<div class=\"page\" title=\"Page 1\">\n<div class=\"layoutArea\">\n<div class=\"column\">\n<p>Der Sommer geht unmerklich seinem Ende zu. Und trotzdem, als geborene Optimisten &#8211; Kleing\u00e4rtner k\u00f6nnen nur solche sein &#8211; erwarten wir einen angenehmen Herbst.<\/p>\n<p>Die Pflanzen und Gew\u00e4chse in unseren Anlagen waren durch g\u00fcnstiges Wetter um etliche Wochen fr\u00fcher dran. Das Gras wuchs, und kaum geschnitten, wars in gleicher H\u00f6he schon wieder da. Fr\u00fcchte reiften in unglaublichen Mengen, vor allem Kirschen und Marillen brachten mancherorts Rekordergebnisse. So war es kein Wunder, da\u00df uns die Gartenarbeit bis in die K\u00fcche zum Einkochen und sonstigem Haltbarmachen der Gartenfr\u00fcchte verfolgte. Mit einem Wort, ein recht arbeitsreicher Sommer.<\/p>\n<p>Doch nun zu dem, was uns der kommende Herbst allj\u00e4hrlich beschert. N\u00e4mlich eine ganze Menge von Aufgaben und Arbeiten. \u00c4pfel und Birnen sollen recht vorsichtig ab- genommen werden, um Druckstellen, vor allem bei Lagerobst, zu vermeiden. Besch\u00e4digte oder von Monilia befallene Fr\u00fcchte m\u00fcssen raschest entfernt werden. Man verhindert dadurch das \u00dcbergreifen von F\u00e4ulnis auf benachbarte, gesunde Fr\u00fcchte.<\/p>\n<p>Moniliafr\u00fcchte nicht auf den Kompost, sondern mit dem Restm\u00fcll entsorgen!<\/p>\n<p>An den St\u00e4mmen und St\u00fctzpf\u00e4hlen der B\u00e4ume neue Leimringe anbringen. Der Frostspanner, der uns immer wieder Kummer bereitet, kommt sicherlich auch heuer wieder.<\/p>\n<p>Die Pflanzzeit f\u00fcr Obstgeh\u00f6lze beginnt mit Ende September Anfang Oktober und endet bei Frosteinbruch. Wie bereits schon fr\u00fcher erw\u00e4hnt, sollten Obstgeh\u00f6lze nur von wirklich rennomierten Baumschulen bezogen werden. Dort erh\u00e4lt man auch die Fachberatung, welcher Baum f\u00fcr welchen Standort, f\u00fcr welchen Boden, geeignet ist.<\/p>\n<p>Auch f\u00fcr Nadelgeh\u00f6lze ist nun die g\u00fcnstigste Pflanzzeit. Die Jungpflanzen sollen genug neue Wurzeln bilden, welche dann im Winter ebenfalls Feuchtigkeit aufnehmen k\u00f6nnen.<\/p>\n<p>Unser Rasen ist regelm\u00e4\u00dfig geschnitten, ged\u00fcngt und gew\u00e4ssert worden. Der Monat September ist bestens f\u00fcr Neuanlagen oder Nachsaaten f\u00fcr Rasen geeignet. Ab Ende August sollten keine Stickstoffgaben mehr gegeben werden, da der Rasen ansonsten mit seinem Wachstum in den Winter getrieben wird. Volld\u00fcngung jedoch m\u00f6glich.<\/p>\n<p>Zwiebel- und Knollenpflanzen k\u00f6nnen im September gesetzt werden. Mit Steckh\u00f6lzern kann man jetzt g\u00fcnstig Bl\u00fctenstr\u00e4ucher vermehren (z. B. Deutzie, Forsitie, Spirea und viele andere). Hiebei werden 25 cm lange bleistiftstarke einj\u00e4hrige Triebe geschnitten (mit ca. 3-4 Knospen) und so in die Erde gesteckt, da\u00df nur eine Blattknospe herausragt.<\/p>\n<p>Stauden k\u00f6nnen jetzt geteilt werden. Ziergr\u00e4ser haben ihre Rispen zum Teil schon gebildet. Diese Gr\u00e4ser sollten jedoch nicht abgeschnitten werden, da Wasser durch die abgeschnittenen Halme in den Wurzelballen gelangt und bei eventuellen Fr\u00f6sten dieser zerst\u00f6rt wird. Also erst im Fr\u00fchjahr zur\u00fcckschneiden.<\/p>\n<p>Bis zu unseren gro\u00dfen Herbstarbeiten im Garten, wie Baumschnitt usw., verbleibt uns noch etwas Zeit. Diese sollten wir n\u00fctzen, an den kommenden sch\u00f6nen Herbsttagen nicht nur unseren Garten, sondern auch die Natur um uns herum zu genie\u00dfen. Ob das nun eine Wanderung, ein Ausflug in unsere Bergwelt &#8211; oder an lauen Herbstabenden ein gem\u00fctlicher Heurigenbesuch ist &#8211; jedefalls &#8211; auch dabei viel Spa\u00df!<\/p>\n<p>wg<\/p>\n<\/div>\n<\/div>\n<\/div>\n","protected":false},"excerpt":{"rendered":"<p>Der Sommer geht unmerklich seinem Ende zu. Und trotzdem, als geborene Optimisten &#8211; Kleing\u00e4rtner k\u00f6nnen nur solche sein &#8211; erwarten wir einen angenehmen Herbst. Die Pflanzen und Gew\u00e4chse in unseren Anlagen waren durch g\u00fcnstiges Wetter um etliche Wochen fr\u00fcher dran. Das Gras wuchs, und kaum geschnitten, wars in gleicher H\u00f6he schon wieder da. Fr\u00fcchte reiften in unglaublichen Mengen, vor allem Kirschen und Marillen brachten mancherorts Rekordergebnisse. So war es kein Wunder, da\u00df uns die Gartenarbeit bis in die K\u00fcche zum Einkochen und sonstigem Haltbarmachen der Gartenfr\u00fcchte verfolgte. Mit einem Wort, ein recht arbeitsreicher Sommer. Doch nun zu dem, was uns der kommende Herbst allj\u00e4hrlich beschert. N\u00e4mlich eine ganze Menge von Aufgaben und Arbeiten. \u00c4pfel und Birnen sollen recht vorsichtig ab- genommen werden, um Druckstellen, vor allem bei Lagerobst, zu vermeiden. Besch\u00e4digte oder von Monilia befallene Fr\u00fcchte m\u00fcssen raschest entfernt werden. Man verhindert dadurch das \u00dcbergreifen von F\u00e4ulnis auf benachbarte, gesunde&#8230;<\/p>\n<p> <a class=\"continue-reading-link\" href=\"https:\/\/www.kgvspallart.at\/?p=5141\"><span>Mehr lesen<\/span><i class=\"crycon-right-dir\"><\/i><\/a> <\/p>\n","protected":false},"author":1,"featured_media":0,"comment_status":"closed","ping_status":"open","sticky":false,"template":"","format":"standard","meta":{"ngg_post_thumbnail":0,"footnotes":""},"categories":[5],"tags":[],"class_list":["post-5141","post","type-post","status-publish","format-standard","hentry","category-fachberatung"],"_links":{"self":[{"href":"https:\/\/www.kgvspallart.at\/index.php?rest_route=\/wp\/v2\/posts\/5141","targetHints":{"allow":["GET"]}}],"collection":[{"href":"https:\/\/www.kgvspallart.at\/index.php?rest_route=\/wp\/v2\/posts"}],"about":[{"href":"https:\/\/www.kgvspallart.at\/index.php?rest_route=\/wp\/v2\/types\/post"}],"author":[{"embeddable":true,"href":"https:\/\/www.kgvspallart.at\/index.php?rest_route=\/wp\/v2\/users\/1"}],"replies":[{"embeddable":true,"href":"https:\/\/www.kgvspallart.at\/index.php?rest_route=%2Fwp%2Fv2%2Fcomments&post=5141"}],"version-history":[{"count":1,"href":"https:\/\/www.kgvspallart.at\/index.php?rest_route=\/wp\/v2\/posts\/5141\/revisions"}],"predecessor-version":[{"id":5142,"href":"https:\/\/www.kgvspallart.at\/index.php?rest_route=\/wp\/v2\/posts\/5141\/revisions\/5142"}],"wp:attachment":[{"href":"https:\/\/www.kgvspallart.at\/index.php?rest_route=%2Fwp%2Fv2%2Fmedia&parent=5141"}],"wp:term":[{"taxonomy":"category","embeddable":true,"href":"https:\/\/www.kgvspallart.at\/index.php?rest_route=%2Fwp%2Fv2%2Fcategories&post=5141"},{"taxonomy":"post_tag","embeddable":true,"href":"https:\/\/www.kgvspallart.at\/index.php?rest_route=%2Fwp%2Fv2%2Ftags&post=5141"}],"curies":[{"name":"wp","href":"https:\/\/api.w.org\/{rel}","templated":true}]}}