{"id":5194,"date":"2017-03-12T23:08:49","date_gmt":"2017-03-12T22:08:49","guid":{"rendered":"http:\/\/www.kgvspallart.at\/?p=5194"},"modified":"2017-05-04T21:20:51","modified_gmt":"2017-05-04T19:20:51","slug":"bericht-des-fachberaters-vom-9-maerz-2017","status":"publish","type":"post","link":"https:\/\/www.kgvspallart.at\/?p=5194","title":{"rendered":"Bericht des Fachberaters vom 9. M\u00e4rz 2017"},"content":{"rendered":"<div class=\"page\" title=\"Page 1\">\n<div class=\"layoutArea\">\n<div class=\"column\">\n<p>Die k\u00e4ltesten Tage habe wir voraussichtlich \u00fcberstanden. Daf\u00fcr beschert uns diesmal das Wetter die heftigsten Winde.<\/p>\n<p>Die ersten Fr\u00fchlingsboten haben sich angek\u00fcndigt. Schneegl\u00f6ckchen, Primeln und Winterlinge setzen die ersten bunten Tupfen in die noch ruhende Natur.<\/p>\n<p>V\u00f6gel, unsere braven Helfer, die wir hoffentlich alle gut durch den Winter gef\u00fcttert haben, werden nun schon etwas munterer. In der warmen Mittagssonne lassen sie uns, anfangs noch eher zaghaft, an ihrem fr\u00fchlingshaften Gezwitscher teilhaben.<\/p>\n<p>Und wieder einmal beginnt f\u00fcr uns die Gartenarbeit. Noch nicht sehr viel, aber schon wichtig.<\/p>\n<p>Unser Rasen soll von altem Laub und anderen abgestorbenen Dingen befreit werden. Eine erste D\u00fcngergabe kann nun ausgebracht werden. Dabei ist darauf zu achten, da\u00df das Streugut gleichm\u00e4\u00dfig verteilt wird, da ansonsten mit unregelm\u00e4\u00dfigem Austrieb zu rechnen ist.<\/p>\n<p>Der Baumschnitt kann nun beim Kernobst fortgesetzt werden. Eine Austriebsspritzung gegen \u00fcberwinternde Sch\u00e4dlinge wird in den n\u00e4chsten Tagen durchgef\u00fchrt. Diese Spritzung ist bei der Magistratsabteilung angemeldet und wird durch eine daf\u00fcr berechtigte Firma durchgef\u00fchrt. Dies geschieht anlagenweit, da nur so eine optimale Wirkung m\u00f6glich ist.<\/p>\n<p>Nochmals erw\u00e4hnt werden soll die rigorose Entfernung der vom Vorjahr h\u00e4ngen gebliebenen \u201eFruchtmumien\u201c. Wobei diese Mumien keinesfalls am Komposthaufen landen sollen, sondern mit dem Restm\u00fcll entsorgt werden. Nur so k\u00f6nnen die Sporen dieser Mumien wirklich restlos beseitigt werden und keinen Schaden mehr anrichten.<\/p>\n<p>Neupflanzungen von Obstb\u00e4umen k\u00f6nnen an frostfreien Tagen vorgenommen werden.<\/p>\n<p>Rosen sollen nun grob gek\u00fcrzt werden. Abh\u00e4ufeln und der endg\u00fcltiger R\u00fcckschnitt erfolgt erst sp\u00e4ter, wenn der Blattaustrieb ersichtlich ist.<\/p>\n<p>Auch an unsere Koniferen ist wieder zu denken. Ihnen schadet weniger der Frost, aber die winterliche Trockenheit. Und dieser Winter war wahrlich recht niederschlagsarm. Trockensch\u00e4den zeigen sich erst recht sp\u00e4t im Jahr und meist ist dann die \u00dcberraschung recht gro\u00df.<\/p>\n<p>Bei feuchter Witterung ist die Gefahr des Befalls von Kirschen, Weichseln und vor allem Ma- rillen durch die Sporen der Monilia besonders gro\u00df. Sobald die ersten Bl\u00fctenspitzen sichtbar werden, ist diese Pilzkrankheit zu bek\u00e4mpfen (z. B. Baycor). Dabei w\u00e4re eine Spritzung in die Vor-, Haupt- und Nachbl\u00fcte am Wirksamsten, da ja nicht alle Bl\u00fcten zur gleichen Zeit ge\u00f6ff-net sind. All diese Spritzungen sollten in tropfnasser Benetzung erfolgen. Nur so wird eine optimale Wirkung zu erzielen sein.<\/p>\n<p>Fr\u00fchbeete k\u00f6nnen nun angelegt werden und eventuelle Aussaaten sind je nach Witterung m\u00f6glich. Unsere K\u00fcbelpflanzen k\u00f6nnen wir an warmen Tagen langsam ans Freie gew\u00f6hnen. Ebenfalls wird jetzt allm\u00e4hlich auch kr\u00e4ftiger gegossen.<\/p>\n<p>Futterk\u00e4sten f\u00fcr V\u00f6gel sind zu entfernen. Falls nicht bereits geschehen: Nistk\u00e4sten s\u00e4ubern und f\u00fcr unsere flei\u00dfigen Gartenhelfer aufh\u00e4ngen. (Katzensicher!!!)<\/p>\n<\/div>\n<\/div>\n<div class=\"layoutArea\">\n<div class=\"column\">\n<p>Voll Elan wollen wir die vor uns liegenden Arbeiten frohen Muts bew\u00e4ltigen.<\/p>\n<p>wg<\/p>\n<\/div>\n<\/div>\n<\/div>\n","protected":false},"excerpt":{"rendered":"<p>Die k\u00e4ltesten Tage habe wir voraussichtlich \u00fcberstanden. Daf\u00fcr beschert uns diesmal das Wetter die heftigsten Winde. Die ersten Fr\u00fchlingsboten haben sich angek\u00fcndigt. Schneegl\u00f6ckchen, Primeln und Winterlinge setzen die ersten bunten Tupfen in die noch ruhende Natur. V\u00f6gel, unsere braven Helfer, die wir hoffentlich alle gut durch den Winter gef\u00fcttert haben, werden nun schon etwas munterer. In der warmen Mittagssonne lassen sie uns, anfangs noch eher zaghaft, an ihrem fr\u00fchlingshaften Gezwitscher teilhaben. Und wieder einmal beginnt f\u00fcr uns die Gartenarbeit. Noch nicht sehr viel, aber schon wichtig. Unser Rasen soll von altem Laub und anderen abgestorbenen Dingen befreit werden. Eine erste D\u00fcngergabe kann nun ausgebracht werden. Dabei ist darauf zu achten, da\u00df das Streugut gleichm\u00e4\u00dfig verteilt wird, da ansonsten mit unregelm\u00e4\u00dfigem Austrieb zu rechnen ist. Der Baumschnitt kann nun beim Kernobst fortgesetzt werden. Eine Austriebsspritzung gegen \u00fcberwinternde Sch\u00e4dlinge wird in den n\u00e4chsten Tagen durchgef\u00fchrt. Diese Spritzung ist bei der Magistratsabteilung angemeldet&#8230;<\/p>\n<p> <a class=\"continue-reading-link\" href=\"https:\/\/www.kgvspallart.at\/?p=5194\"><span>Mehr lesen<\/span><i class=\"crycon-right-dir\"><\/i><\/a> <\/p>\n","protected":false},"author":1,"featured_media":0,"comment_status":"closed","ping_status":"open","sticky":false,"template":"","format":"standard","meta":{"ngg_post_thumbnail":0,"footnotes":""},"categories":[5],"tags":[],"class_list":["post-5194","post","type-post","status-publish","format-standard","hentry","category-fachberatung"],"_links":{"self":[{"href":"https:\/\/www.kgvspallart.at\/index.php?rest_route=\/wp\/v2\/posts\/5194","targetHints":{"allow":["GET"]}}],"collection":[{"href":"https:\/\/www.kgvspallart.at\/index.php?rest_route=\/wp\/v2\/posts"}],"about":[{"href":"https:\/\/www.kgvspallart.at\/index.php?rest_route=\/wp\/v2\/types\/post"}],"author":[{"embeddable":true,"href":"https:\/\/www.kgvspallart.at\/index.php?rest_route=\/wp\/v2\/users\/1"}],"replies":[{"embeddable":true,"href":"https:\/\/www.kgvspallart.at\/index.php?rest_route=%2Fwp%2Fv2%2Fcomments&post=5194"}],"version-history":[{"count":1,"href":"https:\/\/www.kgvspallart.at\/index.php?rest_route=\/wp\/v2\/posts\/5194\/revisions"}],"predecessor-version":[{"id":5195,"href":"https:\/\/www.kgvspallart.at\/index.php?rest_route=\/wp\/v2\/posts\/5194\/revisions\/5195"}],"wp:attachment":[{"href":"https:\/\/www.kgvspallart.at\/index.php?rest_route=%2Fwp%2Fv2%2Fmedia&parent=5194"}],"wp:term":[{"taxonomy":"category","embeddable":true,"href":"https:\/\/www.kgvspallart.at\/index.php?rest_route=%2Fwp%2Fv2%2Fcategories&post=5194"},{"taxonomy":"post_tag","embeddable":true,"href":"https:\/\/www.kgvspallart.at\/index.php?rest_route=%2Fwp%2Fv2%2Ftags&post=5194"}],"curies":[{"name":"wp","href":"https:\/\/api.w.org\/{rel}","templated":true}]}}