{"id":5231,"date":"2017-05-04T21:20:36","date_gmt":"2017-05-04T19:20:36","guid":{"rendered":"http:\/\/www.kgvspallart.at\/?p=5231"},"modified":"2017-05-24T22:00:06","modified_gmt":"2017-05-24T20:00:06","slug":"bericht-des-fachberaters-vom-13-april-2017","status":"publish","type":"post","link":"https:\/\/www.kgvspallart.at\/?p=5231","title":{"rendered":"Bericht des Fachberaters vom 13. April 2017"},"content":{"rendered":"<div class=\"page\" title=\"Page 1\">\n<div class=\"layoutArea\">\n<div class=\"column\">\n<p>Der Fr\u00fchling rast fast durch unsere G\u00e4rten. Die zuerst zaghaft hervorlugenden Bl\u00fctenk\u00f6pfchen&nbsp;von Winterling, Schneegl\u00f6ckchen, Primeln, Veilchen und Krokus haben sich nach Vollbl\u00fcte bereits gro\u00dfteils verabschiedet. Verabschiedet um Platz zu machen f\u00fcr Tulpen und Narzissen, die gerade dabei sind, ihre Bl\u00fctenpracht zu entwickeln um unsere G\u00e4rten mit buntesten Farbtupfern zu beleben.<\/p>\n<p>Die erste D\u00fcngergabe f\u00fcr unseren Rasen sollten wir bereits ausgebracht haben (empfohlen wird&nbsp;eine Stickstiffd\u00fcngung, da s\u00e4mtliche anderen D\u00fcngestoffe in unseren Wiener B\u00f6den ohnehin bereits \u00fcberaus reichlich vorhanden sind). Nun k\u00f6nnen sich unsere Gr\u00e4ser langsam aus ihrer Winterruhe entwickeln. F\u00fcr ein eventuelles Vertikutieren sollte besser bis nach dem zweiten Rasenschnitt gewartet werden, da sich bis dahin die wintergeschw\u00e4chte Grasnarbe gefestigt hat. Nicht zu vergessen, in die vertikutierte Fl\u00e4che etwas Quarzsand einstreuen, da dies den Boden lockert, und bekanntlich Licht, Luft und Wasser f\u00fcr gesunden Boden n\u00f6tig und somit f\u00fcr das Wachstum unserer Gr\u00e4ser vorteilhaft ist.<\/p>\n<p>Doch nun zu unseren Obstb\u00e4umen. Da wir ja alle recht flei\u00dfig waren, so ist der Baumschnitt bereits abgeschlossen. D\u00fcrres Astwerk, Fruchtmumien entfernt, Wundverschlu\u00df angebracht und kontrolliert. Nur unsere all zu wild treibenden Kernobstb\u00e4ume sollten jetzt geschnitten werden. Den j\u00e4hrlichen Schnitt bei den Pfirsichb\u00e4umen sollten wir ebenfalls in Angriff nehmen. Die Kronen m\u00fcssen j\u00e4hrlich zur\u00fcckgeschnitten werden, um einerseits das Verkahlen der \u00c4ste, anderseits die Fruchtertr\u00e4ge f\u00fcr das kommende Jahr sicherzustellen. Der Schnitt kann noch w\u00e4hrend der Bl\u00fcte passieren.<\/p>\n<p>Neu zu setzende Obstb\u00e4ume m\u00fcssen so tief gepflanzt werden, wie sie in der Baumschule gestanden sind. Zu beachten ist jedenfalls, da\u00df die Veredlungsstelle ca.10 cm aus der Erde herausragt. Wichtig ist auch das Einsetzen eines Baumpfahles vor Einbringen des Baumes in die Pflanzgrube. Und da\u00df wir unser Pflanzmaterial nur in einem wirklich guten Fachbetrieb erstanden haben, ist uns allen klar.<\/p>\n<p>Und wie k\u00f6nnte es auch anders sein &#8211; kaum beginnen unsere Marillenb\u00e4ume zu bl\u00fchen, setzt feuchtes Wetter ein. Eben dieses feuchte Wetter beg\u00fcnstigt den Befall durch Monilia. Jeder<br \/>\nerinnert sich noch an vorj\u00e4hrige starke Bef\u00e4lle unserer Steinobstkulturen durch Bl\u00fctenmonilia und Triebspitzend\u00fcrre, besonders der Marille. Daher w\u00e4re eine wirksame Bek\u00e4mpfung nicht nur anzuraten &#8211; nein, unbedingt erforderlich. W\u00e4hrend der Bl\u00fcte von Kirsche, Weichsel und Zwetschke, vor allem bei Marille, kann eine 2-3malige Spritzung mit einem zugelassenen Pflanzenschutzmittel vorgenommen werden (z.B. bei beginnender, voller und abwelkender Bl\u00fcte). Mehrmals deshalb, weil nicht alle Bl\u00fcten zur gleichen Zeit ge\u00f6ffnet sind, und der Moniliaerreger \u00fcber die Narbe in die Pflanzen eindringt.<\/p>\n<p>Im vergangenen Jahr war auch ein verst\u00e4rkter Befall der Zwetschke durch die Pflaumens\u00e4gewespe zu beobachten. Hier w\u00e4re eine Spritzung mit einem Insektizid, am besten bei Beginn der abwelkenden Bl\u00fcte, wirksam. Nur so k\u00f6nnen die kleinen schwarzen Punkte (Fra\u00dfstellen) an den kleinen Fruchtk\u00f6rpern vermieden und ein sp\u00e4terer Ernteausfall hintangehalten werden. Eine Spritzung sollte aber nur dort erfolgen, wo im vergangenen Jahr starker Befall festgestellt wurde.<\/p>\n<p>Unsere K\u00fcbelpflanzen k\u00f6nnen wir langsam durch Zufuhr von Frischluft abh\u00e4rten. Die \u00dcbersiedlung Mitte Mai d\u00fcrfte dann keine Probleme mit sich bringen. Dies gilt auch f\u00fcr Fuchsien. Sie k\u00f6nnen nun umgetopft, mit frischer Erde versehen werden und um etwa 1\/3 r\u00fcckgeschnitten werden. Dies jedoch nicht gleichzeitig, da das ein zu radikaler Eingriff w\u00e4re, sondern in Abst\u00e4nden von 2-3 Wochen.<\/p>\n<p>Und auch unsere V\u00f6gel zwitschern wieder munter. F\u00fcttern sollten wir sie nicht mehr, da sie ja von unseren Kulturen die Sch\u00e4dlinge absammeln sollen. Emsig tragen sie Material f\u00fcr ihren Nestbau zusammen. Und wenn wir darauf achten, da\u00df Nistk\u00e4sten sicher vor R\u00e4ubern, und vor allem sicher vor Katzen sind, dann werden wir wieder mehr Jungv\u00f6gel in unseren G\u00e4rten beobachten k\u00f6nnen.<\/p>\n<p>Und auch wir schw\u00e4rmen aus, suchen und finden in diversen G\u00e4rtnereien, immer noch das eine oder andere Pfl\u00e4nzchen, den Strauch, den Baum, mit einem Wort das, was in unserem gr\u00fcnen Reich noch fehlen k\u00f6nnte, aber unbedingt dorthin geh\u00f6rte. &#8211; Ja, mu\u00df. &#8211; Viel Spa\u00df<\/p>\n<p>wg<\/p>\n<\/div>\n<\/div>\n<\/div>\n","protected":false},"excerpt":{"rendered":"<p>Der Fr\u00fchling rast fast durch unsere G\u00e4rten. Die zuerst zaghaft hervorlugenden Bl\u00fctenk\u00f6pfchen&nbsp;von Winterling, Schneegl\u00f6ckchen, Primeln, Veilchen und Krokus haben sich nach Vollbl\u00fcte bereits gro\u00dfteils verabschiedet. Verabschiedet um Platz zu machen f\u00fcr Tulpen und Narzissen, die gerade dabei sind, ihre Bl\u00fctenpracht zu entwickeln um unsere G\u00e4rten mit buntesten Farbtupfern zu beleben. Die erste D\u00fcngergabe f\u00fcr unseren Rasen sollten wir bereits ausgebracht haben (empfohlen wird&nbsp;eine Stickstiffd\u00fcngung, da s\u00e4mtliche anderen D\u00fcngestoffe in unseren Wiener B\u00f6den ohnehin bereits \u00fcberaus reichlich vorhanden sind). Nun k\u00f6nnen sich unsere Gr\u00e4ser langsam aus ihrer Winterruhe entwickeln. F\u00fcr ein eventuelles Vertikutieren sollte besser bis nach dem zweiten Rasenschnitt gewartet werden, da sich bis dahin die wintergeschw\u00e4chte Grasnarbe gefestigt hat. Nicht zu vergessen, in die vertikutierte Fl\u00e4che etwas Quarzsand einstreuen, da dies den Boden lockert, und bekanntlich Licht, Luft und Wasser f\u00fcr gesunden Boden n\u00f6tig und somit f\u00fcr das Wachstum unserer Gr\u00e4ser vorteilhaft ist. Doch nun zu unseren Obstb\u00e4umen. Da&#8230;<\/p>\n<p> <a class=\"continue-reading-link\" href=\"https:\/\/www.kgvspallart.at\/?p=5231\"><span>Mehr lesen<\/span><i class=\"crycon-right-dir\"><\/i><\/a> <\/p>\n","protected":false},"author":1,"featured_media":0,"comment_status":"closed","ping_status":"open","sticky":false,"template":"","format":"standard","meta":{"ngg_post_thumbnail":0,"footnotes":""},"categories":[5],"tags":[],"class_list":["post-5231","post","type-post","status-publish","format-standard","hentry","category-fachberatung"],"_links":{"self":[{"href":"https:\/\/www.kgvspallart.at\/index.php?rest_route=\/wp\/v2\/posts\/5231","targetHints":{"allow":["GET"]}}],"collection":[{"href":"https:\/\/www.kgvspallart.at\/index.php?rest_route=\/wp\/v2\/posts"}],"about":[{"href":"https:\/\/www.kgvspallart.at\/index.php?rest_route=\/wp\/v2\/types\/post"}],"author":[{"embeddable":true,"href":"https:\/\/www.kgvspallart.at\/index.php?rest_route=\/wp\/v2\/users\/1"}],"replies":[{"embeddable":true,"href":"https:\/\/www.kgvspallart.at\/index.php?rest_route=%2Fwp%2Fv2%2Fcomments&post=5231"}],"version-history":[{"count":1,"href":"https:\/\/www.kgvspallart.at\/index.php?rest_route=\/wp\/v2\/posts\/5231\/revisions"}],"predecessor-version":[{"id":5232,"href":"https:\/\/www.kgvspallart.at\/index.php?rest_route=\/wp\/v2\/posts\/5231\/revisions\/5232"}],"wp:attachment":[{"href":"https:\/\/www.kgvspallart.at\/index.php?rest_route=%2Fwp%2Fv2%2Fmedia&parent=5231"}],"wp:term":[{"taxonomy":"category","embeddable":true,"href":"https:\/\/www.kgvspallart.at\/index.php?rest_route=%2Fwp%2Fv2%2Fcategories&post=5231"},{"taxonomy":"post_tag","embeddable":true,"href":"https:\/\/www.kgvspallart.at\/index.php?rest_route=%2Fwp%2Fv2%2Ftags&post=5231"}],"curies":[{"name":"wp","href":"https:\/\/api.w.org\/{rel}","templated":true}]}}