{"id":5234,"date":"2017-05-24T21:59:48","date_gmt":"2017-05-24T19:59:48","guid":{"rendered":"http:\/\/www.kgvspallart.at\/?p=5234"},"modified":"2017-06-08T21:41:15","modified_gmt":"2017-06-08T19:41:15","slug":"bericht-des-fachberaters-vom-11-mai-2017","status":"publish","type":"post","link":"https:\/\/www.kgvspallart.at\/?p=5234","title":{"rendered":"Bericht des Fachberaters vom  11.Mai 2017"},"content":{"rendered":"<div class=\"page\" title=\"Page 1\">\n<div class=\"section\">\n<div class=\"layoutArea\">\n<div class=\"column\">\n<p>Die Bl\u00fctenpracht der Fr\u00fchlingsbl\u00fcher ist vorbei. Die duftende Bl\u00fctenf\u00fclle unserer Obstb\u00e4ume hat eine sp\u00e4te K\u00e4lte mit Schnee \u00fcber Nacht verweht.<\/p>\n<p>Erste Fruchtans\u00e4tze lassen uns dennoch auf eine gute Ernten hoffen, wenn uns unerwartete Wiedernisse in Form von Sch\u00e4dlingen aller Art nicht einen Strich durch unsere Rechnung machen.<\/p>\n<p>Jetzt sind die Fruchtst\u00e4nde bei Tulpen und Narzissen zu entfernen um eine Samenbildung zu unterbinden. Die Zwiebel von abgebl\u00fchten Zwiebelpflanzen ausgraben und eingeschlagen an schattiger Stelle einziehen lassen.<\/p>\n<p>Fr\u00fchlingsbl\u00fchende Zierstr\u00e4ucher werden nun zur\u00fcckgeschnitten, so dass man sich im n\u00e4chsten Jahr an der Bl\u00fctenpracht der einj\u00e4hrigen Triebe erfreuen kann.<\/p>\n<p>Nach den Eism\u00e4nnern, die erfahrungsgem\u00e4\u00df mit Nachtfr\u00f6sten \u00fcberraschen, k\u00f6nnen Sommerblumen ins Freiland gepflanzt werden.<\/p>\n<p>Aufmerksamkeit widmen wir auch unseren Apfelb\u00e4umen wegen Mehltau.<br \/>\nBefallene Triebe bis ins gesunde Holz zur\u00fcckschneiden. Birnb\u00e4ume auf Birnengitterrost untersuchen. Bei ersten orangefarbenen Tupfern ist eine Spritzung zum Beispiel mit Duaxo von Compo angezeigt.<\/p>\n<p>An der Marille, die Wetterbedingt sehr unterschiedliche Fruchtans\u00e4tze brachte, zeigt sich leider schon vereinzelt Triebspitzend\u00fcrre. Auch hier gilt es, bis in das gesunde Holz zur\u00fcckschneiden.<br \/>\nOb bei unserer Zwetschke die Bek\u00e4mpfung gegen die Pflaumens\u00e4gewespe, die heuer nicht so stark aufgetreten ist, oder die Narren- oder Taschenkrankheit erfolgreich war, werden wir erst sp\u00e4ter sehen k\u00f6nnen.<\/p>\n<p>Vertikutieren sollte erst nach dem zweiten oder dritten Rasenschnitt erfolgen. Durch Einstreuen von Quarzsand wird der Boden gelockert.<\/p>\n<p>F\u00fcr D\u00fcngung mit Stickstoff, Ausbesserung und Nachsaaten ist jetzt die richtige Zeit.<br \/>\nWichtig zu beachten bei Nachsaaten ist vor allem das gleichm\u00e4\u00dfige und regelm\u00e4\u00dfige Bew\u00e4ssern. Die eingeleitete Keimung der Grassamen durch ausreichende Feuchthaltung kann nicht mehr gestoppt werden. Und ein sp\u00e4teres Austrocknen f\u00fchrt unwiderruflich zum Absterben der jungen Pflanzen.<\/p>\n<p>Wichtig ist das regelm\u00e4\u00dfige M\u00e4hen des Rasens. Etwa einmal w\u00f6chentlich. Die Schnitth\u00f6he sollte zwischen 3,5-5 cm liegen. Doch das sind individuelle, pers\u00f6nliche Erfahrungswerte, die vor allem von der Witterung abh\u00e4ngig sind.<\/p>\n<p>Auch unser Gem\u00fcse darf jetzt nicht zu kurz kommen. F\u00fcr die Aussaat von Stangenbohnen ist jetzt die richtige Zeit. Auch Paradeiser-, Salat-, Sellerie- und Kohlr\u00fcben Pfl\u00e4nzchen aussetzen. Bei Erbsen ist auf die Fruchtfolge zu achten.<\/p>\n<p>Die Anbauphase zwischen zwei Erbsenkulturen am gleichen Standort sollte mindestens 2-3 Jahre betragen, da ansonsten verschiedenste Welke Krankheiten zu Ausf\u00e4llen f\u00fchren k\u00f6nnen.<\/p>\n<p>In der Hoffnung dass unser aller Bem\u00fchen nicht unbelohnt bleibt schlie\u00dfe ich f\u00fcr Heute.<\/p>\n<p>wm<\/p>\n<\/div>\n<\/div>\n<\/div>\n<\/div>\n","protected":false},"excerpt":{"rendered":"<p>Die Bl\u00fctenpracht der Fr\u00fchlingsbl\u00fcher ist vorbei. Die duftende Bl\u00fctenf\u00fclle unserer Obstb\u00e4ume hat eine sp\u00e4te K\u00e4lte mit Schnee \u00fcber Nacht verweht. Erste Fruchtans\u00e4tze lassen uns dennoch auf eine gute Ernten hoffen, wenn uns unerwartete Wiedernisse in Form von Sch\u00e4dlingen aller Art nicht einen Strich durch unsere Rechnung machen. Jetzt sind die Fruchtst\u00e4nde bei Tulpen und Narzissen zu entfernen um eine Samenbildung zu unterbinden. Die Zwiebel von abgebl\u00fchten Zwiebelpflanzen ausgraben und eingeschlagen an schattiger Stelle einziehen lassen. Fr\u00fchlingsbl\u00fchende Zierstr\u00e4ucher werden nun zur\u00fcckgeschnitten, so dass man sich im n\u00e4chsten Jahr an der Bl\u00fctenpracht der einj\u00e4hrigen Triebe erfreuen kann. Nach den Eism\u00e4nnern, die erfahrungsgem\u00e4\u00df mit Nachtfr\u00f6sten \u00fcberraschen, k\u00f6nnen Sommerblumen ins Freiland gepflanzt werden. Aufmerksamkeit widmen wir auch unseren Apfelb\u00e4umen wegen Mehltau. Befallene Triebe bis ins gesunde Holz zur\u00fcckschneiden. Birnb\u00e4ume auf Birnengitterrost untersuchen. Bei ersten orangefarbenen Tupfern ist eine Spritzung zum Beispiel mit Duaxo von Compo angezeigt. An der Marille, die Wetterbedingt sehr unterschiedliche Fruchtans\u00e4tze&#8230;<\/p>\n<p> <a class=\"continue-reading-link\" href=\"https:\/\/www.kgvspallart.at\/?p=5234\"><span>Mehr lesen<\/span><i class=\"crycon-right-dir\"><\/i><\/a> <\/p>\n","protected":false},"author":1,"featured_media":0,"comment_status":"closed","ping_status":"open","sticky":false,"template":"","format":"standard","meta":{"ngg_post_thumbnail":0,"footnotes":""},"categories":[5],"tags":[],"class_list":["post-5234","post","type-post","status-publish","format-standard","hentry","category-fachberatung"],"_links":{"self":[{"href":"https:\/\/www.kgvspallart.at\/index.php?rest_route=\/wp\/v2\/posts\/5234","targetHints":{"allow":["GET"]}}],"collection":[{"href":"https:\/\/www.kgvspallart.at\/index.php?rest_route=\/wp\/v2\/posts"}],"about":[{"href":"https:\/\/www.kgvspallart.at\/index.php?rest_route=\/wp\/v2\/types\/post"}],"author":[{"embeddable":true,"href":"https:\/\/www.kgvspallart.at\/index.php?rest_route=\/wp\/v2\/users\/1"}],"replies":[{"embeddable":true,"href":"https:\/\/www.kgvspallart.at\/index.php?rest_route=%2Fwp%2Fv2%2Fcomments&post=5234"}],"version-history":[{"count":1,"href":"https:\/\/www.kgvspallart.at\/index.php?rest_route=\/wp\/v2\/posts\/5234\/revisions"}],"predecessor-version":[{"id":5235,"href":"https:\/\/www.kgvspallart.at\/index.php?rest_route=\/wp\/v2\/posts\/5234\/revisions\/5235"}],"wp:attachment":[{"href":"https:\/\/www.kgvspallart.at\/index.php?rest_route=%2Fwp%2Fv2%2Fmedia&parent=5234"}],"wp:term":[{"taxonomy":"category","embeddable":true,"href":"https:\/\/www.kgvspallart.at\/index.php?rest_route=%2Fwp%2Fv2%2Fcategories&post=5234"},{"taxonomy":"post_tag","embeddable":true,"href":"https:\/\/www.kgvspallart.at\/index.php?rest_route=%2Fwp%2Fv2%2Ftags&post=5234"}],"curies":[{"name":"wp","href":"https:\/\/api.w.org\/{rel}","templated":true}]}}