{"id":5259,"date":"2017-07-13T22:18:34","date_gmt":"2017-07-13T20:18:34","guid":{"rendered":"http:\/\/www.kgvspallart.at\/?p=5259"},"modified":"2017-09-14T18:29:11","modified_gmt":"2017-09-14T16:29:11","slug":"bericht-des-fachberaters-vom-13-juli-2017","status":"publish","type":"post","link":"https:\/\/www.kgvspallart.at\/?p=5259","title":{"rendered":"Bericht des Fachberaters vom 13. Juli 2017"},"content":{"rendered":"<div class=\"page\" title=\"Page 1\">\n<div class=\"layoutArea\">\n<div class=\"column\">\n<p>Heute m\u00f6chte ich Ihnen von unserer T\u00e4tigkeit in der Fachgruppe berichten. So hatten wir, wie jedes Jahr im Juni, Gartenberatungen geplant.<\/p>\n<p>Es sind allerdings aus zeitlichen und organisatorischen Gr\u00fcnden nur zwei Termine zustande gekommen.<\/p>\n<p>Die Gartenberatung im Kleingartenverein Spallart wurde am 24. Juni bei sch\u00f6nem Wetter durchgef\u00fchrt.<br \/>\nEin Gro\u00dfteil der Gaten Besitzer war anwesend und gegen\u00fcber den Fachberatern sehr aufgeschlossen.<\/p>\n<p>Das zeigt, dass diese Beratungen sich zu einer beliebten Einrichtung entwickelt haben.<\/p>\n<p>Unsere zweite Beratung diesmal ausnahmsweise am 1. Juli war f\u00fcr den Kleingartenverein Rosental geplant und fiel wortw\u00f6rtlich ins Wasser.<\/p>\n<p>Ausgerechnet von 09:00 bis 11:00 goss es in Str\u00f6men, um dann kurz nach 11:00 aufzuklaren und mit einem sch\u00f6nen Nachmittag aufzuwarten. Dagegen ist man machtlos, au\u00dferdem blieben auch die Gartenbesitzer zuhause.<\/p>\n<p>F\u00fcr das kommende Jahr nehmen wir eben einen neuen Anlauf f\u00fcr diese wichtige Aufgabe.<\/p>\n<p>Mit unseren Beratungen kommen wir also sehr gut an. Da wir immer auch unsere Neulinge mitnehmen, und f\u00fcr sie das Gesehene und Geh\u00f6rte ungemein lehrreich ist, so sind wir \u00fcberzeugt, dass wir \u201cDie Fachberater\u201c auch in Zukunft mit unserem Wissen \u00fcberzeugen k\u00f6nnen.<\/p>\n<p>Auch Termine zu Sitzungen der Landesfachgruppe wurden wahrgenommen. Dabei ging es um BIO Diversit\u00e4ten im Kleingarten so wie Apfel und Birnen Sorten fr\u00fcher und heute.<br \/>\nDa sind auch immer ein paar interessante Sachen dabei.<\/p>\n<p>Soviel zu einigen unserer Aktivit\u00e4ten, doch nun zu anderen T\u00e4tigkeiten.<br \/>\nEin wenig Zeit durften wir unseren eigenen G\u00e4rten widmen. Bedingt durch das warme bis tropische Wetter und die geringen Regeng\u00fcsse, ist unser Wasserverbrauch sicherlich schon etwas angestiegen.<br \/>\nTrotzdem sind Rasenschnitte n\u00f6tig. Das Aufkommen an Schnittgut ist gro\u00df. Doch mit Mulchen unter unseren Hecken oder bei Baumscheiben kann auch dieses nutzbringend verwendet werden. So wird das wertvolle \u201eD\u00fcngematerial\u201c nicht an die Biotonne verschwendet.<br \/>\nZudem sind auch schon die ersten Ernteertr\u00e4ge von Erdbeeren, Ribiseln und Kirschen eingebracht und verarbeitet. So haben wir vieles schon erledigt.<br \/>\nFreuen wir uns auf die n\u00e4chsten sch\u00f6nen Tage, und lassen wir es uns bis zu den kommenden Arbeiten im Garten gut gehen.<br \/>\nSchlie\u00dflich haben wir Urlaubszeit.<br \/>\nEine sch\u00f6ne und erholsame Zeit und kommen sie gesund durch den Sommer.<\/p>\n<p>Das w\u00fcnschen ihnen die Fachberater.<\/p>\n<p>wm<\/p>\n<\/div>\n<\/div>\n<\/div>\n","protected":false},"excerpt":{"rendered":"<p>Heute m\u00f6chte ich Ihnen von unserer T\u00e4tigkeit in der Fachgruppe berichten. So hatten wir, wie jedes Jahr im Juni, Gartenberatungen geplant. Es sind allerdings aus zeitlichen und organisatorischen Gr\u00fcnden nur zwei Termine zustande gekommen. Die Gartenberatung im Kleingartenverein Spallart wurde am 24. Juni bei sch\u00f6nem Wetter durchgef\u00fchrt. Ein Gro\u00dfteil der Gaten Besitzer war anwesend und gegen\u00fcber den Fachberatern sehr aufgeschlossen. Das zeigt, dass diese Beratungen sich zu einer beliebten Einrichtung entwickelt haben. Unsere zweite Beratung diesmal ausnahmsweise am 1. Juli war f\u00fcr den Kleingartenverein Rosental geplant und fiel wortw\u00f6rtlich ins Wasser. Ausgerechnet von 09:00 bis 11:00 goss es in Str\u00f6men, um dann kurz nach 11:00 aufzuklaren und mit einem sch\u00f6nen Nachmittag aufzuwarten. Dagegen ist man machtlos, au\u00dferdem blieben auch die Gartenbesitzer zuhause. F\u00fcr das kommende Jahr nehmen wir eben einen neuen Anlauf f\u00fcr diese wichtige Aufgabe. Mit unseren Beratungen kommen wir also sehr gut an. Da wir immer auch unsere&#8230;<\/p>\n<p> <a class=\"continue-reading-link\" href=\"https:\/\/www.kgvspallart.at\/?p=5259\"><span>Mehr lesen<\/span><i class=\"crycon-right-dir\"><\/i><\/a> <\/p>\n","protected":false},"author":1,"featured_media":0,"comment_status":"closed","ping_status":"open","sticky":false,"template":"","format":"standard","meta":{"ngg_post_thumbnail":0,"footnotes":""},"categories":[5],"tags":[],"class_list":["post-5259","post","type-post","status-publish","format-standard","hentry","category-fachberatung"],"_links":{"self":[{"href":"https:\/\/www.kgvspallart.at\/index.php?rest_route=\/wp\/v2\/posts\/5259","targetHints":{"allow":["GET"]}}],"collection":[{"href":"https:\/\/www.kgvspallart.at\/index.php?rest_route=\/wp\/v2\/posts"}],"about":[{"href":"https:\/\/www.kgvspallart.at\/index.php?rest_route=\/wp\/v2\/types\/post"}],"author":[{"embeddable":true,"href":"https:\/\/www.kgvspallart.at\/index.php?rest_route=\/wp\/v2\/users\/1"}],"replies":[{"embeddable":true,"href":"https:\/\/www.kgvspallart.at\/index.php?rest_route=%2Fwp%2Fv2%2Fcomments&post=5259"}],"version-history":[{"count":1,"href":"https:\/\/www.kgvspallart.at\/index.php?rest_route=\/wp\/v2\/posts\/5259\/revisions"}],"predecessor-version":[{"id":5260,"href":"https:\/\/www.kgvspallart.at\/index.php?rest_route=\/wp\/v2\/posts\/5259\/revisions\/5260"}],"wp:attachment":[{"href":"https:\/\/www.kgvspallart.at\/index.php?rest_route=%2Fwp%2Fv2%2Fmedia&parent=5259"}],"wp:term":[{"taxonomy":"category","embeddable":true,"href":"https:\/\/www.kgvspallart.at\/index.php?rest_route=%2Fwp%2Fv2%2Fcategories&post=5259"},{"taxonomy":"post_tag","embeddable":true,"href":"https:\/\/www.kgvspallart.at\/index.php?rest_route=%2Fwp%2Fv2%2Ftags&post=5259"}],"curies":[{"name":"wp","href":"https:\/\/api.w.org\/{rel}","templated":true}]}}