{"id":5281,"date":"2017-09-14T18:28:52","date_gmt":"2017-09-14T16:28:52","guid":{"rendered":"http:\/\/www.kgvspallart.at\/?p=5281"},"modified":"2017-10-13T19:59:44","modified_gmt":"2017-10-13T17:59:44","slug":"bericht-des-fachberaters-vom-14-september-2017","status":"publish","type":"post","link":"https:\/\/www.kgvspallart.at\/?p=5281","title":{"rendered":"Bericht des Fachberaters vom 14. September 2017"},"content":{"rendered":"<div class=\"page\" title=\"Page 1\">\n<div class=\"layoutArea\">\n<div class=\"column\">\n<p>Nach der Sommerpause darf ich sie alle recht herzlich begr\u00fc\u00dfen. Sind auch einige von uns noch vom Urlaub ersch\u00f6pft, so ist es an der Zeit uns der kommenden Herbstarbeit zuzuwenden.<\/p>\n<p>Unseren Rasen haben wir Mitte August das letzte Mal ged\u00fcngt. Sp\u00e4tere D\u00fcngungen sollen nur mit stickstoffarmen Produkten vorgenommen werden, da ansonsten das Wachstum in den Winter getrieben wird.<\/p>\n<p>Unsere Obstb\u00e4ume sind gro\u00dfteils abgeerntet.&nbsp;Verbliebene Fr\u00fcchte sollten ehest m\u00f6glich entfernt werden um Monilia zu vermeiden. Monilia Fruchtmumien sind im Fr\u00fchling nicht nur f\u00fcr uns, sondern auch f\u00fcr weit entfernte Kulturen eine erhebliche Infektionsgefahr.&nbsp;Monilia befallenes Material geh\u00f6rt in den Restm\u00fcll und nicht auf dem Komposthaufen! Leider wissen das immer noch nicht Alle.<\/p>\n<p>Die Ernte von Marillen war vielerorts sehr gut, auch bei Pfirsichen recht zufriedenstellend. Bei Zwetschken trat mancherorts verst\u00e4rkter Befall durch die Pflaumens\u00e4gewespe auf, so kam es zu eher geringen Ernteertr\u00e4gen. Doch dies ist, wie gesagt, regionsweise unterschiedlich.<\/p>\n<p>Mit dem Baumschnitt f\u00fcr Steinobst sollten nun begonnen werden. Sp\u00e4testens aber nach dem Abernten.<\/p>\n<p>Vor dem Auftreten der ersten Nachtfr\u00f6ste, etwa Ende Oktober, sollten Leimringe gegen den Frostspanner an den St\u00e4mmen der B\u00e4ume und eventuellen St\u00fctzpf\u00e4hlen angebracht werden. So kann man einigerma\u00dfen sicher sein, dass die flugunf\u00e4higen Weibchen des Frostspanners kleben bleiben und ihre Eier nicht in den Baumkronen ablegen.<\/p>\n<p>Eine im Fr\u00fchjahr durchgef\u00fchrte Austriebsspritzung ist sicherlich eine gute Erg\u00e4nzung, um die vielleicht doch in den Baumkronen deponierten Ei Gelege zu ersticken.&nbsp;Austriebsspritzungen in einzelnen G\u00e4rten sind jedoch nicht besonders zielf\u00fchrend. Guten Erfolg kann nur eine fl\u00e4chendeckende Ma\u00dfnahme \u00fcber eine gesamte Garenanlage bringen.<\/p>\n<p>Im September kann man sich auch schon Gedanken machen, welche Blumenzwiebel zu setzen sind, um im Fr\u00fchjahr wieder durch ihre Bl\u00fctenpracht erfreut zu werden.&nbsp;Jetzt ist auch die Zeit um Stecklinge von Bl\u00fctenstr\u00e4uchern zu vermehren.<\/p>\n<p>Bei Neuanschaffungen aus den bunten Pflanz- und Samenkatalogen achten wir besonders auf Regional heimische Angebote. &nbsp;Pflanzen aus fernen L\u00e4ndern, also Neophyten, haben in unseren G\u00e4rten nichts verloren.Die Gefahr der Einschleppung von neuen Sch\u00e4dlingen, f\u00fcr die es bei uns keine nat\u00fcrlichen Feinde gibt, ist viel zu gro\u00df. Auch neue Krankheiten k\u00f6nnen durch diese Neophyten eingeschleppt werde f\u00fcr die unsere heimischen Kulturpflanzen, B\u00e4ume und Str\u00e4ucher keine Abwehr kennen. Wir erinnern uns an das Ulmen Sterben. Aktuell stirbt die Esche, und zwar an einem aus Asien eingeschleppten Schlauchpilz. In seiner Heimat verh\u00e4lt sich dieser Pilz Hymenoscyphus fraxineus harmlos, weil er sich mit der dort ans\u00e4ssigen Mandschurischen Esche gemeinsam entwickelt hat.<\/p>\n<p>Aber lassen wir das Unangenehme nicht \u00fcber uns Besitz ergreifen. Freuen wir uns vielmehr auf die letzten noch kommenden sch\u00f6nen Sp\u00e4tsommer- und Herbsttage, bevor wir uns voller Tatendrang in die Herbstarbeiten st\u00fcrzen. So schlie\u00dfe ich meinen heutigen Bericht und bitte, genie\u00dfen sie die noch kommenden sch\u00f6nen Tage.<\/p>\n<\/div>\n<\/div>\n<div class=\"layoutArea\">\n<div class=\"column\">\n<p>wm<\/p>\n<\/div>\n<\/div>\n<\/div>\n","protected":false},"excerpt":{"rendered":"<p>Nach der Sommerpause darf ich sie alle recht herzlich begr\u00fc\u00dfen. Sind auch einige von uns noch vom Urlaub ersch\u00f6pft, so ist es an der Zeit uns der kommenden Herbstarbeit zuzuwenden. Unseren Rasen haben wir Mitte August das letzte Mal ged\u00fcngt. Sp\u00e4tere D\u00fcngungen sollen nur mit stickstoffarmen Produkten vorgenommen werden, da ansonsten das Wachstum in den Winter getrieben wird. Unsere Obstb\u00e4ume sind gro\u00dfteils abgeerntet.&nbsp;Verbliebene Fr\u00fcchte sollten ehest m\u00f6glich entfernt werden um Monilia zu vermeiden. Monilia Fruchtmumien sind im Fr\u00fchling nicht nur f\u00fcr uns, sondern auch f\u00fcr weit entfernte Kulturen eine erhebliche Infektionsgefahr.&nbsp;Monilia befallenes Material geh\u00f6rt in den Restm\u00fcll und nicht auf dem Komposthaufen! Leider wissen das immer noch nicht Alle. Die Ernte von Marillen war vielerorts sehr gut, auch bei Pfirsichen recht zufriedenstellend. Bei Zwetschken trat mancherorts verst\u00e4rkter Befall durch die Pflaumens\u00e4gewespe auf, so kam es zu eher geringen Ernteertr\u00e4gen. Doch dies ist, wie gesagt, regionsweise unterschiedlich. Mit dem Baumschnitt f\u00fcr&#8230;<\/p>\n<p> <a class=\"continue-reading-link\" href=\"https:\/\/www.kgvspallart.at\/?p=5281\"><span>Mehr lesen<\/span><i class=\"crycon-right-dir\"><\/i><\/a> <\/p>\n","protected":false},"author":1,"featured_media":0,"comment_status":"closed","ping_status":"open","sticky":false,"template":"","format":"standard","meta":{"ngg_post_thumbnail":0,"footnotes":""},"categories":[5],"tags":[],"class_list":["post-5281","post","type-post","status-publish","format-standard","hentry","category-fachberatung"],"_links":{"self":[{"href":"https:\/\/www.kgvspallart.at\/index.php?rest_route=\/wp\/v2\/posts\/5281","targetHints":{"allow":["GET"]}}],"collection":[{"href":"https:\/\/www.kgvspallart.at\/index.php?rest_route=\/wp\/v2\/posts"}],"about":[{"href":"https:\/\/www.kgvspallart.at\/index.php?rest_route=\/wp\/v2\/types\/post"}],"author":[{"embeddable":true,"href":"https:\/\/www.kgvspallart.at\/index.php?rest_route=\/wp\/v2\/users\/1"}],"replies":[{"embeddable":true,"href":"https:\/\/www.kgvspallart.at\/index.php?rest_route=%2Fwp%2Fv2%2Fcomments&post=5281"}],"version-history":[{"count":1,"href":"https:\/\/www.kgvspallart.at\/index.php?rest_route=\/wp\/v2\/posts\/5281\/revisions"}],"predecessor-version":[{"id":5282,"href":"https:\/\/www.kgvspallart.at\/index.php?rest_route=\/wp\/v2\/posts\/5281\/revisions\/5282"}],"wp:attachment":[{"href":"https:\/\/www.kgvspallart.at\/index.php?rest_route=%2Fwp%2Fv2%2Fmedia&parent=5281"}],"wp:term":[{"taxonomy":"category","embeddable":true,"href":"https:\/\/www.kgvspallart.at\/index.php?rest_route=%2Fwp%2Fv2%2Fcategories&post=5281"},{"taxonomy":"post_tag","embeddable":true,"href":"https:\/\/www.kgvspallart.at\/index.php?rest_route=%2Fwp%2Fv2%2Ftags&post=5281"}],"curies":[{"name":"wp","href":"https:\/\/api.w.org\/{rel}","templated":true}]}}