{"id":5289,"date":"2017-11-11T21:43:05","date_gmt":"2017-11-11T20:43:05","guid":{"rendered":"http:\/\/www.kgvspallart.at\/?p=5289"},"modified":"2018-02-11T12:07:14","modified_gmt":"2018-02-11T11:07:14","slug":"bericht-des-fachberaters-vom-9-november-2017","status":"publish","type":"post","link":"https:\/\/www.kgvspallart.at\/?p=5289","title":{"rendered":"Bericht des Fachberaters vom 9. November 2017"},"content":{"rendered":"<p>Ende Oktober gab es noch einmal alles. Einige sp\u00e4tsommerliche Tage, aber auch Regen und heftigen Sturm. So unangenehm der Sturm auch war, die auf den Obstb\u00e4umen verbliebenen Fruchtmumien hat fast alle der Wind mitgenommen.<\/p>\n<p>Jetzt ist in unseren G\u00e4rten Saubermachen angesagt. Herumliegendes krankes Laub und Fruchtmumien geh\u00f6rt entsorgt, aber nicht auf dem Kompost.<\/p>\n<p>Frisch gepflanzte B\u00e4ume oder Str\u00e4ucher werden nochmals fest eingegossen.<br \/>\nIn den n\u00e4chsten milden Tagen k\u00f6nnen die wirklich allerletzten Pflanzungen vorgenommen werden.<br \/>\nAnsonsten belassen wir die Pflanzen lieber bis zum Fr\u00fchjahr in den Baumschulen.<br \/>\nDie Wintergr\u00fcnen wie Koniferen, Rhododendren und Buchsb\u00e4ume geh\u00f6ren nochmals kr\u00e4ftig gegossen.<\/p>\n<p>Rosen anh\u00e4ufeln, Hochstammrosen&nbsp; einpacken. Keinesfalls geschlossenen Plastikfolien wie M\u00fclls\u00e4cke verwenden da hier Dunst entsteht der in der Nacht gefrieren kann und Schimmelpilz f\u00f6rdert.<br \/>\nDer R\u00fcckschnitt erfolgt erst im Fr\u00fchjahr.<\/p>\n<p>Unser gelagertes Obst sollte mindestens einmal pro Woche kontrolliert werden.<br \/>\nEine einzige faule Frucht gen\u00fcgt um eine ganze Steige anzustecken und zu verderben.<\/p>\n<p>Jetzt ist der letzte Termin in unseren G\u00e4rten f\u00fcr das Roden und Einwintern der nicht winterharten Zwiebeln und Knollen. Ebenso die letzte M\u00f6glichkeit zur Pflanzung unserer Fr\u00fchjahrsbl\u00fcher, wie etwa Vergissmeinnicht, Stiefm\u00fctterchen und viele mehr.<\/p>\n<p>Ziergr\u00e4ser bleiben ungeschnitten. Erst im Fr\u00fchjahr nach den Eisheiligen zur\u00fcckschneiden.<br \/>\nStehendes Wasser in den abgeschnittenen Halmen kann bei Frost die St\u00f6cke zerst\u00f6ren.<\/p>\n<p>Wenn n\u00f6tig wird noch ein letztes Mal der Rasen geschnitten. Der Rasenschnitt mit geh\u00e4ckselten Pflanzenteilen aus unserem Garten ist eine Bereicherung f\u00fcr unseren Komposthaufen.<\/p>\n<p>Abgeerntete Gem\u00fcsebeete werden umgestochen und Kompost eingearbeitet.<br \/>\nDie oberste Bodenschicht wird dabei aufgelockert so das Wasser leichtert einsickern kann um die Frostgare zu erm\u00f6glicht.<\/p>\n<p>Die bereits im Winterquartier befindlichen K\u00fcbelpflanzen werden \u00f6fters sehr genau kontrolliert, damit sich diverse Sch\u00e4dlinge, ob tierisch oder pilzlich, nicht ausbreiten k\u00f6nnen.<br \/>\nNotfalls auf Hilfsmittel aus dem Fachmarkt zur\u00fcckgreifen.<\/p>\n<p>Habe wir all das erledigt dann d\u00fcrfen wir nicht vergessen unseren Garten winterfest zu machen.<br \/>\nAlso alles Werkzeug sicher verwahren, das Wasser absperren und die Leitungen entleeren um im Fr\u00fchjahr b\u00f6se \u00dcberraschungen zu vermeiden.<\/p>\n<p>Im \u00dcbrigen haben wir sicherlich noch etliches vor, und nicht nur im Garten.<br \/>\nDenn Weihnachten kommt auch heuer wieder.<br \/>\nAlso noch alle Besorgungen erledigen und nur keinen Stress aufkommen lassen!<\/p>\n<p>wm<\/p>\n","protected":false},"excerpt":{"rendered":"<p>Ende Oktober gab es noch einmal alles. Einige sp\u00e4tsommerliche Tage, aber auch Regen und heftigen Sturm. So unangenehm der Sturm auch war, die auf den Obstb\u00e4umen verbliebenen Fruchtmumien hat fast alle der Wind mitgenommen. Jetzt ist in unseren G\u00e4rten Saubermachen angesagt. Herumliegendes krankes Laub und Fruchtmumien geh\u00f6rt entsorgt, aber nicht auf dem Kompost. Frisch gepflanzte B\u00e4ume oder Str\u00e4ucher werden nochmals fest eingegossen. In den n\u00e4chsten milden Tagen k\u00f6nnen die wirklich allerletzten Pflanzungen vorgenommen werden. Ansonsten belassen wir die Pflanzen lieber bis zum Fr\u00fchjahr in den Baumschulen. Die Wintergr\u00fcnen wie Koniferen, Rhododendren und Buchsb\u00e4ume geh\u00f6ren nochmals kr\u00e4ftig gegossen. Rosen anh\u00e4ufeln, Hochstammrosen&nbsp; einpacken. Keinesfalls geschlossenen Plastikfolien wie M\u00fclls\u00e4cke verwenden da hier Dunst entsteht der in der Nacht gefrieren kann und Schimmelpilz f\u00f6rdert. Der R\u00fcckschnitt erfolgt erst im Fr\u00fchjahr. Unser gelagertes Obst sollte mindestens einmal pro Woche kontrolliert werden. Eine einzige faule Frucht gen\u00fcgt um eine ganze Steige anzustecken und zu verderben. Jetzt&#8230;<\/p>\n<p> <a class=\"continue-reading-link\" href=\"https:\/\/www.kgvspallart.at\/?p=5289\"><span>Mehr lesen<\/span><i class=\"crycon-right-dir\"><\/i><\/a> <\/p>\n","protected":false},"author":1,"featured_media":0,"comment_status":"closed","ping_status":"open","sticky":false,"template":"","format":"standard","meta":{"ngg_post_thumbnail":0,"footnotes":""},"categories":[5],"tags":[],"class_list":["post-5289","post","type-post","status-publish","format-standard","hentry","category-fachberatung"],"_links":{"self":[{"href":"https:\/\/www.kgvspallart.at\/index.php?rest_route=\/wp\/v2\/posts\/5289","targetHints":{"allow":["GET"]}}],"collection":[{"href":"https:\/\/www.kgvspallart.at\/index.php?rest_route=\/wp\/v2\/posts"}],"about":[{"href":"https:\/\/www.kgvspallart.at\/index.php?rest_route=\/wp\/v2\/types\/post"}],"author":[{"embeddable":true,"href":"https:\/\/www.kgvspallart.at\/index.php?rest_route=\/wp\/v2\/users\/1"}],"replies":[{"embeddable":true,"href":"https:\/\/www.kgvspallart.at\/index.php?rest_route=%2Fwp%2Fv2%2Fcomments&post=5289"}],"version-history":[{"count":2,"href":"https:\/\/www.kgvspallart.at\/index.php?rest_route=\/wp\/v2\/posts\/5289\/revisions"}],"predecessor-version":[{"id":5300,"href":"https:\/\/www.kgvspallart.at\/index.php?rest_route=\/wp\/v2\/posts\/5289\/revisions\/5300"}],"wp:attachment":[{"href":"https:\/\/www.kgvspallart.at\/index.php?rest_route=%2Fwp%2Fv2%2Fmedia&parent=5289"}],"wp:term":[{"taxonomy":"category","embeddable":true,"href":"https:\/\/www.kgvspallart.at\/index.php?rest_route=%2Fwp%2Fv2%2Fcategories&post=5289"},{"taxonomy":"post_tag","embeddable":true,"href":"https:\/\/www.kgvspallart.at\/index.php?rest_route=%2Fwp%2Fv2%2Ftags&post=5289"}],"curies":[{"name":"wp","href":"https:\/\/api.w.org\/{rel}","templated":true}]}}