{"id":5302,"date":"2018-02-08T07:57:41","date_gmt":"2018-02-08T06:57:41","guid":{"rendered":"http:\/\/www.kgvspallart.at\/?p=5302"},"modified":"2018-03-04T11:11:19","modified_gmt":"2018-03-04T10:11:19","slug":"generalversammlung-2017","status":"publish","type":"post","link":"https:\/\/www.kgvspallart.at\/?p=5302","title":{"rendered":"Generalversammlung 2018"},"content":{"rendered":"<h1><strong>E I N L A D U N G<\/strong><\/h1>\n<p>zu der am Sonntag, dem <strong>4. M\u00e4rz 2018 um 10.00 Uhr<\/strong> &#8211; im Schutzhaus&nbsp;\u201cAM AMEISBACH\u201d &#8211; Braillegasse 3, 1140 Wien stattfindenden<\/p>\n<h3><strong><u>G e n e r a l v e r s a m m l u n g<\/u><\/strong><\/h3>\n<h4><strong><u>Tagesordnung:<\/u><\/strong>&nbsp; &nbsp; &nbsp; &nbsp; &nbsp; &nbsp; &nbsp; &nbsp; &nbsp; &nbsp; &nbsp;&nbsp;<\/h4>\n<ol>\n<li>Best\u00e4tigung Wahlkomitee<\/li>\n<li>Verlesung des Protokolls<\/li>\n<li>Ehrungen<\/li>\n<li>Berichte (Obmann, Fachberatung, Kassier, Kontrolle)<\/li>\n<li>Neuwahlen<\/li>\n<li>Festsetzung der Beitr\u00e4ge f\u00fcr 2019<\/li>\n<li>Antr\u00e4ge<\/li>\n<li>Allf\u00e4lliges<\/li>\n<\/ol>\n<p><span style=\"color: #ff0000;\">Antr\u00e4ge sind bis 18. Februar 2018 schriftlich in der Vereinsleitung einzubringen.<\/span><\/p>\n<p><span style=\"font-family: 'Yanone Kaffeesatz Light';\">Aufgrund einer Beschlussfassung bei der Jahreshauptversammlung 2016 ist entgegen des \u00a7 12 der Satzungen der Vereinsstatuten die Jahreshauptversammlung ohne R\u00fccksicht auf<\/span>&nbsp;<span style=\"font-family: 'Yanone Kaffeesatz Light';\">die Anzahl der erschienenen Mitglieder zur einberufenen Zeit beschlussf\u00e4hig. <\/span><\/p>\n<p style=\"text-align: center;\"><span style=\"font-family: 'Yanone Kaffeesatz Light';\">Der Obmann<\/span><\/p>\n<p style=\"text-align: center;\">Komm.-Rat Gerhard Filippits&nbsp;&nbsp;<\/p>\n","protected":false},"excerpt":{"rendered":"<p>E I N L A D U N G zu der am Sonntag, dem 4. M\u00e4rz 2018 um 10.00 Uhr &#8211; im Schutzhaus&nbsp;\u201cAM AMEISBACH\u201d &#8211; Braillegasse 3, 1140 Wien stattfindenden G e n e r a l v e r s a m m l u n g Tagesordnung:&nbsp; &nbsp; &nbsp; &nbsp; &nbsp; &nbsp; &nbsp; &nbsp; &nbsp; &nbsp; &nbsp;&nbsp; Best\u00e4tigung Wahlkomitee Verlesung des Protokolls Ehrungen Berichte (Obmann, Fachberatung, Kassier, Kontrolle) Neuwahlen Festsetzung der Beitr\u00e4ge f\u00fcr 2019 Antr\u00e4ge Allf\u00e4lliges Antr\u00e4ge sind bis 18. Februar 2018 schriftlich in der Vereinsleitung einzubringen. Aufgrund einer Beschlussfassung bei der Jahreshauptversammlung 2016 ist entgegen des \u00a7 12 der Satzungen der Vereinsstatuten die Jahreshauptversammlung ohne R\u00fccksicht auf&nbsp;die Anzahl der erschienenen Mitglieder zur einberufenen Zeit beschlussf\u00e4hig. Der Obmann Komm.-Rat Gerhard Filippits&nbsp;&nbsp;<\/p>\n<p> <a class=\"continue-reading-link\" href=\"https:\/\/www.kgvspallart.at\/?p=5302\"><span>Mehr lesen<\/span><i class=\"crycon-right-dir\"><\/i><\/a> <\/p>\n","protected":false},"author":1,"featured_media":0,"comment_status":"closed","ping_status":"open","sticky":false,"template":"","format":"standard","meta":{"ngg_post_thumbnail":0,"footnotes":""},"categories":[6],"tags":[],"class_list":["post-5302","post","type-post","status-publish","format-standard","hentry","category-veranstaltungen"],"_links":{"self":[{"href":"https:\/\/www.kgvspallart.at\/index.php?rest_route=\/wp\/v2\/posts\/5302","targetHints":{"allow":["GET"]}}],"collection":[{"href":"https:\/\/www.kgvspallart.at\/index.php?rest_route=\/wp\/v2\/posts"}],"about":[{"href":"https:\/\/www.kgvspallart.at\/index.php?rest_route=\/wp\/v2\/types\/post"}],"author":[{"embeddable":true,"href":"https:\/\/www.kgvspallart.at\/index.php?rest_route=\/wp\/v2\/users\/1"}],"replies":[{"embeddable":true,"href":"https:\/\/www.kgvspallart.at\/index.php?rest_route=%2Fwp%2Fv2%2Fcomments&post=5302"}],"version-history":[{"count":5,"href":"https:\/\/www.kgvspallart.at\/index.php?rest_route=\/wp\/v2\/posts\/5302\/revisions"}],"predecessor-version":[{"id":5310,"href":"https:\/\/www.kgvspallart.at\/index.php?rest_route=\/wp\/v2\/posts\/5302\/revisions\/5310"}],"wp:attachment":[{"href":"https:\/\/www.kgvspallart.at\/index.php?rest_route=%2Fwp%2Fv2%2Fmedia&parent=5302"}],"wp:term":[{"taxonomy":"category","embeddable":true,"href":"https:\/\/www.kgvspallart.at\/index.php?rest_route=%2Fwp%2Fv2%2Fcategories&post=5302"},{"taxonomy":"post_tag","embeddable":true,"href":"https:\/\/www.kgvspallart.at\/index.php?rest_route=%2Fwp%2Fv2%2Ftags&post=5302"}],"curies":[{"name":"wp","href":"https:\/\/api.w.org\/{rel}","templated":true}]}}