{"id":5347,"date":"2018-04-14T13:01:56","date_gmt":"2018-04-14T11:01:56","guid":{"rendered":"http:\/\/www.kgvspallart.at\/?p=5347"},"modified":"2018-05-11T14:45:09","modified_gmt":"2018-05-11T12:45:09","slug":"bericht-des-fachberaters-vom-12-april-2018","status":"publish","type":"post","link":"https:\/\/www.kgvspallart.at\/?p=5347","title":{"rendered":"Bericht des Fachberaters vom 12. April 2018"},"content":{"rendered":"<p>Jetzt ist er da, der lange ersehnte Fr\u00fchling. Zuvor gab es noch ordentliche Nachtfr\u00f6ste. Die sind hoffentlich vorbei. Jetzt geht alles ganz schnell mit dem Bl\u00fchen in unseren G\u00e4rten.<br \/>\nUnd \u00fcber Nacht verwandeln sich unsere G\u00e4rten, wie jedes Jahr in ein duftendes Bl\u00fctenmeer.<br \/>\nZugleich beginnt auch die Arbeit in unseren G\u00e4rten. Denn nicht alles was da sprie\u00dft wollen wir in unserm Garten haben.<br \/>\nAlso werden unsere Beete schon flei\u00dfig bearbeitet und von allerlei Unkraut befreit.<br \/>\nEventuell aufgetretener Schneeschimmel in den Wiesen bedarf einiger Anstrengungen, um langsam wieder ansehnliche Rasenfl\u00e4chen zu erhalten. Erste D\u00fcngegaben f\u00fcr unseren Rasen sollten wir bereits erledigt haben, empfohlen wird eine Stickstoffd\u00fcngung mit N27 Nitramoncal. Leider ist dieser D\u00fcnger nur in gro\u00dfen Gebinden zu 25Kg erh\u00e4ltlich. Preis ca. 1,&#8211; EURO pro Kg.<br \/>\nDie Gr\u00e4ser k\u00f6nnen sich nun langsam aus ihrer Winterruhe entwickeln.<br \/>\nF\u00fcr ein eventuelles Vertikutieren sollte besser bis nach dem zweiten Rasenschnitt gewartet werden,<br \/>\nda sich bis dahin die durch den Winter geschw\u00e4chte Grasnarbe gefestigt hat.<br \/>\nVertikutierte Grasfl\u00e4chen ben\u00f6tigen etwas Quarzsand zur Verbesserung des Bodens. Es lockert den Boden auf und sorgt mit gesundem Bodenklima f\u00fcr gutes Wachstum unserer Gr\u00e4ser.<br \/>\nDoch nun zu unseren Obstb\u00e4umen. Letzte d\u00fcrre \u00c4ste und \u00fcbersehene Fruchtmumien unbedingt noch entfernen. All zu wild treibende Kernobstb\u00e4ume k\u00f6nnen noch geschnitten werden. Wundverschluss nicht vergessen. Den j\u00e4hrlichen Schnitt bei den Pfirsichb\u00e4umen sollten wir ebenfalls in Angriff nehmen. Die Kronen m\u00fcssen j\u00e4hrlich zur\u00fcckgeschnitten werden, um einerseits das Verkahlen der \u00c4ste zu vermeiden, anderseits die Fruchtertr\u00e4ge f\u00fcr das kommende Jahr sicherzustellen. Der Schnitt kann auch noch w\u00e4hrend der Bl\u00fcte geschehen.<br \/>\nBei Neupflanzungen von Obstb\u00e4umen sind einige wichtige Kriterien zu beachten.<br \/>\nNeu zu setzende Obstb\u00e4ume m\u00fcssen so tief gepflanzt werden, wie sie in der Baumschule gestanden sind. Zu beachten ist jedenfalls, dass die Veredlungsstelle ca.10 cm aus der Erde herausragt. Wichtig ist auch das Einsetzen eines Pfahles vor Einbringen des Baumes in die Pflanzgrube. Und holen unser Pflanzmaterial nur aus einem wirklich guten Garten Fachbetrieb.<br \/>\nWenn das Treiben und Bl\u00fchen in unseren G\u00e4rten in dieser Geschwindigkeit weitergeht, so werden unsere Kirschen-, Pfirsich- und Marillen B\u00e4ume in der n\u00e4chsten Zeit bl\u00fchen. Und wenn sie erst einmal zu bl\u00fchen beginnen, dann erwarten uns neue Herausforderungen. Bl\u00fctenmonilia und Triebspitzend\u00fcrre bedrohen unsere Steinobstgeh\u00f6lze. Eine 2-3malige Spritzung mit einem zugelassenen Pflanzenschutzmittel wie Baycor M, bei beginnender, voller und abwelkender Bl\u00fcte kann dagegen helfen. \u00d6fter deshalb, weil nicht alle Bl\u00fcten zur gleichen Zeit ge\u00f6ffnet sind, und der Moniliaerreger \u00fcber die Narben in die Pflanze eindringt.<br \/>\nWer im vergangenen Jahr an der Zwetschke starken Befall durch die sogenannte Narren- oder Taschenkrankheit hatte, sollte vorbeugen. Da auch hier die Infektion vermutlich \u00fcber die Narben erfolgt, ist eine Spritzung ebenfalls mit Baycor M wie erw\u00e4hnt angezeigt. Vielleicht k\u00f6nnen wir so diesen Infektionen einiges entgegensetzen.<br \/>\nUnsere K\u00fcbelpflanzen k\u00f6nnen wir langsam durch Frischluft abh\u00e4rten.<br \/>\nDie \u00dcbersiedlung Mitte Mai d\u00fcrfte dann keine allzu gro\u00dfen Probleme mit sich bringen.<br \/>\nIdeal ist nun auch das Setzen von diversen Stauden in unsere Beete oder Steing\u00e4rten. Hat der vergangene Winter doch auch hier mehr oder weniger gro\u00dfe Sch\u00e4den angerichtet.<br \/>\nUnd das Angebot in vielen Gartenbetrieben ist ja wie immer reichlich.<br \/>\nWas wir auch planen, es sollte die Freude best\u00e4rken ein Kleing\u00e4rtner zu sein.<br \/>\nGutes Gelingen und viel Erfolg, das w\u00fcnschen die Fachberater.<\/p>\n<p>WM<\/p>\n","protected":false},"excerpt":{"rendered":"<p>Jetzt ist er da, der lange ersehnte Fr\u00fchling. Zuvor gab es noch ordentliche Nachtfr\u00f6ste. Die sind hoffentlich vorbei. Jetzt geht alles ganz schnell mit dem Bl\u00fchen in unseren G\u00e4rten. Und \u00fcber Nacht verwandeln sich unsere G\u00e4rten, wie jedes Jahr in ein duftendes Bl\u00fctenmeer. Zugleich beginnt auch die Arbeit in unseren G\u00e4rten. Denn nicht alles was da sprie\u00dft wollen wir in unserm Garten haben. Also werden unsere Beete schon flei\u00dfig bearbeitet und von allerlei Unkraut befreit. Eventuell aufgetretener Schneeschimmel in den Wiesen bedarf einiger Anstrengungen, um langsam wieder ansehnliche Rasenfl\u00e4chen zu erhalten. Erste D\u00fcngegaben f\u00fcr unseren Rasen sollten wir bereits erledigt haben, empfohlen wird eine Stickstoffd\u00fcngung mit N27 Nitramoncal. Leider ist dieser D\u00fcnger nur in gro\u00dfen Gebinden zu 25Kg erh\u00e4ltlich. Preis ca. 1,&#8211; EURO pro Kg. Die Gr\u00e4ser k\u00f6nnen sich nun langsam aus ihrer Winterruhe entwickeln. F\u00fcr ein eventuelles Vertikutieren sollte besser bis nach dem zweiten Rasenschnitt gewartet werden, da sich&#8230;<\/p>\n<p> <a class=\"continue-reading-link\" href=\"https:\/\/www.kgvspallart.at\/?p=5347\"><span>Mehr lesen<\/span><i class=\"crycon-right-dir\"><\/i><\/a> <\/p>\n","protected":false},"author":1,"featured_media":0,"comment_status":"closed","ping_status":"open","sticky":false,"template":"","format":"standard","meta":{"ngg_post_thumbnail":0,"footnotes":""},"categories":[5],"tags":[],"class_list":["post-5347","post","type-post","status-publish","format-standard","hentry","category-fachberatung"],"_links":{"self":[{"href":"https:\/\/www.kgvspallart.at\/index.php?rest_route=\/wp\/v2\/posts\/5347","targetHints":{"allow":["GET"]}}],"collection":[{"href":"https:\/\/www.kgvspallart.at\/index.php?rest_route=\/wp\/v2\/posts"}],"about":[{"href":"https:\/\/www.kgvspallart.at\/index.php?rest_route=\/wp\/v2\/types\/post"}],"author":[{"embeddable":true,"href":"https:\/\/www.kgvspallart.at\/index.php?rest_route=\/wp\/v2\/users\/1"}],"replies":[{"embeddable":true,"href":"https:\/\/www.kgvspallart.at\/index.php?rest_route=%2Fwp%2Fv2%2Fcomments&post=5347"}],"version-history":[{"count":1,"href":"https:\/\/www.kgvspallart.at\/index.php?rest_route=\/wp\/v2\/posts\/5347\/revisions"}],"predecessor-version":[{"id":5348,"href":"https:\/\/www.kgvspallart.at\/index.php?rest_route=\/wp\/v2\/posts\/5347\/revisions\/5348"}],"wp:attachment":[{"href":"https:\/\/www.kgvspallart.at\/index.php?rest_route=%2Fwp%2Fv2%2Fmedia&parent=5347"}],"wp:term":[{"taxonomy":"category","embeddable":true,"href":"https:\/\/www.kgvspallart.at\/index.php?rest_route=%2Fwp%2Fv2%2Fcategories&post=5347"},{"taxonomy":"post_tag","embeddable":true,"href":"https:\/\/www.kgvspallart.at\/index.php?rest_route=%2Fwp%2Fv2%2Ftags&post=5347"}],"curies":[{"name":"wp","href":"https:\/\/api.w.org\/{rel}","templated":true}]}}