{"id":5350,"date":"2018-05-11T14:44:53","date_gmt":"2018-05-11T12:44:53","guid":{"rendered":"http:\/\/www.kgvspallart.at\/?p=5350"},"modified":"2018-07-12T18:21:37","modified_gmt":"2018-07-12T16:21:37","slug":"bericht-des-fachberaters-vom-9-mai-2018","status":"publish","type":"post","link":"https:\/\/www.kgvspallart.at\/?p=5350","title":{"rendered":"Bericht des Fachberaters vom 9. Mai 2018"},"content":{"rendered":"<p lang=\"en-US\">Eins, zwei, drei, im Sausesschritt, eilt die Zeit, wir eilen mit. So meinte einst Wilhelm Busch in launiger&nbsp;Art in einem seiner Verse. Und wer w\u00fcrde das, im Angesicht seines Gartens, nicht best\u00e4tigen.&nbsp;Die herrliche Pracht der Fr\u00fchlingsbl\u00fcher, wie Tulpen, Narzissen, Hyazinthen, ist vorbei. Die&nbsp;Bl\u00fctenf\u00fclle unserer Obstb\u00e4ume ist \u00fcber Nacht durch heftige Windb\u00f6en davongeweht. Erste Fruchtans\u00e4tze lassen uns auf etliche saftige K\u00f6stlichkeiten hoffen, wenn bis dahin auch noch einige Zeit&nbsp;verstreichen wird. Und &#8211; falls nicht verschiedenste Widernisse, wie Sch\u00e4dlinge aller Art, uns einen&nbsp;Strich durch unsere Erwartungen machen.<\/p>\n<p lang=\"en-US\">So Sind die Fruchtst\u00e4nde bei Tulpen und Narzissen schon entfernt um eine Samenbildung zu unterbinden. Die Zwiebel von abgebl\u00fchten Zwiebelpflanzen ausgraben und eingeschlagen an schattiger&nbsp;Stelle einziehen lassen.&nbsp;Fr\u00fchlingsbl\u00fchende Zierstr\u00e4ucher werden nun zur\u00fcckgeschnitten, auf da\u00df man Sich im n\u00e4chsten Jahr&nbsp;wieder an der Bl\u00fctenpracht an den einj\u00e4hrigen Trieben erfreuen darf.<\/p>\n<p lang=\"en-US\">Ab Mitte Mai k\u00f6nnen Sommerblumen ins Freiland gepflanzt werden. Doch auch hier Vorsicht! Lieber&nbsp;die Eism\u00e4nner abwarten, da diese erfahrungsgem\u00e4\u00df manchmal mit Nachtfr\u00f6sten \u00fcberraschen. Laut&nbsp;Prognosen scheinen die Eisheiligen aber heuer sehr zur\u00fcckhaltend zu agieren.<\/p>\n<p lang=\"en-US\">Aufmerksamkeit werden wir auch unseren Apfelb\u00e4umen wegen Mehltau widmen. Befallene Triebe bis&nbsp;ins gesunde Holz zur\u00fcckschneiden.&nbsp;Birnb\u00e4ume auf Bimengitterrost untersuchen. Bei ersten orangefarbenen Tupfern eine Sprialng (mit&nbsp;Baycor 0,05%, Vorsicht: fischgiftig!) in Erw\u00e4gung ziehen. An der Marille, die heuer durch den relativ&nbsp;trockenen Fr\u00fchling gute Fruchtans\u00e4tze bringt, zeigten Sich leider schon vereinzelt Triebspitzend\u00fcrre.&nbsp;Auch hier gilt es, bis ins gesunde Holz zur\u00fcckschneiden. 0b bei unserer Zwetschke die Bek\u00e4mpfung&nbsp;gegen die Pflaumens\u00e4gewespe, die heuer mancherorts ziemlich stark aufgetreten ist, und die Narren-&nbsp;oder Taschenkrankheit erfolgreich war, werden wir erst sp\u00e4ter realisieren k\u00f6nnen.<\/p>\n<p lang=\"en-US\">In fast allen G\u00e4rten kann man emsigste T\u00e4tigkeiten bei der Behandlung des geliebten Gr\u00fcns, unseres&nbsp;Rasens, bemerken. Rasenschnitt, Vertikutieren (Lockerung des Bodens mit gleichzeitigem Einstreuen&nbsp;von Quarzsand) erst nach dem zweiten Rasenschnitt, D\u00fcngung (vor allem mit Stickstoff), Ausbesserung, Nachsaaten, alles in vollem Gang. Wichtig zu beachten bei Nachsaaten ist vor allem das gleichm\u00e4\u00dfige und regelm\u00e4\u00dfige Bew\u00e4ssern. Die eingeleitete Keimung der Grassamen durch ausreichende&nbsp;Feuchthaltung kann nicht mehr gestoppt werden. Und ein sp\u00e4teres Austrocknen f\u00fchrt unwiderruflich&nbsp;zum Absterben der jungen Pflanzen. Die Entt\u00e4uschung ist gro\u00df, kommt statt des erwarteten Gr\u00fcn&nbsp;&#8211; nichts. Wichtig ebenfalls das regelm\u00e4\u00dfige M\u00e4hen des Rasens. Etwa einmal w\u00f6chentlich. Die Schnitth\u00f6he sollte zwischen 3,5-5 cm liegen. Doch das Sind eher individuelle, pers\u00f6nliche Erfahrungswerte,&nbsp;die bei jedem etwas anders liegen m\u00f6gen.<\/p>\n<p lang=\"en-US\">Auch unser Gem\u00fcse darf jetzt nicht zu kurz kommen. Aussaat von Stangenbohnen etwa um den 10.&nbsp;Mai. Tomaten-, Salat-, Sellerie-, Kohlr\u00fcbenpfl\u00e4nzchen aussetzen. Bei Erbsen ist auf die Fruchtfolge&nbsp;zu achten. Die Anbauphase zwischen zwei Erbsenkulturen sollte mindestens 2-3 Jahre betragen, da&nbsp;ansonsten verschiedenste Welkekrankheiten zu erheblichen Ausf\u00e4llen f\u00fchren k\u00f6nnen.<\/p>\n<p lang=\"en-US\">All unser Werken und Bem\u00fchen ist reichlich belohnt, wenn wir voll Freude das Werden und Gedeihen in unseren gr\u00fcnen Reichen, in ruhigen Stunden genie\u00dfen. Beobachten auch unsere Gaste &#8211; wer&nbsp;immer die auch sein m\u00f6gen &#8211; K\u00e4fer, Bienen, Schmetterlinge, lgel, Eichh\u00f6rnchen und viele mehr. Nicht&nbsp;zuletzt unsere V\u00f6gel, die dank guter Winterf\u00fctterung &#8211; hoffentlich &#8211; an Nistk\u00e4sten gew\u00f6hnt und von&nbsp;ihnen auch emsig benutzt werden. Und schon bald sehen wir das muntere Treiben der Jungv\u00f6gel.<\/p>\n<p lang=\"en-US\">Erfreuen wir uns an all dem &#8211; es gibt ohnehin viel zu wenig Erfreuliches in dieser Welt.<\/p>\n","protected":false},"excerpt":{"rendered":"<p>Eins, zwei, drei, im Sausesschritt, eilt die Zeit, wir eilen mit. So meinte einst Wilhelm Busch in launiger&nbsp;Art in einem seiner Verse. Und wer w\u00fcrde das, im Angesicht seines Gartens, nicht best\u00e4tigen.&nbsp;Die herrliche Pracht der Fr\u00fchlingsbl\u00fcher, wie Tulpen, Narzissen, Hyazinthen, ist vorbei. Die&nbsp;Bl\u00fctenf\u00fclle unserer Obstb\u00e4ume ist \u00fcber Nacht durch heftige Windb\u00f6en davongeweht. Erste Fruchtans\u00e4tze lassen uns auf etliche saftige K\u00f6stlichkeiten hoffen, wenn bis dahin auch noch einige Zeit&nbsp;verstreichen wird. Und &#8211; falls nicht verschiedenste Widernisse, wie Sch\u00e4dlinge aller Art, uns einen&nbsp;Strich durch unsere Erwartungen machen. So Sind die Fruchtst\u00e4nde bei Tulpen und Narzissen schon entfernt um eine Samenbildung zu unterbinden. Die Zwiebel von abgebl\u00fchten Zwiebelpflanzen ausgraben und eingeschlagen an schattiger&nbsp;Stelle einziehen lassen.&nbsp;Fr\u00fchlingsbl\u00fchende Zierstr\u00e4ucher werden nun zur\u00fcckgeschnitten, auf da\u00df man Sich im n\u00e4chsten Jahr&nbsp;wieder an der Bl\u00fctenpracht an den einj\u00e4hrigen Trieben erfreuen darf. Ab Mitte Mai k\u00f6nnen Sommerblumen ins Freiland gepflanzt werden. Doch auch hier Vorsicht! Lieber&nbsp;die Eism\u00e4nner abwarten, da diese&#8230;<\/p>\n<p> <a class=\"continue-reading-link\" href=\"https:\/\/www.kgvspallart.at\/?p=5350\"><span>Mehr lesen<\/span><i class=\"crycon-right-dir\"><\/i><\/a> <\/p>\n","protected":false},"author":1,"featured_media":0,"comment_status":"closed","ping_status":"open","sticky":false,"template":"","format":"standard","meta":{"ngg_post_thumbnail":0,"footnotes":""},"categories":[5],"tags":[],"class_list":["post-5350","post","type-post","status-publish","format-standard","hentry","category-fachberatung"],"_links":{"self":[{"href":"https:\/\/www.kgvspallart.at\/index.php?rest_route=\/wp\/v2\/posts\/5350","targetHints":{"allow":["GET"]}}],"collection":[{"href":"https:\/\/www.kgvspallart.at\/index.php?rest_route=\/wp\/v2\/posts"}],"about":[{"href":"https:\/\/www.kgvspallart.at\/index.php?rest_route=\/wp\/v2\/types\/post"}],"author":[{"embeddable":true,"href":"https:\/\/www.kgvspallart.at\/index.php?rest_route=\/wp\/v2\/users\/1"}],"replies":[{"embeddable":true,"href":"https:\/\/www.kgvspallart.at\/index.php?rest_route=%2Fwp%2Fv2%2Fcomments&post=5350"}],"version-history":[{"count":1,"href":"https:\/\/www.kgvspallart.at\/index.php?rest_route=\/wp\/v2\/posts\/5350\/revisions"}],"predecessor-version":[{"id":5351,"href":"https:\/\/www.kgvspallart.at\/index.php?rest_route=\/wp\/v2\/posts\/5350\/revisions\/5351"}],"wp:attachment":[{"href":"https:\/\/www.kgvspallart.at\/index.php?rest_route=%2Fwp%2Fv2%2Fmedia&parent=5350"}],"wp:term":[{"taxonomy":"category","embeddable":true,"href":"https:\/\/www.kgvspallart.at\/index.php?rest_route=%2Fwp%2Fv2%2Fcategories&post=5350"},{"taxonomy":"post_tag","embeddable":true,"href":"https:\/\/www.kgvspallart.at\/index.php?rest_route=%2Fwp%2Fv2%2Ftags&post=5350"}],"curies":[{"name":"wp","href":"https:\/\/api.w.org\/{rel}","templated":true}]}}