{"id":5353,"date":"2018-07-12T20:30:42","date_gmt":"2018-07-12T18:30:42","guid":{"rendered":"http:\/\/www.kgvspallart.at\/?p=5353"},"modified":"2018-09-13T22:55:11","modified_gmt":"2018-09-13T20:55:11","slug":"bericht-des-fachberaters-vom-12-juli-2018","status":"publish","type":"post","link":"https:\/\/www.kgvspallart.at\/?p=5353","title":{"rendered":"Bericht des Fachberaters vom 12. Juli 2018"},"content":{"rendered":"<div class=\"page\" title=\"Page 1\">\n<div class=\"layoutArea\">\n<div class=\"column\">\n<p>Ich freue mich zumindest bei der letzten Sitzung vor der Sommerpause selbst anwesend sein zu k\u00f6nnen. Der Unfall hat mich etwas aus der Bahn geworfen und es wird auch noch einige Zeit dauern bis meine Gesundheit wieder hergestellt ist. Trotzdem bin ich froh, dass es nicht schlimmer gekommen ist.<\/p>\n<p>Heute m\u00f6chte ich Ihnen wieder von unserer T\u00e4tigkeit in der Fachgruppe berichten.&nbsp;So hatten wir, wie jedes Jahr im Juni, Gartenberatungen geplant.&nbsp;Es sind allerdings aus zeitlichen und organisatorischen Gr\u00fcnden nur zwei Termine zustande gekommen.<\/p>\n<p>Die Gartenberatung im Kleingartenverein Tratzerberg hat planm\u00e4\u00dfig Stattgefunden.&nbsp;Wenn auch nicht so effizient wie gew\u00fcnscht da viele der Gartenbesitzer nicht anwesend waren.&nbsp;Die Gartenberatung im Kleingartenverein Rosental konnte heuer durchgef\u00fchrt werden, wo sie doch im vergangenen Jahr buchst\u00e4blich ins Wasser gefallen ist.&nbsp;Dennoch waren sehr viele der Gartenbesitzer, trotz Ank\u00fcndigung, nicht anwesend. Anwesende Gartenbesitzer begr\u00fc\u00dften die Aktion und waren gegen\u00fcber den Fachberatern sehr aufgeschlossen.<\/p>\n<p>Das zeigt, dass diese Beratungen sich zu einer beliebten Einrichtung entwickelt haben.&nbsp;F\u00fcr das kommende Jahr nehmen wir eben einen neuen Anlauf f\u00fcr diese wichtige Aufgabe. Mit unseren Beratungen kommen wir also gut an. Da wir immer auch unsere Neulinge mitnehmen, sind wir \u00fcberzeugt, dass wir \u201cDie Fachberater\u201c auch in Zukunft unser Wissen sicher weitergeben k\u00f6nnen.<\/p>\n<p>Auch Termine zu Sitzungen der Landesfachgruppe wurden wahrgenommen.&nbsp;Dabei geht es meist um BIO Diversit\u00e4ten im Kleingarten sowie diverse Obstsorten fr\u00fcher und heute.&nbsp;Auch werden immer wieder sehr interessante Vortr\u00e4ge zu verschieden Themen gebracht, die ich in die Gruppe trage.<\/p>\n<p>Soweit ein kleiner Einblick zu unseren Aktivit\u00e4ten.&nbsp;Wer mehr wissen m\u00f6chte besucht uns einfach jeden dritten Donnerstag im Monat ab 19:00 Uhr hier. Au\u00dfer Juli und August.<\/p>\n<p>Freuen wir uns auf die n\u00e4chsten kommenden sch\u00f6nen Tage, und lassen wir es uns bis zu den kommenden Arbeiten im Garten gut gehen. Schlie\u00dflich haben wir Urlaubszeit.&nbsp;Einen sch\u00f6nen und erholsamen Zeit und kommen sie gesund durch den Sommer.<\/p>\n<p>Das w\u00fcnschen ihnen die Fachberater und ich ganz besonders.<\/p>\n<\/div>\n<\/div>\n<div class=\"layoutArea\">\n<div class=\"column\">\n<p>wm<\/p>\n<\/div>\n<\/div>\n<\/div>\n","protected":false},"excerpt":{"rendered":"<p>Ich freue mich zumindest bei der letzten Sitzung vor der Sommerpause selbst anwesend sein zu k\u00f6nnen. Der Unfall hat mich etwas aus der Bahn geworfen und es wird auch noch einige Zeit dauern bis meine Gesundheit wieder hergestellt ist. Trotzdem bin ich froh, dass es nicht schlimmer gekommen ist. Heute m\u00f6chte ich Ihnen wieder von unserer T\u00e4tigkeit in der Fachgruppe berichten.&nbsp;So hatten wir, wie jedes Jahr im Juni, Gartenberatungen geplant.&nbsp;Es sind allerdings aus zeitlichen und organisatorischen Gr\u00fcnden nur zwei Termine zustande gekommen. Die Gartenberatung im Kleingartenverein Tratzerberg hat planm\u00e4\u00dfig Stattgefunden.&nbsp;Wenn auch nicht so effizient wie gew\u00fcnscht da viele der Gartenbesitzer nicht anwesend waren.&nbsp;Die Gartenberatung im Kleingartenverein Rosental konnte heuer durchgef\u00fchrt werden, wo sie doch im vergangenen Jahr buchst\u00e4blich ins Wasser gefallen ist.&nbsp;Dennoch waren sehr viele der Gartenbesitzer, trotz Ank\u00fcndigung, nicht anwesend. Anwesende Gartenbesitzer begr\u00fc\u00dften die Aktion und waren gegen\u00fcber den Fachberatern sehr aufgeschlossen. Das zeigt, dass diese Beratungen sich zu&#8230;<\/p>\n<p> <a class=\"continue-reading-link\" href=\"https:\/\/www.kgvspallart.at\/?p=5353\"><span>Mehr lesen<\/span><i class=\"crycon-right-dir\"><\/i><\/a> <\/p>\n","protected":false},"author":1,"featured_media":0,"comment_status":"closed","ping_status":"open","sticky":false,"template":"","format":"standard","meta":{"ngg_post_thumbnail":0,"footnotes":""},"categories":[5],"tags":[],"class_list":["post-5353","post","type-post","status-publish","format-standard","hentry","category-fachberatung"],"_links":{"self":[{"href":"https:\/\/www.kgvspallart.at\/index.php?rest_route=\/wp\/v2\/posts\/5353","targetHints":{"allow":["GET"]}}],"collection":[{"href":"https:\/\/www.kgvspallart.at\/index.php?rest_route=\/wp\/v2\/posts"}],"about":[{"href":"https:\/\/www.kgvspallart.at\/index.php?rest_route=\/wp\/v2\/types\/post"}],"author":[{"embeddable":true,"href":"https:\/\/www.kgvspallart.at\/index.php?rest_route=\/wp\/v2\/users\/1"}],"replies":[{"embeddable":true,"href":"https:\/\/www.kgvspallart.at\/index.php?rest_route=%2Fwp%2Fv2%2Fcomments&post=5353"}],"version-history":[{"count":1,"href":"https:\/\/www.kgvspallart.at\/index.php?rest_route=\/wp\/v2\/posts\/5353\/revisions"}],"predecessor-version":[{"id":5354,"href":"https:\/\/www.kgvspallart.at\/index.php?rest_route=\/wp\/v2\/posts\/5353\/revisions\/5354"}],"wp:attachment":[{"href":"https:\/\/www.kgvspallart.at\/index.php?rest_route=%2Fwp%2Fv2%2Fmedia&parent=5353"}],"wp:term":[{"taxonomy":"category","embeddable":true,"href":"https:\/\/www.kgvspallart.at\/index.php?rest_route=%2Fwp%2Fv2%2Fcategories&post=5353"},{"taxonomy":"post_tag","embeddable":true,"href":"https:\/\/www.kgvspallart.at\/index.php?rest_route=%2Fwp%2Fv2%2Ftags&post=5353"}],"curies":[{"name":"wp","href":"https:\/\/api.w.org\/{rel}","templated":true}]}}