{"id":5369,"date":"2018-09-13T22:54:58","date_gmt":"2018-09-13T20:54:58","guid":{"rendered":"http:\/\/www.kgvspallart.at\/?p=5369"},"modified":"2018-10-12T18:13:26","modified_gmt":"2018-10-12T16:13:26","slug":"bericht-des-fachberaters-vom-13-september-2018","status":"publish","type":"post","link":"https:\/\/www.kgvspallart.at\/?p=5369","title":{"rendered":"Bericht des Fachberaters vom 13. September 2018"},"content":{"rendered":"<p lang=\"en-US\">Auch im Herbst so goldig und sch\u00f6n er ist wenn Sich die Bl\u00e4tter f\u00e4rben&nbsp;stehen noch einige Arbeiten im Garten an.<\/p>\n<p lang=\"en-US\">Wichtig f\u00fcr den Rasen ist es im September noch einmal zu d\u00fcngen, gut&nbsp;bewehrt hat Sich von Subtral der Herbstd\u00fcnger, er kr\u00e4ftigt die Halme&nbsp;und sorgt f\u00fcr starkes Gr\u00fcn ohne durch zu viel Stickstoff das Wachstum&nbsp;zu sehr anzuregen (gut eingiessen) .Weiters sollte der Rasen noch&nbsp;gem\u00e4ht und von Laub freigehalten werden.<\/p>\n<p lang=\"en-US\">1m September sollten auch die Leimringe an unseren Obstb\u00e4umen&nbsp;angebracht werden um diese vor dem Frostspanner zu sch\u00fctzen. Nicht&nbsp;vergessen bei jungen B\u00e4umen auch dem St\u00fctzpfahl einen Leimring&nbsp;verpassen. Bei den Obstb\u00e4umen kann auch schon begonnen werden die&nbsp;abgestorbenen \u00c4ste und ganz wichtig Fruchtmumien zu entfernen.&nbsp;Nat\u00fcrlich wenn der eine oder andere Apfelbaum noch tr\u00e4gt erst sp\u00e4ter&nbsp;schneiden, Steinobst jedoch schon im September.<\/p>\n<p lang=\"en-US\">Ein guter Zeitpunkt ist jetzt auch um Laub- sowie Nadelhecken zu&nbsp;schneiden. Ebenso kann man seine Hecke vor dem Winter noch etwas&nbsp;st\u00e4rken und Hornsp\u00e4ne im Wurzelbereich einbringen. Beerenstr\u00e4ucher&nbsp;sollten ebenso ausgelichtet und falls kaum noch Triebwachstum&nbsp;vorhanden ist zur\u00fcck geschnitten werden.<\/p>\n<p lang=\"en-US\">1m Herbst l\u00e4sst langsam die Bl\u00fctenpracht im Garten nach, zwei sch\u00f6ne&nbsp;Herbstbl\u00fcher im Garten Sind z.B. der M\u00f6nchspfeffer (lat. Vitex) oder&nbsp;auch der Kopfbusch (lat. CephaIanthus).<\/p>\n<p lang=\"en-US\">Vor den ersten Nachtfr\u00f6sten sollten dann noch Kartoffel geerntet und&nbsp;Dahlien eingewintert werden.<\/p>\n<p lang=\"en-US\">Doch bis es kalt wird bleibt uns noch etwas Zeit und ich w\u00fcnsche einen&nbsp;farbenfrohen sonnigen Herbst<\/p>\n<p lang=\"en-US\">Mit freundlichen Gr\u00fc\u00dfen<\/p>\n<p lang=\"en-US\">Rottensteiner Werner<\/p>\n","protected":false},"excerpt":{"rendered":"<p>Auch im Herbst so goldig und sch\u00f6n er ist wenn Sich die Bl\u00e4tter f\u00e4rben&nbsp;stehen noch einige Arbeiten im Garten an. Wichtig f\u00fcr den Rasen ist es im September noch einmal zu d\u00fcngen, gut&nbsp;bewehrt hat Sich von Subtral der Herbstd\u00fcnger, er kr\u00e4ftigt die Halme&nbsp;und sorgt f\u00fcr starkes Gr\u00fcn ohne durch zu viel Stickstoff das Wachstum&nbsp;zu sehr anzuregen (gut eingiessen) .Weiters sollte der Rasen noch&nbsp;gem\u00e4ht und von Laub freigehalten werden. 1m September sollten auch die Leimringe an unseren Obstb\u00e4umen&nbsp;angebracht werden um diese vor dem Frostspanner zu sch\u00fctzen. Nicht&nbsp;vergessen bei jungen B\u00e4umen auch dem St\u00fctzpfahl einen Leimring&nbsp;verpassen. Bei den Obstb\u00e4umen kann auch schon begonnen werden die&nbsp;abgestorbenen \u00c4ste und ganz wichtig Fruchtmumien zu entfernen.&nbsp;Nat\u00fcrlich wenn der eine oder andere Apfelbaum noch tr\u00e4gt erst sp\u00e4ter&nbsp;schneiden, Steinobst jedoch schon im September. Ein guter Zeitpunkt ist jetzt auch um Laub- sowie Nadelhecken zu&nbsp;schneiden. Ebenso kann man seine Hecke vor dem Winter noch etwas&nbsp;st\u00e4rken und Hornsp\u00e4ne im Wurzelbereich&#8230;<\/p>\n<p> <a class=\"continue-reading-link\" href=\"https:\/\/www.kgvspallart.at\/?p=5369\"><span>Mehr lesen<\/span><i class=\"crycon-right-dir\"><\/i><\/a> <\/p>\n","protected":false},"author":1,"featured_media":0,"comment_status":"closed","ping_status":"open","sticky":false,"template":"","format":"standard","meta":{"ngg_post_thumbnail":0,"footnotes":""},"categories":[5],"tags":[],"class_list":["post-5369","post","type-post","status-publish","format-standard","hentry","category-fachberatung"],"_links":{"self":[{"href":"https:\/\/www.kgvspallart.at\/index.php?rest_route=\/wp\/v2\/posts\/5369","targetHints":{"allow":["GET"]}}],"collection":[{"href":"https:\/\/www.kgvspallart.at\/index.php?rest_route=\/wp\/v2\/posts"}],"about":[{"href":"https:\/\/www.kgvspallart.at\/index.php?rest_route=\/wp\/v2\/types\/post"}],"author":[{"embeddable":true,"href":"https:\/\/www.kgvspallart.at\/index.php?rest_route=\/wp\/v2\/users\/1"}],"replies":[{"embeddable":true,"href":"https:\/\/www.kgvspallart.at\/index.php?rest_route=%2Fwp%2Fv2%2Fcomments&post=5369"}],"version-history":[{"count":1,"href":"https:\/\/www.kgvspallart.at\/index.php?rest_route=\/wp\/v2\/posts\/5369\/revisions"}],"predecessor-version":[{"id":5370,"href":"https:\/\/www.kgvspallart.at\/index.php?rest_route=\/wp\/v2\/posts\/5369\/revisions\/5370"}],"wp:attachment":[{"href":"https:\/\/www.kgvspallart.at\/index.php?rest_route=%2Fwp%2Fv2%2Fmedia&parent=5369"}],"wp:term":[{"taxonomy":"category","embeddable":true,"href":"https:\/\/www.kgvspallart.at\/index.php?rest_route=%2Fwp%2Fv2%2Fcategories&post=5369"},{"taxonomy":"post_tag","embeddable":true,"href":"https:\/\/www.kgvspallart.at\/index.php?rest_route=%2Fwp%2Fv2%2Ftags&post=5369"}],"curies":[{"name":"wp","href":"https:\/\/api.w.org\/{rel}","templated":true}]}}