{"id":5412,"date":"2019-02-19T20:32:27","date_gmt":"2019-02-19T19:32:27","guid":{"rendered":"http:\/\/www.kgvspallart.at\/?p=5412"},"modified":"2019-03-20T20:20:38","modified_gmt":"2019-03-20T19:20:38","slug":"bericht-der-fachberater-vom-14-februar-2019","status":"publish","type":"post","link":"https:\/\/www.kgvspallart.at\/?p=5412","title":{"rendered":"Bericht der Fachberater vom 14. Februar 2019"},"content":{"rendered":"\n<p>Laut Kalender ist der Winter da. Kurzfristig hat uns dieser Winter sogar eine geschlossen Schneedecke geboten. Im Moment schaut es wieder nach Fr\u00fchling aus und schon bald k\u00f6nnten unsere Immergr\u00fcnen Wasser ben\u00f6tigen. Deshalb ist es notwendig bei fehlender Schneedecke die B\u00f6den zu beobachten um eine stark Austrocknung zu verhindern. Eine fehlende Schneedecke und stak schwankende Temperaturen in den Wintermonaten sind nicht zu untersch\u00e4tzen. Bei milden Temperaturen k\u00f6nnen wir es dann wagen die Wasserzufuhr wenigstens Zeitweise aufzudrehen um zumindest unsere Immergr\u00fcnen zu versorgen. Sp\u00e4tere Trockensch\u00e4den sind irreparabel. F\u00fcr unsere Geldbeutel nicht gerade erfreulich, so fr\u00fch im Jahr schon mit dem Gie\u00dfen beginnen zu m\u00fcssen. Anderseits haben wir viel Zeit eingespart die wir sonst mit dem Freischaufeln von Wegen verbracht h\u00e4tten.<\/p>\n\n\n\n<p>V\u00f6gel, unsere braven Helfer, sollten weiterhin gef\u00fcttert werden. Auch wenn sie kaum vom angebotenen Futter Gebrauch machen. Scheinbar finden sie immer noch gen\u00fcgend Futter in der Umgebung. Zu beachten ist aber weiterhin, dass die Futterpl\u00e4tze so installiert sind, dass sie von Angreifern wie streunenden Katzen, Eichk\u00e4tzchen und Raben nicht zu leicht unbemerkt erreichbar sind. Wenn jetzt auch nicht allzu viel im Garten zu tun ist, so werden wir uns auf die anstehenden Arbeiten vorbereiten.<br>So sind vor allem die j\u00fcngeren B\u00e4ume vor Frostsch\u00e4den zu sch\u00fctzen, die immer noch auftreten k\u00f6nnen. Da unter Tags in der Sonne langsam Temperaturen weit \u00fcber dem Gefrierpunkt erreicht werden, kommt es in unseren B\u00e4umen zum aufsteigenden Saftfluss. Dieser kann bei den m\u00f6glichen tieferen Nachttemperaturen gefrieren. Die Folge Frostaufbr\u00fcche.<br>Um unsere B\u00e4ume davor zu bewahren, sollten die St\u00e4mme z. B. durch Wei\u00dfanstrich oder Abdecken mit Brettern oder andere Ma\u00dfnahmen, vor direkter Sonneneinstrahlung gesch\u00fctzt werden. Im Fachhandel werden diverse Mittel f\u00fcr den Anstrich angeboten.<br>Jetzt Anfang Februar k\u00f6nnen an trockenen und frostarmen Tagen Apfel- und Birnb\u00e4ume ausgelichtet werden. Ebenso Johannisbeere- und Stachelbeerstr\u00e4ucher. Auch auf die 0,5%tige Kupferspritzung an frostfreien Tagen mit zumindest +10\u00b0C gegen die Kr\u00e4uselkrankheit bei Pfirsich und Nektarine sollte nicht vergessen werden. Wird mit einer 3%tigen Schwefelspritzung gegen die Birnenblatt Pocken Milbe gespritzt, sollte dies ebenfalls erst bei etwa +10\u00b0C geschehen. All diese Spritzungen sollten in tropfnasser Benetzung erfolgen. Nur so wird eine optimale Wirkung zu erzielen sein.<\/p>\n\n\n\n<p>Das Werkzeug f\u00fcr unsere Gartenarbeiten wird \u00fcberpr\u00fcft und wenn n\u00f6tig repariert. Irreparables muss ersetzt werden. Dabei ist auf Qualit\u00e4t zu achten. Vielleicht ist der Gedanke, den einen oder anderen Obstbaum zu pflanzen \u00fcberlegenswert. In unseren Kleing\u00e4rten werden Obstb\u00e4ume zusehends weniger. In unseren G\u00e4rten sollte jedoch kein Obstbaum fehlen. Macht er doch gerade den Kleingarten aus. \u00dcberlegenswert ist vor allem was und womit wir neu gestalten, oder auch Bew\u00e4hrtes beibehalten wollen.<\/p>\n\n\n\n<p>Was wir auch planen, es sollte in jedem Fall die Freude best\u00e4rken ein Kleing\u00e4rtner zu sein.<br>Dazu w\u00fcnschen die Fachberater gutes Gelingen und viel Erfolg f\u00fcr Ihre und unsere Vorhaben im neuen Gartenjahr.<\/p>\n\n\n\n<p>WM<\/p>\n\n\n\n<p>Endlich ist es wieder soweit , der Fr\u00fchling steht in den Startl\u00f6chern und langsam kann man auch im Garten beginnen erste Handgriffe zu machen. Falls noch ausst\u00e4ndig sollten B\u00e4ume und Str\u00e4ucher geschnitten werden. Auch sollte das Laub vom Herbst im Garten entfernt werden, ganz besonders vom Rasen da bei sonnigen Tagen dieser schon langsam zu wachsen beginnt.<\/p>\n\n\n\n<p>Die Gem\u00fcsebeete k\u00f6nnen schon vorbereitet werden und wer noch keinen Kompost im Herbst eingearbeitet hat sollte dies jetzt in Angriff nehmen, auch Hornsp\u00e4ne sind m\u00f6glich. Bei unseren Gartenkr\u00e4utern sollten ebenfalls jetzt abgefrorene Teile entfernt werden um den zarten Nachwuchs nicht zu verlieren falls erst sp\u00e4ter geschnitten wird.<\/p>\n\n\n\n<p>Die Ziergr\u00e4ser die hoffentlich \u00fcber den Winter stehen durften sollten in sonniger Lage schon bis kurz \u00fcber den Boden zur\u00fcck geschnitten werden, nicht zu sp\u00e4t im Fr\u00fchjahr um nicht die neuen Halme mit zu schneiden. Auch ist es ideal jetzt falls n\u00f6tig und gew\u00fcnscht Ziergr\u00e4ser zu teilen, vorausgesetzt der Boden ist vollst\u00e4ndig aufgetaut. Wer im Herbst keine Zwiebeln f\u00fcr Fr\u00fchjahrsbl\u00fcher gepflanzt hat muss nicht ganz darauf verzichten und kann bewurzelte Zwiebeln im Topf kaufen und jetzt pflanzen. Die ein oder andere bl\u00fchende Primel oder Hyazinthe macht nicht nur einen sch\u00f6nen Farbklecks im Garten, es hilft auch den ersten Insekten Nahrung zu finden da diese an w\u00e4rmeren Tagen schon fleissig unterwegs sind. Wer m\u00f6chte und ein gro\u00dfes helles Fensterbrett hat kann auch schon beginnen die ersten Gem\u00fcsepflanzen und Sommerblumen vorzuziehen ( Tipp: das Saatgut ein wenig mit Erde \u00fcbersieben und feucht halten bis zum Austrieb). <\/p>\n\n\n\n<p>Liebe Gartler geniesst die ersten Sonnenstrahlen und schiebt die Arbeit nicht auf so habt Ihr im Sommer mehr Freude in Eurem kleinen Reich.<\/p>\n\n\n\n<p>Mit freundlichen Gr\u00fc\u00dfen Werner Rottensteiner&nbsp;<\/p>\n","protected":false},"excerpt":{"rendered":"<p>Laut Kalender ist der Winter da. Kurzfristig hat uns dieser Winter sogar eine geschlossen Schneedecke geboten. Im Moment schaut es wieder nach Fr\u00fchling aus und schon bald k\u00f6nnten unsere Immergr\u00fcnen Wasser ben\u00f6tigen. Deshalb ist es notwendig bei fehlender Schneedecke die B\u00f6den zu beobachten um eine stark Austrocknung zu verhindern. Eine fehlende Schneedecke und stak schwankende Temperaturen in den Wintermonaten sind nicht zu untersch\u00e4tzen. Bei milden Temperaturen k\u00f6nnen wir es dann wagen die Wasserzufuhr wenigstens Zeitweise aufzudrehen um zumindest unsere Immergr\u00fcnen zu versorgen. Sp\u00e4tere Trockensch\u00e4den sind irreparabel. F\u00fcr unsere Geldbeutel nicht gerade erfreulich, so fr\u00fch im Jahr schon mit dem Gie\u00dfen beginnen zu m\u00fcssen. Anderseits haben wir viel Zeit eingespart die wir sonst mit dem Freischaufeln von Wegen verbracht h\u00e4tten. V\u00f6gel, unsere braven Helfer, sollten weiterhin gef\u00fcttert werden. Auch wenn sie kaum vom angebotenen Futter Gebrauch machen. Scheinbar finden sie immer noch gen\u00fcgend Futter in der Umgebung. Zu beachten ist aber&#8230;<\/p>\n<p> <a class=\"continue-reading-link\" href=\"https:\/\/www.kgvspallart.at\/?p=5412\"><span>Mehr lesen<\/span><i class=\"crycon-right-dir\"><\/i><\/a> <\/p>\n","protected":false},"author":1,"featured_media":0,"comment_status":"closed","ping_status":"open","sticky":false,"template":"","format":"standard","meta":{"ngg_post_thumbnail":0,"footnotes":""},"categories":[5],"tags":[],"class_list":["post-5412","post","type-post","status-publish","format-standard","hentry","category-fachberatung"],"_links":{"self":[{"href":"https:\/\/www.kgvspallart.at\/index.php?rest_route=\/wp\/v2\/posts\/5412","targetHints":{"allow":["GET"]}}],"collection":[{"href":"https:\/\/www.kgvspallart.at\/index.php?rest_route=\/wp\/v2\/posts"}],"about":[{"href":"https:\/\/www.kgvspallart.at\/index.php?rest_route=\/wp\/v2\/types\/post"}],"author":[{"embeddable":true,"href":"https:\/\/www.kgvspallart.at\/index.php?rest_route=\/wp\/v2\/users\/1"}],"replies":[{"embeddable":true,"href":"https:\/\/www.kgvspallart.at\/index.php?rest_route=%2Fwp%2Fv2%2Fcomments&post=5412"}],"version-history":[{"count":1,"href":"https:\/\/www.kgvspallart.at\/index.php?rest_route=\/wp\/v2\/posts\/5412\/revisions"}],"predecessor-version":[{"id":5413,"href":"https:\/\/www.kgvspallart.at\/index.php?rest_route=\/wp\/v2\/posts\/5412\/revisions\/5413"}],"wp:attachment":[{"href":"https:\/\/www.kgvspallart.at\/index.php?rest_route=%2Fwp%2Fv2%2Fmedia&parent=5412"}],"wp:term":[{"taxonomy":"category","embeddable":true,"href":"https:\/\/www.kgvspallart.at\/index.php?rest_route=%2Fwp%2Fv2%2Fcategories&post=5412"},{"taxonomy":"post_tag","embeddable":true,"href":"https:\/\/www.kgvspallart.at\/index.php?rest_route=%2Fwp%2Fv2%2Ftags&post=5412"}],"curies":[{"name":"wp","href":"https:\/\/api.w.org\/{rel}","templated":true}]}}