{"id":5432,"date":"2019-03-20T20:20:20","date_gmt":"2019-03-20T19:20:20","guid":{"rendered":"http:\/\/www.kgvspallart.at\/?p=5432"},"modified":"2019-04-13T13:20:40","modified_gmt":"2019-04-13T11:20:40","slug":"bericht-des-fachberaters-vom-14-maerz-2019","status":"publish","type":"post","link":"https:\/\/www.kgvspallart.at\/?p=5432","title":{"rendered":"Bericht des Fachberaters vom 14. M\u00e4rz 2019"},"content":{"rendered":"\n<p>Letzten Monat glaubten wir noch, der Fr\u00fchling ist nur auf Kurzbesuch. Auch die Nachtfr\u00f6ste sind verschwunden. Wieder sind wir mit den Temperaturen gegen\u00fcber dem Vorjahr um 14 Tage fr\u00fcher dran. Die Austriebspritzung im KGV Spallart hat bereits Gestern stattgefunden.<\/p>\n\n\n\n<p>Jetzt kann alles ganz schnell gehen. F\u00fcr den Moment hat der Boden gen\u00fcgend Feuchtigkeit. Das kann sich aber sehr bald \u00e4ndern. Deshalb sollten wir bei unseren Immergr\u00fcnen auf gen\u00fcgend Feuchtigkeit achten und falls n\u00f6tig w\u00e4ssern. Mit diesem W\u00e4ssern beginnt auch f\u00fcr uns wieder die Gartenarbeit. Noch nicht sehr viel, aber doch schon wichtiges.<\/p>\n\n\n\n<p>An trockenen Tagen ist bei Zier- und Beerenstr\u00e4uchern an den R\u00fcckschnitt zu denken. Ribisel und Johannisbeere kontrollieren wir auf Gallmilben- Befall.Wir achten dabei auf dicke rundliche Knospen und entfernen diese um sie im Restm\u00fcll zu entsorgen.<\/p>\n\n\n\n<p>Bei den Obstb\u00e4umen sind die Leimringe zu entfernen. Kernobstb\u00e4ume k\u00f6nnen noch geschnitten werden, stark triebige Kernobstb\u00e4ume werden \u00fcberhaupt erst jetzt im M\u00e4rz geschnitten.<br>Trockenes und altes Holz geh\u00f6rt entfernt. Beim R\u00fcckschnitt darauf achten keine Aststummel stehen zu lassen.<\/p>\n\n\n\n<p>So wie in den vergangenen Jahren wurde auch heuer wieder eine Austriebs Spritzung durchgef\u00fchrt. Diese Austriebs Spritzung basiert auf Paraffin mit einem Zusatz von Kupfer. Sie dient dazu, \u00fcberwinternde Sch\u00e4dlinge am Baum zu ersticken, also nicht zu vergiften. Der Kupferzusatz ist gegen Pilz-Sporen beigemischt.<\/p>\n\n\n\n<p>Die Spritzung wurde wieder von der Firma Seidel durchgef\u00fchrt. Wenn wir bedenken dass die Vegetation wieder um 14 Tage fr\u00fcher als im Vorjahr dran ist war es doch f\u00fcr einige Marillen B\u00e4ume schon fast schon zu sp\u00e4t. Gegen andere Sch\u00e4dlinge ist w\u00e4rend des Jahres nach Bedarf vorzugehen.<\/p>\n\n\n\n<p>Unsere Rosen haben immer noch Winterruhe. Ebenfalls diverse Stauden.<br>Alte Ziergr\u00e4ser k\u00f6nnen zur\u00fcckgeschnitten werden. Dabei auf die Neuaustriebe achten um sie nicht zu besch\u00e4digen.<\/p>\n\n\n\n<p>So noch vorhanden an Zwiebel- und Knollenpflanzen k\u00f6nnen vorhandene Schutzvorrichtungen gegen Kr\u00e4hen, wie Drahtgitter und \u00e4hnliches entfernt werden. Auch der Rasen sollte sauber gehalten werden. Eventuell vorhandene trockene Stellen verursacht durch Schneeschimmel, k\u00f6nnen mit dem Laubbesen rau abgekehrt werden.<\/p>\n\n\n\n<p>Nun k\u00f6nnen wir auch planen, welches Gem\u00fcse oder Kr\u00e4uter wir Pflanzen wollen, und besorgen uns rechtzeitig die Samen hierf\u00fcr. Saatgut sollte immer frisch sein, daher nur so viel kaufen, was auch wirklich verarbeitet wird. Aufgehobenes Saatgut k\u00f6nnte im darauffolgenden Jahr wom\u00f6glich nicht mehr den gew\u00fcnschten Erfolgen bringen. Im Kleingew\u00e4chshaus k\u00f6nnen die ersten Aussaaten vorgenommen werden, sobald die Temperaturen f\u00fcr die Keimung erreicht werden.<\/p>\n\n\n\n<p>Die Vogelnistk\u00e4sten k\u00f6nnen schon ges\u00e4ubert werden. Darauf achten das die \u00d6ffnung der Vogelnistk\u00e4sten nicht Wind und Regen ausgesetzt sind. Am besten Richtung Osten ausrichten.<\/p>\n\n\n\n<p>Auch neue Anbaupl\u00e4ne wollen erstellt werden, wobei auf die Fruchtfolge zu achten ist. Also alles Arbeiten f\u00fcr den Garten, wenn wir auch im Garten noch nicht viel machen k\u00f6nnen.Was wir auch planen, es sollte die Freude best\u00e4rken ein Kleing\u00e4rtner zu sein.<\/p>\n\n\n\n<p>Gutes Gelingen und viel Erfolg, das w\u00fcnschen die Fachberater.<\/p>\n\n\n\n<p>WM<\/p>\n","protected":false},"excerpt":{"rendered":"<p>Letzten Monat glaubten wir noch, der Fr\u00fchling ist nur auf Kurzbesuch. Auch die Nachtfr\u00f6ste sind verschwunden. Wieder sind wir mit den Temperaturen gegen\u00fcber dem Vorjahr um 14 Tage fr\u00fcher dran. Die Austriebspritzung im KGV Spallart hat bereits Gestern stattgefunden. Jetzt kann alles ganz schnell gehen. F\u00fcr den Moment hat der Boden gen\u00fcgend Feuchtigkeit. Das kann sich aber sehr bald \u00e4ndern. Deshalb sollten wir bei unseren Immergr\u00fcnen auf gen\u00fcgend Feuchtigkeit achten und falls n\u00f6tig w\u00e4ssern. Mit diesem W\u00e4ssern beginnt auch f\u00fcr uns wieder die Gartenarbeit. Noch nicht sehr viel, aber doch schon wichtiges. An trockenen Tagen ist bei Zier- und Beerenstr\u00e4uchern an den R\u00fcckschnitt zu denken. Ribisel und Johannisbeere kontrollieren wir auf Gallmilben- Befall.Wir achten dabei auf dicke rundliche Knospen und entfernen diese um sie im Restm\u00fcll zu entsorgen. Bei den Obstb\u00e4umen sind die Leimringe zu entfernen. Kernobstb\u00e4ume k\u00f6nnen noch geschnitten werden, stark triebige Kernobstb\u00e4ume werden \u00fcberhaupt erst jetzt im M\u00e4rz&#8230;<\/p>\n<p> <a class=\"continue-reading-link\" href=\"https:\/\/www.kgvspallart.at\/?p=5432\"><span>Mehr lesen<\/span><i class=\"crycon-right-dir\"><\/i><\/a> <\/p>\n","protected":false},"author":1,"featured_media":0,"comment_status":"closed","ping_status":"open","sticky":false,"template":"","format":"standard","meta":{"ngg_post_thumbnail":0,"footnotes":""},"categories":[5],"tags":[],"class_list":["post-5432","post","type-post","status-publish","format-standard","hentry","category-fachberatung"],"_links":{"self":[{"href":"https:\/\/www.kgvspallart.at\/index.php?rest_route=\/wp\/v2\/posts\/5432","targetHints":{"allow":["GET"]}}],"collection":[{"href":"https:\/\/www.kgvspallart.at\/index.php?rest_route=\/wp\/v2\/posts"}],"about":[{"href":"https:\/\/www.kgvspallart.at\/index.php?rest_route=\/wp\/v2\/types\/post"}],"author":[{"embeddable":true,"href":"https:\/\/www.kgvspallart.at\/index.php?rest_route=\/wp\/v2\/users\/1"}],"replies":[{"embeddable":true,"href":"https:\/\/www.kgvspallart.at\/index.php?rest_route=%2Fwp%2Fv2%2Fcomments&post=5432"}],"version-history":[{"count":1,"href":"https:\/\/www.kgvspallart.at\/index.php?rest_route=\/wp\/v2\/posts\/5432\/revisions"}],"predecessor-version":[{"id":5433,"href":"https:\/\/www.kgvspallart.at\/index.php?rest_route=\/wp\/v2\/posts\/5432\/revisions\/5433"}],"wp:attachment":[{"href":"https:\/\/www.kgvspallart.at\/index.php?rest_route=%2Fwp%2Fv2%2Fmedia&parent=5432"}],"wp:term":[{"taxonomy":"category","embeddable":true,"href":"https:\/\/www.kgvspallart.at\/index.php?rest_route=%2Fwp%2Fv2%2Fcategories&post=5432"},{"taxonomy":"post_tag","embeddable":true,"href":"https:\/\/www.kgvspallart.at\/index.php?rest_route=%2Fwp%2Fv2%2Ftags&post=5432"}],"curies":[{"name":"wp","href":"https:\/\/api.w.org\/{rel}","templated":true}]}}