{"id":5454,"date":"2019-06-13T22:27:06","date_gmt":"2019-06-13T20:27:06","guid":{"rendered":"http:\/\/www.kgvspallart.at\/?p=5454"},"modified":"2020-06-14T17:22:41","modified_gmt":"2020-06-14T15:22:41","slug":"bericht-des-fachberaters-vom-13-juni-2019","status":"publish","type":"post","link":"https:\/\/www.kgvspallart.at\/?p=5454","title":{"rendered":"Bericht des Fachberaters vom 13. Juni 2019"},"content":{"rendered":"\n<div class=\"page\" title=\"Page 1\">\n<div class=\"layoutArea\">\n<div class=\"column\">\n<p><span style=\"font-size: inherit;\"><br>Schon etwas zu warm ist es nach lang anhaltenden, auch heftigen Regeng\u00fcssen geworden. Pl\u00f6tzlich Hochsommer, wenn auch nicht am Kalender.&nbsp;<\/span><span style=\"font-size: inherit;\">Die letzten fr\u00fchlingsbl\u00fchenden Str\u00e4ucher wurden nach dem Abbl\u00fchen zur\u00fcck geschnitten. Denn nur an den einj\u00e4hrigen Trieben werden im kommenden Jahr wieder Bl\u00fctenknospen ansetzen.<\/span><\/p>\n<\/div>\n<\/div>\n<div class=\"layoutArea\">\n<div class=\"column\">\n<p>Auch unsere Nadelgeh\u00f6lze, allen voran Eibe und Thujen, die f\u00fcr unsere Kleing\u00e4rten zu gro\u00df werden, sollten schon in jungen Jahren durch K\u00fcrzen der Verl\u00e4ngerungstriebe oberhalb der Verzweigung gek\u00fcrzt werden. Beste Zeit daf\u00fcr ist jetzt im Juni!&nbsp;Bei Rhododendren werden nach der Bl\u00fcte die Bl\u00fctenst\u00e4nde ausgebrochen. Vorsicht auf die Knospen f\u00fcr den Neuaustrieb. Zu Beginn der Hauptbl\u00fctezeit f\u00fcr Rosen, zumeist im Juni, achten wir auf Rosenrost, Sternru\u00dftau und Rosenmehltau. Eine Spritzung, in Abst\u00e4nden von etwa 14 Tagen, h\u00e4lt diese \u00c4rgernisse in Grenzen.<\/p>\n<p>Unsere Sommerblumen Beete sollten 4-5 Wochen nach Pflanzung ged\u00fcngt werden. Vorerst stickstoffreich, dann aber nur sporadisch Phosphor Cali betont.&nbsp;Auch der Rasen sollte bereits seine zweite D\u00fcngergabe erhalten haben. Ebenfalls Stickstoff- z. B. Nitramoncal laut Angabe, oder einem Langzeitd\u00fcnger.<\/p>\n<p>Die Topfpflanzen stehen nun im Freien. Auch hier die D\u00fcngegaben nicht vergessen und regelm\u00e4\u00dfiges Gie\u00dfen, da die Topfpflanzen schneller austrocknen k\u00f6nnen als Pflanzen im Gartengrund.<\/p>\n<p>Paradeiser werden an St\u00e4ben hochgezogen. Man k\u00f6pft die Paradeiser Pflanzen nach dem vierten Bl\u00fctenb\u00fcschel. Seitentriebe ausgeizen nicht vergessen. Beim Gie\u00dfen darauf achten, dass die Bl\u00e4tter nicht nass werden. Unsere Stangenbohnen sind schon am Weg nach oben, falls wir die Jungpflanzen vor Schneckenfra\u00df bewahrt haben.<\/p>\n<p>Im Kampf gegen Schnecken sind wir f\u00fcr jedes brauchbare Mittel dankbar. Schneckenkorn ist zwar sehr effektiv aber nicht unumstritten.<br>Am besten hat sich der Schutz des heimischen Tigerschnegels bew\u00e4hrt. Er h\u00e4lt die Ausbreitung der eingeschleppten spanischen orange- bis rotbraunen Nacktschnecke in Grenzen. Sie ern\u00e4hren sich von Pilzen, welken und abgestorbenen, selten auch von frischen Pflanzenteilen, sowie von Aas und r\u00e4uberisch von anderen Nacktschnecken.<\/p>\n<p><img loading=\"lazy\" decoding=\"async\" class=\"aligncenter size-large wp-image-5455\" src=\"http:\/\/www.kgvspallart.at\/wordpress\/wp-content\/uploads\/2019\/06\/2019-06-07-Tigerschnecke-1024x683.jpg\" alt=\"\" width=\"900\" height=\"600\" srcset=\"https:\/\/www.kgvspallart.at\/wordpress\/wp-content\/uploads\/2019\/06\/2019-06-07-Tigerschnecke-1024x683.jpg 1024w, https:\/\/www.kgvspallart.at\/wordpress\/wp-content\/uploads\/2019\/06\/2019-06-07-Tigerschnecke-240x160.jpg 240w, https:\/\/www.kgvspallart.at\/wordpress\/wp-content\/uploads\/2019\/06\/2019-06-07-Tigerschnecke-300x200.jpg 300w, https:\/\/www.kgvspallart.at\/wordpress\/wp-content\/uploads\/2019\/06\/2019-06-07-Tigerschnecke-150x100.jpg 150w\" sizes=\"auto, (max-width: 900px) 100vw, 900px\" \/><\/p>\n<p>Der Tigerschnegel kann dabei Exemplare \u00fcberw\u00e4ltigen, die ebenso gro\u00df sind wie er selbst. Weil Schnegel, unabh\u00e4ngig von ihrer Gr\u00f6\u00dfe, die Eier anderer Schnecken und deren Nachkommen fressen,&nbsp;sind sie vor allem in Gem\u00fcseg\u00e4rten als N\u00fctzlinge und nicht als Sch\u00e4dlinge anzusehen.<\/p>\n<p>Etliche Kirschen sind schon rot. An Marillen B\u00e4umen kann man gute Fruchtans\u00e4tze sehen. Ebenso an Birne und Zwetschke. Bei Pfirsich und Apfelb\u00e4umen daf\u00fcr eher m\u00e4\u00dfiger. Doch das ist sicherlich in jedem Garten anders. Nach wie vor Achtung auf Birnengitterrost, sowie Mehltau bei Apfel und Stachelbeere.<\/p>\n<p>Wichtig auch das &#8222;Ausd\u00fcnnen&#8220; bei \u00fcberreichlichem Fruchtansatz. Die Frucht braucht gen\u00fcgend Platz zum Wachsen und Reifen. Au\u00dferdem darf der Baum nicht \u00fcberlastet werden, damit er Bl\u00fctenknospen f\u00fcr das n\u00e4chste Jahr bilden kann. Die \u00fcbersch\u00fcssigen Fr\u00fcchte sollten mit der Schere abgeschnitten werden, die Fruchtstiele am Baum belassen. Keinesfalls abrei\u00dfen.<\/p>\n<p>Bei kr\u00e4ftig zur\u00fcck geschnittenen Obstb\u00e4umen entwickeln sich nun reichliche Wassertriebe. Nichtben\u00f6tigte k\u00f6nnen rechtzeitig m\u00fchelos durch Pinzieren, das hei\u00dft mit dem Fingernagel abknipsen, entfernt werden.<\/p>\n<p>Und sollten wir die Schneckenplage auch noch halbwegs in den Griff bekommen, dann bleibt uns vielleicht doch noch Zeit, Zeit f\u00fcr den Partner, Unterhaltung mit den Nachbarn, Grillfreuden an milden Abenden oder ganz einfach Zeit nur um den Moment zu genie\u00dfen.<\/p>\n<\/div>\n<\/div>\n<div class=\"layoutArea\">\n<div class=\"column\">\n<p>WM<\/p>\n<p>Es k\u00f6nnen auch noch f\u00fcr die sp\u00e4te Ernte Bohnen, Radieschen, und Radicchio ges\u00e4ht werden. Einpflanzen kann man jetzt auch gerne Kohlrabi, Brokkoli, oder Fenchel.<\/p>\n<p>Wer auf Birnb\u00e4umen orange Tupfen findet, sollte sp\u00e4testens jetzt eine Spritzung (mit Baycur 0,05%) in Betracht ziehen.<\/p>\n<\/div>\n<\/div>\n<p>Werner Rotter<\/p>\n<\/div>\n","protected":false},"excerpt":{"rendered":"<p>Schon etwas zu warm ist es nach lang anhaltenden, auch heftigen Regeng\u00fcssen geworden. Pl\u00f6tzlich Hochsommer, wenn auch nicht am Kalender.&nbsp;Die letzten fr\u00fchlingsbl\u00fchenden Str\u00e4ucher wurden nach dem Abbl\u00fchen zur\u00fcck geschnitten. Denn nur an den einj\u00e4hrigen Trieben werden im kommenden Jahr wieder Bl\u00fctenknospen ansetzen. Auch unsere Nadelgeh\u00f6lze, allen voran Eibe und Thujen, die f\u00fcr unsere Kleing\u00e4rten zu gro\u00df werden, sollten schon in jungen Jahren durch K\u00fcrzen der Verl\u00e4ngerungstriebe oberhalb der Verzweigung gek\u00fcrzt werden. Beste Zeit daf\u00fcr ist jetzt im Juni!&nbsp;Bei Rhododendren werden nach der Bl\u00fcte die Bl\u00fctenst\u00e4nde ausgebrochen. Vorsicht auf die Knospen f\u00fcr den Neuaustrieb. Zu Beginn der Hauptbl\u00fctezeit f\u00fcr Rosen, zumeist im Juni, achten wir auf Rosenrost, Sternru\u00dftau und Rosenmehltau. Eine Spritzung, in Abst\u00e4nden von etwa 14 Tagen, h\u00e4lt diese \u00c4rgernisse in Grenzen. Unsere Sommerblumen Beete sollten 4-5 Wochen nach Pflanzung ged\u00fcngt werden. Vorerst stickstoffreich, dann aber nur sporadisch Phosphor Cali betont.&nbsp;Auch der Rasen sollte bereits seine zweite D\u00fcngergabe erhalten haben&#8230;.<\/p>\n<p> <a class=\"continue-reading-link\" href=\"https:\/\/www.kgvspallart.at\/?p=5454\"><span>Mehr lesen<\/span><i class=\"crycon-right-dir\"><\/i><\/a> <\/p>\n","protected":false},"author":1,"featured_media":0,"comment_status":"closed","ping_status":"open","sticky":false,"template":"","format":"standard","meta":{"ngg_post_thumbnail":0,"footnotes":""},"categories":[5],"tags":[],"class_list":["post-5454","post","type-post","status-publish","format-standard","hentry","category-fachberatung"],"_links":{"self":[{"href":"https:\/\/www.kgvspallart.at\/index.php?rest_route=\/wp\/v2\/posts\/5454","targetHints":{"allow":["GET"]}}],"collection":[{"href":"https:\/\/www.kgvspallart.at\/index.php?rest_route=\/wp\/v2\/posts"}],"about":[{"href":"https:\/\/www.kgvspallart.at\/index.php?rest_route=\/wp\/v2\/types\/post"}],"author":[{"embeddable":true,"href":"https:\/\/www.kgvspallart.at\/index.php?rest_route=\/wp\/v2\/users\/1"}],"replies":[{"embeddable":true,"href":"https:\/\/www.kgvspallart.at\/index.php?rest_route=%2Fwp%2Fv2%2Fcomments&post=5454"}],"version-history":[{"count":2,"href":"https:\/\/www.kgvspallart.at\/index.php?rest_route=\/wp\/v2\/posts\/5454\/revisions"}],"predecessor-version":[{"id":5520,"href":"https:\/\/www.kgvspallart.at\/index.php?rest_route=\/wp\/v2\/posts\/5454\/revisions\/5520"}],"wp:attachment":[{"href":"https:\/\/www.kgvspallart.at\/index.php?rest_route=%2Fwp%2Fv2%2Fmedia&parent=5454"}],"wp:term":[{"taxonomy":"category","embeddable":true,"href":"https:\/\/www.kgvspallart.at\/index.php?rest_route=%2Fwp%2Fv2%2Fcategories&post=5454"},{"taxonomy":"post_tag","embeddable":true,"href":"https:\/\/www.kgvspallart.at\/index.php?rest_route=%2Fwp%2Fv2%2Ftags&post=5454"}],"curies":[{"name":"wp","href":"https:\/\/api.w.org\/{rel}","templated":true}]}}