{"id":5466,"date":"2019-08-04T18:49:30","date_gmt":"2019-08-04T16:49:30","guid":{"rendered":"http:\/\/www.kgvspallart.at\/?p=5466"},"modified":"2019-09-12T21:38:00","modified_gmt":"2019-09-12T19:38:00","slug":"bericht-des-fachberaters-vom-11-juli-2019","status":"publish","type":"post","link":"https:\/\/www.kgvspallart.at\/?p=5466","title":{"rendered":"Bericht des Fachberaters vom 11. Juli 2019"},"content":{"rendered":"\n<p>Wir sind im Hochsommer angekommen, die Schulkinder haben Ferien und wir verbringen die meiste Gartenzeit mit giessen ( bitte nicht direkt auf die Pflanzen).<\/p>\n<p>Einmal w\u00f6chentlich sollten nun unsere Sommerblumen ged\u00fcngt werden, ebenso kann man jetzt Pflanzenbeete lockern und 2 j\u00e4hrige Sommerblumen auss\u00e4hen.<\/p>\n<p>Regelm\u00e4ssig verbl\u00fchte Bl\u00fctenst\u00e4nde von Str\u00e4uchern, Stauden und Sommerblumen entfernen.<\/p>\n<p>Im Juli und August wird auch der Sommerschnitt an Obstgeh\u00f6lzen durchgef\u00fchrt. Bei Jungb\u00e4umen und Spalieren werden vor allem Konkurenztriebe sowie kranke und st\u00f6rende Triebe entfernt. Bei stark tragenden B\u00e4umen wird nun ausgelichtet, schlecht tragende B\u00e4ume k\u00f6nnen durch einen st\u00e4rkeren Sommerschnitt gef\u00f6rdert werden.<\/p>\n<p>Wer trotz aller Vorsicht mit Pilzbefall Probleme hat sollte fr\u00fch morgens oder sp\u00e4t Abends spritzen &#8211; eine gute biologische M\u00f6glichkeit ist von NATUREN BIO NETZSCHWEFEL Pilzfrei f\u00fcr Obst, Gem\u00fcse und Zierpflanzen.<\/p>\n<p>Neben unseren Pflanzen sollte in trockenen Phasen auch der Kompost zwischendurch gegossen werden um den Verrottungsprozess aufrecht zu erhalten.<\/p>\n<p>Langsam kommen auch immer mehr &#8222;Wildstauden&#8220; in die G\u00e4rtnereien und sollten auch den Weg in unsere G\u00e4rten finden &#8211; sind sie doch robuster, bei Bienen sehr beliebt und haben auch teils eine heilende Wirkung.<\/p>\n<p>EINEN SCH\u00d6NEN SOMMER w\u00fcnschen <span class=\"Apple-converted-space\">&nbsp; &nbsp; &nbsp; &nbsp; &nbsp; &nbsp; <\/span>Eure Fachberater<\/p>\n<p>WR<\/p>\n","protected":false},"excerpt":{"rendered":"<p>Wir sind im Hochsommer angekommen, die Schulkinder haben Ferien und wir verbringen die meiste Gartenzeit mit giessen ( bitte nicht direkt auf die Pflanzen). Einmal w\u00f6chentlich sollten nun unsere Sommerblumen ged\u00fcngt werden, ebenso kann man jetzt Pflanzenbeete lockern und 2 j\u00e4hrige Sommerblumen auss\u00e4hen. Regelm\u00e4ssig verbl\u00fchte Bl\u00fctenst\u00e4nde von Str\u00e4uchern, Stauden und Sommerblumen entfernen. Im Juli und August wird auch der Sommerschnitt an Obstgeh\u00f6lzen durchgef\u00fchrt. Bei Jungb\u00e4umen und Spalieren werden vor allem Konkurenztriebe sowie kranke und st\u00f6rende Triebe entfernt. Bei stark tragenden B\u00e4umen wird nun ausgelichtet, schlecht tragende B\u00e4ume k\u00f6nnen durch einen st\u00e4rkeren Sommerschnitt gef\u00f6rdert werden. Wer trotz aller Vorsicht mit Pilzbefall Probleme hat sollte fr\u00fch morgens oder sp\u00e4t Abends spritzen &#8211; eine gute biologische M\u00f6glichkeit ist von NATUREN BIO NETZSCHWEFEL Pilzfrei f\u00fcr Obst, Gem\u00fcse und Zierpflanzen. Neben unseren Pflanzen sollte in trockenen Phasen auch der Kompost zwischendurch gegossen werden um den Verrottungsprozess aufrecht zu erhalten. Langsam kommen auch immer mehr &#8222;Wildstauden&#8220;&#8230;<\/p>\n<p> <a class=\"continue-reading-link\" href=\"https:\/\/www.kgvspallart.at\/?p=5466\"><span>Mehr lesen<\/span><i class=\"crycon-right-dir\"><\/i><\/a> <\/p>\n","protected":false},"author":1,"featured_media":0,"comment_status":"closed","ping_status":"open","sticky":false,"template":"","format":"standard","meta":{"ngg_post_thumbnail":0,"footnotes":""},"categories":[5],"tags":[],"class_list":["post-5466","post","type-post","status-publish","format-standard","hentry","category-fachberatung"],"_links":{"self":[{"href":"https:\/\/www.kgvspallart.at\/index.php?rest_route=\/wp\/v2\/posts\/5466","targetHints":{"allow":["GET"]}}],"collection":[{"href":"https:\/\/www.kgvspallart.at\/index.php?rest_route=\/wp\/v2\/posts"}],"about":[{"href":"https:\/\/www.kgvspallart.at\/index.php?rest_route=\/wp\/v2\/types\/post"}],"author":[{"embeddable":true,"href":"https:\/\/www.kgvspallart.at\/index.php?rest_route=\/wp\/v2\/users\/1"}],"replies":[{"embeddable":true,"href":"https:\/\/www.kgvspallart.at\/index.php?rest_route=%2Fwp%2Fv2%2Fcomments&post=5466"}],"version-history":[{"count":1,"href":"https:\/\/www.kgvspallart.at\/index.php?rest_route=\/wp\/v2\/posts\/5466\/revisions"}],"predecessor-version":[{"id":5467,"href":"https:\/\/www.kgvspallart.at\/index.php?rest_route=\/wp\/v2\/posts\/5466\/revisions\/5467"}],"wp:attachment":[{"href":"https:\/\/www.kgvspallart.at\/index.php?rest_route=%2Fwp%2Fv2%2Fmedia&parent=5466"}],"wp:term":[{"taxonomy":"category","embeddable":true,"href":"https:\/\/www.kgvspallart.at\/index.php?rest_route=%2Fwp%2Fv2%2Fcategories&post=5466"},{"taxonomy":"post_tag","embeddable":true,"href":"https:\/\/www.kgvspallart.at\/index.php?rest_route=%2Fwp%2Fv2%2Ftags&post=5466"}],"curies":[{"name":"wp","href":"https:\/\/api.w.org\/{rel}","templated":true}]}}