{"id":5517,"date":"2020-05-09T22:43:22","date_gmt":"2020-05-09T20:43:22","guid":{"rendered":"http:\/\/www.kgvspallart.at\/?p=5517"},"modified":"2020-06-14T17:28:53","modified_gmt":"2020-06-14T15:28:53","slug":"naechster-sprechtag-am-23-mai-2020","status":"publish","type":"post","link":"https:\/\/www.kgvspallart.at\/?p=5517","title":{"rendered":"N\u00e4chster Sprechtag am 23.Mai 2020"},"content":{"rendered":"\n<p>Der n\u00e4chste Sprechtag findet <span style=\"color: #ff0000;\"><strong>am 23. Mai 2020<\/strong><\/span> wie gewohnt im Vereinshaus statt. Daf\u00fcr werden besondere Vorsichtsma\u00dfnahmen (wegen COVID-19) gelten, die in k\u00fcrze ver\u00f6ffentlicht werden.<\/p>\n","protected":false},"excerpt":{"rendered":"<p>Der n\u00e4chste Sprechtag findet am 23. Mai 2020 wie gewohnt im Vereinshaus statt. Daf\u00fcr werden besondere Vorsichtsma\u00dfnahmen (wegen COVID-19) gelten, die in k\u00fcrze ver\u00f6ffentlicht werden.<\/p>\n<p> <a class=\"continue-reading-link\" href=\"https:\/\/www.kgvspallart.at\/?p=5517\"><span>Mehr lesen<\/span><i class=\"crycon-right-dir\"><\/i><\/a> <\/p>\n","protected":false},"author":1,"featured_media":0,"comment_status":"closed","ping_status":"open","sticky":false,"template":"","format":"standard","meta":{"ngg_post_thumbnail":0,"footnotes":""},"categories":[7],"tags":[],"class_list":["post-5517","post","type-post","status-publish","format-standard","hentry","category-archiv"],"_links":{"self":[{"href":"https:\/\/www.kgvspallart.at\/index.php?rest_route=\/wp\/v2\/posts\/5517","targetHints":{"allow":["GET"]}}],"collection":[{"href":"https:\/\/www.kgvspallart.at\/index.php?rest_route=\/wp\/v2\/posts"}],"about":[{"href":"https:\/\/www.kgvspallart.at\/index.php?rest_route=\/wp\/v2\/types\/post"}],"author":[{"embeddable":true,"href":"https:\/\/www.kgvspallart.at\/index.php?rest_route=\/wp\/v2\/users\/1"}],"replies":[{"embeddable":true,"href":"https:\/\/www.kgvspallart.at\/index.php?rest_route=%2Fwp%2Fv2%2Fcomments&post=5517"}],"version-history":[{"count":1,"href":"https:\/\/www.kgvspallart.at\/index.php?rest_route=\/wp\/v2\/posts\/5517\/revisions"}],"predecessor-version":[{"id":5518,"href":"https:\/\/www.kgvspallart.at\/index.php?rest_route=\/wp\/v2\/posts\/5517\/revisions\/5518"}],"wp:attachment":[{"href":"https:\/\/www.kgvspallart.at\/index.php?rest_route=%2Fwp%2Fv2%2Fmedia&parent=5517"}],"wp:term":[{"taxonomy":"category","embeddable":true,"href":"https:\/\/www.kgvspallart.at\/index.php?rest_route=%2Fwp%2Fv2%2Fcategories&post=5517"},{"taxonomy":"post_tag","embeddable":true,"href":"https:\/\/www.kgvspallart.at\/index.php?rest_route=%2Fwp%2Fv2%2Ftags&post=5517"}],"curies":[{"name":"wp","href":"https:\/\/api.w.org\/{rel}","templated":true}]}}