{"id":5602,"date":"2021-02-09T22:57:25","date_gmt":"2021-02-09T21:57:25","guid":{"rendered":"http:\/\/www.kgvspallart.at\/?p=5602"},"modified":"2021-03-06T21:18:50","modified_gmt":"2021-03-06T20:18:50","slug":"verschiebung-der-generalversammlung-2021-und-information-briefwahl-zur-generalversammlung","status":"publish","type":"post","link":"https:\/\/www.kgvspallart.at\/?p=5602","title":{"rendered":"Verschiebung der Generalversammlung 2021 und Information Briefwahl zur Generalversammlung"},"content":{"rendered":"\n<p><span lang=\"DE\">Sehr geehrte Mitglieder!<\/span><\/p>\n<p><span lang=\"DE\">Auf Grund der herrschenden Covid-19-Pandemie und der damit zusammenh\u00e4ngenden derzeit g\u00fcltigen 3.<\/span>&nbsp;<span lang=\"DE\">COVID-19-Schutzma\u00dfnahmenverordnung hat sich die Vereinsleitung und der Aufsichtsrat des KGV Spallart dazu entschieden, die f\u00fcr 7.<\/span> &nbsp;<span lang=\"DE\">M\u00e4rz<\/span>&nbsp;<span lang=\"DE\">2021 geplante Generalversammlung, bis auf den Punkt&nbsp;5&nbsp;Neuwahlen, zu verschieben. Um die Gesch\u00e4ftsf\u00e4higkeit des Vereines zu erhalten, sind gem\u00e4\u00df Vereinsgesetz Neuwahlen der Vereinsorgane vor Ablauf der Funktionsperiode notwendig. <\/span><\/p>\n<p><span lang=\"DE\">Die Neuwahl wird als Briefwahl durchgef\u00fchrt und erfolgt auf der Grundlage des \u00a7<\/span>&nbsp;<span lang=\"DE\">4 der Verordnung der Bundesministerin f\u00fcr Justiz zur n\u00e4heren Regelung der Durchf\u00fchrung von gesellschaftsrechtlichen Versammlungen ohne physische Anwesenheit der Teilnehmer und von Beschlussfassungen auf andere Weise (Gesellschaftsrechtliche COVID-19-Verordnung \u2013 COVID-19-GesV). <\/span><\/p>\n<p><span lang=\"DE\">Die dementsprechenden Unterlagen wurden Ihnen per Post zugestellt. Bitte beteiligen Sie sich an der Wahl.<\/span><\/p>\n<p><span lang=\"DE\">Die Ausz\u00e4hlung der Stimmzettel findet am Samstag, 6.<\/span>&nbsp;<span lang=\"DE\">M\u00e4rz<\/span>&nbsp;<span lang=\"DE\">2021 unter Aufsicht des Wahlkomitees statt. Das Ergebnis wird im Anschluss auf unserer Homepage (<a href=\"http:\/\/www.kgvspallart.at\/\">www.kgvspallart.at<\/a>) und in unseren Schauk\u00e4sten sowie auch in der Verbandszeitschrift \u201eKleing\u00e4rtner\u201c ver\u00f6ffentlicht.<\/span><\/p>\n<p><span lang=\"DE\">Sollten Sie Fragen in diesem Zusammenhang haben, wenden Sie sich bitte bis 2.<\/span>&nbsp;<span lang=\"DE\">M\u00e4rz<\/span>&nbsp;<span lang=\"DE\">2021 postalisch an den Verein oder per E-Mail an <a href=\"mailto:verein@kgvspallart.at\">verein@kgvspallart.at<\/a> und wir werden diese unverz\u00fcglich beantworten.<\/span><\/p>\n<p><span lang=\"DE\">Sobald es laut Vorgaben der Bundesregierung wieder m\u00f6glich ist, wird eine regul\u00e4re Jahreshauptversammlung abgehalten werden. Hierzu werden Sie gesondert eingeladen werden.<\/span><\/p>\n<p><span lang=\"DE\">Wir danken f\u00fcr Ihr Verst\u00e4ndnis.<\/span><\/p>\n<p><span lang=\"DE\">Herzliche Gr\u00fc\u00dfe, bleiben Sie gesund!<\/span><br><span lang=\"DE\">Ihre Vereinsleitung<\/span><\/p>\n","protected":false},"excerpt":{"rendered":"<p>Sehr geehrte Mitglieder! Auf Grund der herrschenden Covid-19-Pandemie und der damit zusammenh\u00e4ngenden derzeit g\u00fcltigen 3.&nbsp;COVID-19-Schutzma\u00dfnahmenverordnung hat sich die Vereinsleitung und der Aufsichtsrat des KGV Spallart dazu entschieden, die f\u00fcr 7. &nbsp;M\u00e4rz&nbsp;2021 geplante Generalversammlung, bis auf den Punkt&nbsp;5&nbsp;Neuwahlen, zu verschieben. Um die Gesch\u00e4ftsf\u00e4higkeit des Vereines zu erhalten, sind gem\u00e4\u00df Vereinsgesetz Neuwahlen der Vereinsorgane vor Ablauf der Funktionsperiode notwendig. Die Neuwahl wird als Briefwahl durchgef\u00fchrt und erfolgt auf der Grundlage des \u00a7&nbsp;4 der Verordnung der Bundesministerin f\u00fcr Justiz zur n\u00e4heren Regelung der Durchf\u00fchrung von gesellschaftsrechtlichen Versammlungen ohne physische Anwesenheit der Teilnehmer und von Beschlussfassungen auf andere Weise (Gesellschaftsrechtliche COVID-19-Verordnung \u2013 COVID-19-GesV). Die dementsprechenden Unterlagen wurden Ihnen per Post zugestellt. Bitte beteiligen Sie sich an der Wahl. Die Ausz\u00e4hlung der Stimmzettel findet am Samstag, 6.&nbsp;M\u00e4rz&nbsp;2021 unter Aufsicht des Wahlkomitees statt. Das Ergebnis wird im Anschluss auf unserer Homepage (www.kgvspallart.at) und in unseren Schauk\u00e4sten sowie auch in der Verbandszeitschrift \u201eKleing\u00e4rtner\u201c ver\u00f6ffentlicht. Sollten Sie Fragen&#8230;<\/p>\n<p> <a class=\"continue-reading-link\" href=\"https:\/\/www.kgvspallart.at\/?p=5602\"><span>Mehr lesen<\/span><i class=\"crycon-right-dir\"><\/i><\/a> <\/p>\n","protected":false},"author":1,"featured_media":0,"comment_status":"closed","ping_status":"open","sticky":false,"template":"","format":"standard","meta":{"ngg_post_thumbnail":0,"footnotes":""},"categories":[7,6],"tags":[],"class_list":["post-5602","post","type-post","status-publish","format-standard","hentry","category-archiv","category-veranstaltungen"],"_links":{"self":[{"href":"https:\/\/www.kgvspallart.at\/index.php?rest_route=\/wp\/v2\/posts\/5602","targetHints":{"allow":["GET"]}}],"collection":[{"href":"https:\/\/www.kgvspallart.at\/index.php?rest_route=\/wp\/v2\/posts"}],"about":[{"href":"https:\/\/www.kgvspallart.at\/index.php?rest_route=\/wp\/v2\/types\/post"}],"author":[{"embeddable":true,"href":"https:\/\/www.kgvspallart.at\/index.php?rest_route=\/wp\/v2\/users\/1"}],"replies":[{"embeddable":true,"href":"https:\/\/www.kgvspallart.at\/index.php?rest_route=%2Fwp%2Fv2%2Fcomments&post=5602"}],"version-history":[{"count":1,"href":"https:\/\/www.kgvspallart.at\/index.php?rest_route=\/wp\/v2\/posts\/5602\/revisions"}],"predecessor-version":[{"id":5603,"href":"https:\/\/www.kgvspallart.at\/index.php?rest_route=\/wp\/v2\/posts\/5602\/revisions\/5603"}],"wp:attachment":[{"href":"https:\/\/www.kgvspallart.at\/index.php?rest_route=%2Fwp%2Fv2%2Fmedia&parent=5602"}],"wp:term":[{"taxonomy":"category","embeddable":true,"href":"https:\/\/www.kgvspallart.at\/index.php?rest_route=%2Fwp%2Fv2%2Fcategories&post=5602"},{"taxonomy":"post_tag","embeddable":true,"href":"https:\/\/www.kgvspallart.at\/index.php?rest_route=%2Fwp%2Fv2%2Ftags&post=5602"}],"curies":[{"name":"wp","href":"https:\/\/api.w.org\/{rel}","templated":true}]}}