{"id":5687,"date":"2021-10-18T21:01:39","date_gmt":"2021-10-18T19:01:39","guid":{"rendered":"https:\/\/www.kgvspallart.at\/?p=5687"},"modified":"2022-03-20T17:20:52","modified_gmt":"2022-03-20T16:20:52","slug":"information-zu-den-oeffnungszeiten-der-anlage","status":"publish","type":"post","link":"https:\/\/www.kgvspallart.at\/?p=5687","title":{"rendered":"Information zu den \u00d6ffnungszeiten der Anlage"},"content":{"rendered":"\n<p><strong>Werte Mitglieder!<\/strong><\/p>\n<p style=\"text-align: justify;\">Aufgrund der in der j\u00fcngeren Vergangenheit massiv gestiegenen H\u00e4ufigkeit von Warenlieferungen an unsere Mitglieder, durchgef\u00fchrt von unterschiedlichen Lieferdiensten und deren Notwendigkeit zum Zutritt in unsere Anlage, wurde f\u00fcr die Jahreshauptversammlung 2020 ein Antrag zu \u00c4nderungen der \u00d6ffnungszeiten in dem Zeitraum 15. Oktober bis 15. April (\u00a7 9 unserer Gartenordnung; Zutritt zur Anlage und zu den Kleing\u00e4rten) zur Abstimmung vorbereitet. Da \u201eCorona bedingt\u201c leider keine Versammlung stattfand und daher der Antrag nicht zur Abstimmung gebracht werden konnte, wollen wir <strong>PROBEWEISE<\/strong> die \u00d6ffnungszeiten in dem Zeitraum 15. Oktober bis 15. April wie folgt \u00e4ndern:<\/p>\n<h3 style=\"text-align: center;\"><span style=\"color: #ff0000;\"><strong>Die Eing\u00e4nge sind von 08:00 bis zum Einbruch der Dunkelheit<sup>*<\/sup> offen zu halten.<\/strong><\/span><\/h3>\n<p>Wir ersuchen um Ber\u00fccksichtigung.<\/p>\n<p style=\"text-align: center;\"><strong>Herzlichen Dank<br><\/strong><strong>Beste Gr\u00fc\u00dfe &#8211; Ihre Vereinsleitung des KGV SPALLART im Oktober 2021<\/strong><\/p>\n<p><sup>*<\/sup>(sp\u00e4testens jedoch die T\u00fcre bitte um 19:00 zu versperren)<\/p>\n","protected":false},"excerpt":{"rendered":"<p>Werte Mitglieder! Aufgrund der in der j\u00fcngeren Vergangenheit massiv gestiegenen H\u00e4ufigkeit von Warenlieferungen an unsere Mitglieder, durchgef\u00fchrt von unterschiedlichen Lieferdiensten und deren Notwendigkeit zum Zutritt in unsere Anlage, wurde f\u00fcr die Jahreshauptversammlung 2020 ein Antrag zu \u00c4nderungen der \u00d6ffnungszeiten in dem Zeitraum 15. Oktober bis 15. April (\u00a7 9 unserer Gartenordnung; Zutritt zur Anlage und zu den Kleing\u00e4rten) zur Abstimmung vorbereitet. Da \u201eCorona bedingt\u201c leider keine Versammlung stattfand und daher der Antrag nicht zur Abstimmung gebracht werden konnte, wollen wir PROBEWEISE die \u00d6ffnungszeiten in dem Zeitraum 15. Oktober bis 15. April wie folgt \u00e4ndern: Die Eing\u00e4nge sind von 08:00 bis zum Einbruch der Dunkelheit* offen zu halten. Wir ersuchen um Ber\u00fccksichtigung. Herzlichen DankBeste Gr\u00fc\u00dfe &#8211; Ihre Vereinsleitung des KGV SPALLART im Oktober 2021 *(sp\u00e4testens jedoch die T\u00fcre bitte um 19:00 zu versperren)<\/p>\n<p> <a class=\"continue-reading-link\" href=\"https:\/\/www.kgvspallart.at\/?p=5687\"><span>Mehr lesen<\/span><i class=\"crycon-right-dir\"><\/i><\/a> <\/p>\n","protected":false},"author":1,"featured_media":0,"comment_status":"closed","ping_status":"open","sticky":true,"template":"","format":"standard","meta":{"ngg_post_thumbnail":0,"footnotes":""},"categories":[7],"tags":[],"class_list":["post-5687","post","type-post","status-publish","format-standard","hentry","category-archiv"],"_links":{"self":[{"href":"https:\/\/www.kgvspallart.at\/index.php?rest_route=\/wp\/v2\/posts\/5687","targetHints":{"allow":["GET"]}}],"collection":[{"href":"https:\/\/www.kgvspallart.at\/index.php?rest_route=\/wp\/v2\/posts"}],"about":[{"href":"https:\/\/www.kgvspallart.at\/index.php?rest_route=\/wp\/v2\/types\/post"}],"author":[{"embeddable":true,"href":"https:\/\/www.kgvspallart.at\/index.php?rest_route=\/wp\/v2\/users\/1"}],"replies":[{"embeddable":true,"href":"https:\/\/www.kgvspallart.at\/index.php?rest_route=%2Fwp%2Fv2%2Fcomments&post=5687"}],"version-history":[{"count":3,"href":"https:\/\/www.kgvspallart.at\/index.php?rest_route=\/wp\/v2\/posts\/5687\/revisions"}],"predecessor-version":[{"id":5690,"href":"https:\/\/www.kgvspallart.at\/index.php?rest_route=\/wp\/v2\/posts\/5687\/revisions\/5690"}],"wp:attachment":[{"href":"https:\/\/www.kgvspallart.at\/index.php?rest_route=%2Fwp%2Fv2%2Fmedia&parent=5687"}],"wp:term":[{"taxonomy":"category","embeddable":true,"href":"https:\/\/www.kgvspallart.at\/index.php?rest_route=%2Fwp%2Fv2%2Fcategories&post=5687"},{"taxonomy":"post_tag","embeddable":true,"href":"https:\/\/www.kgvspallart.at\/index.php?rest_route=%2Fwp%2Fv2%2Ftags&post=5687"}],"curies":[{"name":"wp","href":"https:\/\/api.w.org\/{rel}","templated":true}]}}