{"id":5734,"date":"2022-02-09T09:00:22","date_gmt":"2022-02-09T08:00:22","guid":{"rendered":"https:\/\/www.kgvspallart.at\/?p=5734"},"modified":"2022-03-13T15:01:58","modified_gmt":"2022-03-13T14:01:58","slug":"jahreshauptversammlung-2022","status":"publish","type":"post","link":"https:\/\/www.kgvspallart.at\/?p=5734","title":{"rendered":"Jahreshauptversammlung 2022"},"content":{"rendered":"\n<p class=\"has-text-align-left has-medium-font-size\">Wir laden Sie recht herzlich zu der diesj\u00e4hrigen Jahreshauptversammlung\u00a0ein.<\/p>\n\n\n\n<figure class=\"wp-block-table is-style-regular\"><table><tbody><tr><td>Wann?<\/td><td><strong>Sonntag, den 13. M\u00e4rz 2022<\/strong> um <strong>10:00 Uhr<\/strong><\/td><\/tr><tr><td>Wo?<\/td><td><strong>Schutzhaus \u201eAm Ameisbach&#8220;<\/strong>, 1140 Wien,\u00a0Braillegasse 3<\/td><\/tr><\/tbody><\/table><\/figure>\n\n\n\n<div class=\"wp-block-columns is-layout-flex wp-container-core-columns-is-layout-9d6595d7 wp-block-columns-is-layout-flex\">\n<div class=\"wp-block-column is-layout-flow wp-block-column-is-layout-flow\">\n<p class=\"has-text-align-left has-medium-font-size\"><strong>Tagesordnung:<\/strong><\/p>\n\n\n\n<ol class=\"has-medium-font-size wp-block-list\"><li>Verlesung des Protokolls<\/li><li>Ehrungen<\/li><li>Berichte der Vereinsleitung (Obmann, Kassier, Kontrolle, Fachberatung)<\/li><li>Festsetzung der Beitr\u00e4ge f\u00fcr 2023<\/li><li>Antr\u00e4ge<\/li><li>Allf\u00e4lliges<\/li><\/ol>\n<\/div>\n\n\n\n<div class=\"wp-block-column is-layout-flow wp-block-column-is-layout-flow\">\n<p><\/p>\n\n\n\n<p>Antr\u00e4ge sind bis 25. Februar 2022 schriftlich bei der Vereinsleitung einzureichen.<\/p>\n\n\n\n<p class=\"has-text-align-left has-medium-font-size\">Wir freuen uns auf Ihr Kommen und w\u00fcnschen ein sch\u00f6nes Gartenjahr 2022.<\/p>\n<\/div>\n<\/div>\n\n\n","protected":false},"excerpt":{"rendered":"<p>Wir laden Sie recht herzlich zu der diesj\u00e4hrigen Jahreshauptversammlung\u00a0ein. Wann? Sonntag, den 13. M\u00e4rz 2022 um 10:00 Uhr Wo? Schutzhaus \u201eAm Ameisbach&#8220;, 1140 Wien,\u00a0Braillegasse 3 Tagesordnung: Verlesung des Protokolls Ehrungen Berichte der Vereinsleitung (Obmann, Kassier, Kontrolle, Fachberatung) Festsetzung der Beitr\u00e4ge f\u00fcr 2023 Antr\u00e4ge Allf\u00e4lliges Antr\u00e4ge sind bis 25. Februar 2022 schriftlich bei der Vereinsleitung einzureichen. Wir freuen uns auf Ihr Kommen und w\u00fcnschen ein sch\u00f6nes Gartenjahr 2022.<\/p>\n<p> <a class=\"continue-reading-link\" href=\"https:\/\/www.kgvspallart.at\/?p=5734\"><span>Mehr lesen<\/span><i class=\"crycon-right-dir\"><\/i><\/a> <\/p>\n","protected":false},"author":1,"featured_media":0,"comment_status":"closed","ping_status":"open","sticky":true,"template":"","format":"standard","meta":{"ngg_post_thumbnail":0,"footnotes":""},"categories":[6],"tags":[],"class_list":["post-5734","post","type-post","status-publish","format-standard","hentry","category-veranstaltungen"],"_links":{"self":[{"href":"https:\/\/www.kgvspallart.at\/index.php?rest_route=\/wp\/v2\/posts\/5734","targetHints":{"allow":["GET"]}}],"collection":[{"href":"https:\/\/www.kgvspallart.at\/index.php?rest_route=\/wp\/v2\/posts"}],"about":[{"href":"https:\/\/www.kgvspallart.at\/index.php?rest_route=\/wp\/v2\/types\/post"}],"author":[{"embeddable":true,"href":"https:\/\/www.kgvspallart.at\/index.php?rest_route=\/wp\/v2\/users\/1"}],"replies":[{"embeddable":true,"href":"https:\/\/www.kgvspallart.at\/index.php?rest_route=%2Fwp%2Fv2%2Fcomments&post=5734"}],"version-history":[{"count":13,"href":"https:\/\/www.kgvspallart.at\/index.php?rest_route=\/wp\/v2\/posts\/5734\/revisions"}],"predecessor-version":[{"id":5749,"href":"https:\/\/www.kgvspallart.at\/index.php?rest_route=\/wp\/v2\/posts\/5734\/revisions\/5749"}],"wp:attachment":[{"href":"https:\/\/www.kgvspallart.at\/index.php?rest_route=%2Fwp%2Fv2%2Fmedia&parent=5734"}],"wp:term":[{"taxonomy":"category","embeddable":true,"href":"https:\/\/www.kgvspallart.at\/index.php?rest_route=%2Fwp%2Fv2%2Fcategories&post=5734"},{"taxonomy":"post_tag","embeddable":true,"href":"https:\/\/www.kgvspallart.at\/index.php?rest_route=%2Fwp%2Fv2%2Ftags&post=5734"}],"curies":[{"name":"wp","href":"https:\/\/api.w.org\/{rel}","templated":true}]}}