{"id":5802,"date":"2022-04-12T21:00:00","date_gmt":"2022-04-12T19:00:00","guid":{"rendered":"https:\/\/www.kgvspallart.at\/?p=5802"},"modified":"2022-05-10T23:04:04","modified_gmt":"2022-05-10T21:04:04","slug":"bericht-des-fachberaters-vom-12-april-2022","status":"publish","type":"post","link":"https:\/\/www.kgvspallart.at\/?p=5802","title":{"rendered":"Bericht des Fachberaters vom 12. April 2022"},"content":{"rendered":"\n<p style=\"font-weight: 400;\"><strong>Die Nachtfr\u00f6ste<\/strong> sind hoffentlich vorbei. Der Fr\u00fchling hat Einzug gehalten.&nbsp;Praktisch \u00fcber Nacht bl\u00fchen unsere G\u00e4rten auf. So kommt auch \u00fcber Nacht die Gartenarbeit zur\u00fcck.&nbsp;Denn nicht alles was da spiest und gr\u00fcnt ist auch von uns erw\u00fcnscht.&nbsp;Deshalb hei\u00dft es jetzt wieder f\u00fcr alle Kleing\u00e4rtnerinnen und&nbsp; Kleing\u00e4rtner, ab auf die Knie.<br><br><strong>Eventuell aufgetretener Schneeschimmel<\/strong> in den Wiese wird mit dem Laubbesen entfernt.&nbsp;Erste D\u00fcngegaben f\u00fcr unseren Rasen sollten wir bereits mit einem Stickstoff Rasend\u00fcnger erledigt haben. Das kann aber noch mit Z.B. N27 Nitramoncal nachgeholt werden. &nbsp;Bezugsquelle Klaghofer.&nbsp;Die Gr\u00e4ser k\u00f6nnen sich nun langsam aus ihrer Winterruhe entwickeln.&nbsp;F\u00fcr ein eventuelles Vertikutieren sollte besser bis nach dem zweiten Rasenschnitt gewartet werden,&nbsp;da sich bis dahin die durch den Winter geschw\u00e4chte Grasnarbe gefestigt hat.<\/p>\n<p style=\"font-weight: 400;\"><strong>Vertikutierte Grasfl\u00e4chen<\/strong> ben\u00f6tigen etwas Quarzsand zur Verbesserung des Bodens. Es lockert den Boden auf und sorgt mit gesundem Bodenklima f\u00fcr gutes Wachstum unserer Gr\u00e4ser.<\/p>\n<p style=\"font-weight: 400;\"><strong>Letzte d\u00fcrre \u00c4ste<\/strong> und \u00fcbersehene Fruchtmumien unseren Obstb\u00e4umen sind unbedingt noch zu entfernen. All zu wild treibende Kernobstb\u00e4ume k\u00f6nnen noch geschnitten werden.&nbsp;Wundverschluss nicht vergessen.<\/p>\n<p style=\"font-weight: 400;\"><strong>Den j\u00e4hrlichen Schnitt<\/strong> bei den Pfirsichb\u00e4umen sollten wir ebenfalls in Angriff nehmen. Die Kronen m\u00fcssen j\u00e4hrlich zur\u00fcckgeschnitten werden, um einerseits das Verkahlen der \u00c4ste zu vermeiden, anderseits die Fruchtertr\u00e4ge f\u00fcr das kommende Jahr sicherzustellen.&nbsp;Der Schnitt kann auch noch w\u00e4hrend der Bl\u00fcte geschehen.<\/p>\n<p style=\"font-weight: 400;\"><strong>Bei Neupflanzungen<\/strong> von Obstb\u00e4umen sind einige wichtige Kriterien zu beachten.&nbsp;Neu zu setzende Obstb\u00e4ume m\u00fcssen so tief gepflanzt werden, wie sie in der Baumschule gestanden sind. Zu beachten ist jedenfalls, dass die Veredlungsstelle ca.10 cm aus der Erde herausragt.&nbsp;Wichtig ist auch das Einsetzen eines Pfahles vor Einbringen des Baumes in die Pflanzgrube.<\/p>\n<p style=\"font-weight: 400;\"><strong>Neues Pflanzmaterial<\/strong> nur aus dem guten Fachbetrieb holen.&nbsp;Kirschen- und Pfirsich- B\u00e4ume stehen schon in voller Bl\u00fcte. &nbsp;Marillen B\u00e4ume sind bereits abgebl\u00fcht.&nbsp;Jetzt &nbsp;erwarten uns neue Herausforderungen.<\/p>\n<p style=\"font-weight: 400;\"><strong>Bl\u00fctenmonilia und Triebspitzend\u00fcrre<\/strong> bedrohen unsere Steinobstgeh\u00f6lze. Eine 2- 3-malige Spritzung mit einem zugelassenen Pflanzenschutzmittel wie <b><em>Universal<\/em><\/b><strong>&#8211;<\/strong><b><em>Pilzfrei<\/em><\/b> Compo Duaxo, bei beginnender, voller und abwelkender Bl\u00fcte kann dagegen helfen. \u00d6fter deshalb, weil nicht alle Bl\u00fcten zur gleichen Zeit ge\u00f6ffnet sind, und der Moniliaerreger \u00fcber die Narben in die Pflanze eindringt.<\/p>\n<p style=\"font-weight: 400;\"><strong>Wer im vergangenen Jahr<\/strong> an der Zwetschke starken Befall durch die sogenannte Narren- oder Taschenkrankheit hatte, sollte vorbeugen. Da auch hier die Infektion vermutlich \u00fcber die Narben erfolgt, ist eine Spritzung ebenfalls mit <b><em>Universal<\/em><\/b><strong>&#8211;<\/strong><b><em>Pilzfrei<\/em><\/b> Compo Duaxo wie erw\u00e4hnt angezeigt. Vielleicht k\u00f6nnen wir so diesen Infektionen einiges entgegensetzen.<\/p>\n<p style=\"font-weight: 400;\"><strong>Unsere K\u00fcbelpflanzen<\/strong> k\u00f6nnen wir langsam durch Frischluft abh\u00e4rten. Die \u00dcbersiedlung Mitte Mai d\u00fcrfte dann keine allzu gro\u00dfen Probleme mit sich bringen.&nbsp;Ideal ist nun auch das Setzen von diversen Stauden in unsere Beete oder Steing\u00e4rten.Das Angebot in den Gartenbetrieben ist ja wie immer reichlich.<\/p>\n<p style=\"font-weight: 400;\">Was wir auch planen, es sollte die Freude best\u00e4rken ein Kleing\u00e4rtner zu sein.<br><strong>Gutes Gelingen und viel Erfolg, das w\u00fcnschen die Fachberater.<\/strong><\/p>\n<p>WM<\/p>\n","protected":false},"excerpt":{"rendered":"<p>Die Nachtfr\u00f6ste sind hoffentlich vorbei. Der Fr\u00fchling hat Einzug gehalten.&nbsp;Praktisch \u00fcber Nacht bl\u00fchen unsere G\u00e4rten auf. So kommt auch \u00fcber Nacht die Gartenarbeit zur\u00fcck.&nbsp;Denn nicht alles was da spiest und gr\u00fcnt ist auch von uns erw\u00fcnscht.&nbsp;Deshalb hei\u00dft es jetzt wieder f\u00fcr alle Kleing\u00e4rtnerinnen und&nbsp; Kleing\u00e4rtner, ab auf die Knie. Eventuell aufgetretener Schneeschimmel in den Wiese wird mit dem Laubbesen entfernt.&nbsp;Erste D\u00fcngegaben f\u00fcr unseren Rasen sollten wir bereits mit einem Stickstoff Rasend\u00fcnger erledigt haben. Das kann aber noch mit Z.B. N27 Nitramoncal nachgeholt werden. &nbsp;Bezugsquelle Klaghofer.&nbsp;Die Gr\u00e4ser k\u00f6nnen sich nun langsam aus ihrer Winterruhe entwickeln.&nbsp;F\u00fcr ein eventuelles Vertikutieren sollte besser bis nach dem zweiten Rasenschnitt gewartet werden,&nbsp;da sich bis dahin die durch den Winter geschw\u00e4chte Grasnarbe gefestigt hat. Vertikutierte Grasfl\u00e4chen ben\u00f6tigen etwas Quarzsand zur Verbesserung des Bodens. Es lockert den Boden auf und sorgt mit gesundem Bodenklima f\u00fcr gutes Wachstum unserer Gr\u00e4ser. Letzte d\u00fcrre \u00c4ste und \u00fcbersehene Fruchtmumien unseren Obstb\u00e4umen sind&#8230;<\/p>\n<p> <a class=\"continue-reading-link\" href=\"https:\/\/www.kgvspallart.at\/?p=5802\"><span>Mehr lesen<\/span><i class=\"crycon-right-dir\"><\/i><\/a> <\/p>\n","protected":false},"author":1,"featured_media":0,"comment_status":"closed","ping_status":"open","sticky":false,"template":"","format":"standard","meta":{"ngg_post_thumbnail":0,"footnotes":""},"categories":[5],"tags":[],"class_list":["post-5802","post","type-post","status-publish","format-standard","hentry","category-fachberatung"],"_links":{"self":[{"href":"https:\/\/www.kgvspallart.at\/index.php?rest_route=\/wp\/v2\/posts\/5802","targetHints":{"allow":["GET"]}}],"collection":[{"href":"https:\/\/www.kgvspallart.at\/index.php?rest_route=\/wp\/v2\/posts"}],"about":[{"href":"https:\/\/www.kgvspallart.at\/index.php?rest_route=\/wp\/v2\/types\/post"}],"author":[{"embeddable":true,"href":"https:\/\/www.kgvspallart.at\/index.php?rest_route=\/wp\/v2\/users\/1"}],"replies":[{"embeddable":true,"href":"https:\/\/www.kgvspallart.at\/index.php?rest_route=%2Fwp%2Fv2%2Fcomments&post=5802"}],"version-history":[{"count":3,"href":"https:\/\/www.kgvspallart.at\/index.php?rest_route=\/wp\/v2\/posts\/5802\/revisions"}],"predecessor-version":[{"id":5806,"href":"https:\/\/www.kgvspallart.at\/index.php?rest_route=\/wp\/v2\/posts\/5802\/revisions\/5806"}],"wp:attachment":[{"href":"https:\/\/www.kgvspallart.at\/index.php?rest_route=%2Fwp%2Fv2%2Fmedia&parent=5802"}],"wp:term":[{"taxonomy":"category","embeddable":true,"href":"https:\/\/www.kgvspallart.at\/index.php?rest_route=%2Fwp%2Fv2%2Fcategories&post=5802"},{"taxonomy":"post_tag","embeddable":true,"href":"https:\/\/www.kgvspallart.at\/index.php?rest_route=%2Fwp%2Fv2%2Ftags&post=5802"}],"curies":[{"name":"wp","href":"https:\/\/api.w.org\/{rel}","templated":true}]}}