{"id":5888,"date":"2022-09-15T20:00:07","date_gmt":"2022-09-15T18:00:07","guid":{"rendered":"https:\/\/www.kgvspallart.at\/?p=5888"},"modified":"2022-10-11T20:16:26","modified_gmt":"2022-10-11T18:16:26","slug":"bericht-des-fachberaters-vom-13-september-2022","status":"publish","type":"post","link":"https:\/\/www.kgvspallart.at\/?p=5888","title":{"rendered":"Bericht des Fachberaters vom 13. September 2022"},"content":{"rendered":"\n<p style=\"font-weight: 400;\"><br>Auch dieser Somme ist wie im Flug durchs Land gezogen. Ich darf sie nach der Sommerpause recht herzlich begr\u00fc\u00dfen. Nach diesem ziemlich hei\u00dfen Sommer mit seinen hohen Temperaturen ist es nun Zeit das wir uns auf die kommenden Herbstarbeiten vorzubereiten.<\/p>\n<p style=\"font-weight: 400;\"><strong>Unseren Rasen<\/strong> haben wir Mitte August das letzte Mal ged\u00fcngt. Sp\u00e4tere D\u00fcngungen sollen nur mit stickstoffarmen Produkten vorgenommen werden, da ansonsten das Wachstum in den Winter getrieben wird.<\/p>\n<p style=\"font-weight: 400;\"><strong>Unsere Obstb\u00e4ume<\/strong> sind Gro\u00dfteils abgeerntet.<\/p>\n<p style=\"font-weight: 400;\"><strong>Verbliebene Fruchtmumien<\/strong> sollten ehest entfernt werden um Monilia im kommenden Jahr zu vermeiden.&nbsp;Monilia Fruchtmumien sind im Fr\u00fchling nicht nur f\u00fcr unsere Kulturen, sondern auch f\u00fcr weit entfernte, eine erhebliche Infektionsgefahr.<\/p>\n<p style=\"font-weight: 400;\"><strong>Monilia befallenes Material geh\u00f6rt in den Restm\u00fcll<\/strong> und nicht in dem Kompost! <br>Bitte achte sie darauf.<br><br><strong>Die Ernte<\/strong> von Marillen und Pfirsichen war vielerorts recht unterschiedlich, je nach Sorte und Lage.<br>Bei Zwetschken trat mancherorts verst\u00e4rkter Befall durch die Pflaumens\u00e4gewespe auf, <br>so kam es zu eher geringen Ernteertr\u00e4gen. Doch dies ist, wie gesagt, regionsweise unterschiedlich.<\/p>\n<p style=\"font-weight: 400;\">Mit dem <strong>Baumschnitt f\u00fcr Steinobst<\/strong> sollten nun begonnen werden.<br>Sp\u00e4testens aber nach dem Abernten.<\/p>\n<p style=\"font-weight: 400;\"><strong>Abgebl\u00fchte Ziergr\u00e4ser<\/strong> werden erst im Fr\u00fchjahr geschnitten um zu vermeiden das Wasser in die offenen Halme eindringt und bis in die Wurzeln gefrieren kann. Das kann einen Totalausfall vermeiden.<\/p>\n<p style=\"font-weight: 400;\"><strong>Vor dem Auftreten der ersten Nachtfr\u00f6ste<\/strong>, etwa Ende Oktober, sollten Leimringe gegen den Frostspanner an den St\u00e4mmen der B\u00e4ume und eventuellen St\u00fctzpf\u00e4hlen angebracht werden. So kann man einiger ma\u00dfen sicher sein, dass die flugunf\u00e4higen Weibchen des Frostspanners kleben bleiben und ihre Eier nicht in den Baumkronen ablegen.<\/p>\n<p style=\"font-weight: 400;\"><strong>Ein im Fr\u00fchjahr durchgef\u00fchrter Austrieb Spritzung<\/strong> ist sicherlich eine gute Erg\u00e4nzung, um die vielleicht doch in den Baumkronen deponierten Ei Gelege zu ersticken, ist aber keine Alternative zum Leimring.<\/p>\n<p style=\"font-weight: 400;\"><strong>Austrieb Spritzungen in einzelnen G\u00e4rten<\/strong> sind jedoch ohnehin nicht besonders zielf\u00fchrend.<br>Guten Erfolg kann nur eine fl\u00e4chendeckende Ma\u00dfnahme \u00fcber eine gesamte Gartenanlage bringen.<\/p>\n<p style=\"font-weight: 400;\">Fr\u00fch im September kann man sich auch schon Gedanken machen, <strong>welche Blumenzwiebel<\/strong> zu setzen sind, um im Fr\u00fchjahr wieder durch ihre Bl\u00fctenpracht erfreut zu werden.<br><strong>Jetzt ist auch die Zeit um Stecklinge von Bl\u00fctenstr\u00e4uchern zu vermehren<\/strong>.<\/p>\n<p style=\"font-weight: 400;\">Bei Neuanschaffungen aus den bunten Pflanz- und Samenkatalogen achten wir besonders auf <br><strong>Regional heimische Pflanzen und Samen Angebote<\/strong>.<\/p>\n<p style=\"font-weight: 400;\"><strong>Pflanzen aus fernen L\u00e4ndern, also Neophyten, haben in unseren G\u00e4rten nichts verloren.<\/strong><\/p>\n<p style=\"font-weight: 400;\">Die <strong>Gefahr der Einschleppung von neuen Sch\u00e4dlingen<\/strong>, f\u00fcr die es bei uns keine nat\u00fcrlichen Feinde gibt, ist viel zu gro\u00df. Auch neue Krankheiten k\u00f6nnen durch diese Neophyten eingeschleppt werde f\u00fcr die unsere heimischen Kulturpflanzen, B\u00e4ume und Str\u00e4ucher keine Abwehr kennen.<\/p>\n<p style=\"font-weight: 400;\">Aber lassen wir uns dadurch nicht die gute Laune verderben. Freuen wir uns vielmehr auf die letzten noch kommenden sch\u00f6nen Sp\u00e4tsommer- und Herbsttagen, bevor wir uns vollends der Herbstarbeiten ergeben. Deshalb genie\u00dfen sie die noch kommenden sch\u00f6nen Tage.<\/p>\n<p>WM<\/p>\n","protected":false},"excerpt":{"rendered":"<p>Auch dieser Somme ist wie im Flug durchs Land gezogen. Ich darf sie nach der Sommerpause recht herzlich begr\u00fc\u00dfen. Nach diesem ziemlich hei\u00dfen Sommer mit seinen hohen Temperaturen ist es nun Zeit das wir uns auf die kommenden Herbstarbeiten vorzubereiten. Unseren Rasen haben wir Mitte August das letzte Mal ged\u00fcngt. Sp\u00e4tere D\u00fcngungen sollen nur mit stickstoffarmen Produkten vorgenommen werden, da ansonsten das Wachstum in den Winter getrieben wird. Unsere Obstb\u00e4ume sind Gro\u00dfteils abgeerntet. Verbliebene Fruchtmumien sollten ehest entfernt werden um Monilia im kommenden Jahr zu vermeiden.&nbsp;Monilia Fruchtmumien sind im Fr\u00fchling nicht nur f\u00fcr unsere Kulturen, sondern auch f\u00fcr weit entfernte, eine erhebliche Infektionsgefahr. Monilia befallenes Material geh\u00f6rt in den Restm\u00fcll und nicht in dem Kompost! Bitte achte sie darauf. Die Ernte von Marillen und Pfirsichen war vielerorts recht unterschiedlich, je nach Sorte und Lage.Bei Zwetschken trat mancherorts verst\u00e4rkter Befall durch die Pflaumens\u00e4gewespe auf, so kam es zu eher geringen Ernteertr\u00e4gen&#8230;.<\/p>\n<p> <a class=\"continue-reading-link\" href=\"https:\/\/www.kgvspallart.at\/?p=5888\"><span>Mehr lesen<\/span><i class=\"crycon-right-dir\"><\/i><\/a> <\/p>\n","protected":false},"author":1,"featured_media":0,"comment_status":"closed","ping_status":"open","sticky":false,"template":"","format":"standard","meta":{"ngg_post_thumbnail":0,"footnotes":""},"categories":[5],"tags":[],"class_list":["post-5888","post","type-post","status-publish","format-standard","hentry","category-fachberatung"],"_links":{"self":[{"href":"https:\/\/www.kgvspallart.at\/index.php?rest_route=\/wp\/v2\/posts\/5888","targetHints":{"allow":["GET"]}}],"collection":[{"href":"https:\/\/www.kgvspallart.at\/index.php?rest_route=\/wp\/v2\/posts"}],"about":[{"href":"https:\/\/www.kgvspallart.at\/index.php?rest_route=\/wp\/v2\/types\/post"}],"author":[{"embeddable":true,"href":"https:\/\/www.kgvspallart.at\/index.php?rest_route=\/wp\/v2\/users\/1"}],"replies":[{"embeddable":true,"href":"https:\/\/www.kgvspallart.at\/index.php?rest_route=%2Fwp%2Fv2%2Fcomments&post=5888"}],"version-history":[{"count":1,"href":"https:\/\/www.kgvspallart.at\/index.php?rest_route=\/wp\/v2\/posts\/5888\/revisions"}],"predecessor-version":[{"id":5889,"href":"https:\/\/www.kgvspallart.at\/index.php?rest_route=\/wp\/v2\/posts\/5888\/revisions\/5889"}],"wp:attachment":[{"href":"https:\/\/www.kgvspallart.at\/index.php?rest_route=%2Fwp%2Fv2%2Fmedia&parent=5888"}],"wp:term":[{"taxonomy":"category","embeddable":true,"href":"https:\/\/www.kgvspallart.at\/index.php?rest_route=%2Fwp%2Fv2%2Fcategories&post=5888"},{"taxonomy":"post_tag","embeddable":true,"href":"https:\/\/www.kgvspallart.at\/index.php?rest_route=%2Fwp%2Fv2%2Ftags&post=5888"}],"curies":[{"name":"wp","href":"https:\/\/api.w.org\/{rel}","templated":true}]}}