{"id":5921,"date":"2023-02-14T18:44:15","date_gmt":"2023-02-14T17:44:15","guid":{"rendered":"https:\/\/www.kgvspallart.at\/?p=5921"},"modified":"2023-03-05T12:28:47","modified_gmt":"2023-03-05T11:28:47","slug":"jahreshauptversammlung-2023","status":"publish","type":"post","link":"https:\/\/www.kgvspallart.at\/?p=5921","title":{"rendered":"Jahreshauptversammlung 2023"},"content":{"rendered":"\n<p class=\"has-text-align-left has-medium-font-size\">Wir laden Sie recht herzlich zu der diesj\u00e4hrigen Jahreshauptversammlung&nbsp;ein.<\/p>\n\n\n\n<figure class=\"wp-block-table is-style-regular\"><table><tbody><tr><td>Wann?<\/td><td><strong>Sonntag, den 5. M\u00e4rz 2023<\/strong> um <strong>10:00 Uhr<\/strong><\/td><\/tr><tr><td>Wo?<\/td><td><strong>Schutzhaus \u201eAm Ameisbach&#8220;<\/strong>, 1140 Wien,&nbsp;Braillegasse 3<\/td><\/tr><\/tbody><\/table><\/figure>\n\n\n\n<div class=\"wp-block-columns is-layout-flex wp-container-core-columns-is-layout-9d6595d7 wp-block-columns-is-layout-flex\">\n<div class=\"wp-block-column is-layout-flow wp-block-column-is-layout-flow\">\n<p class=\"has-text-align-left has-medium-font-size\"><strong>Tagesordnung:<\/strong><\/p>\n\n\n\n<ol class=\"wp-block-list\">\n<li>Verlesung des Protokolls<\/li>\n\n\n\n<li>Ehrungen<\/li>\n\n\n\n<li>Berichte der Vereinsleitung (Obmann, Kassier, Kontrolle, Fachberatung)<\/li>\n\n\n\n<li>Best\u00e4tigung des Wahlkomitees f\u00fcr die Neuwahl 2024<\/li>\n\n\n\n<li>Festsetzung der Beitr\u00e4ge f\u00fcr 2023<\/li>\n\n\n\n<li>Antr\u00e4ge<\/li>\n\n\n\n<li>Allf\u00e4lliges<\/li>\n<\/ol>\n<\/div>\n\n\n\n<div class=\"wp-block-column is-layout-flow wp-block-column-is-layout-flow\">\n<p><\/p>\n\n\n\n<p>Antr\u00e4ge sind bis 18. Februar 2023 schriftlich bei der Vereinsleitung einzureichen.<\/p>\n\n\n\n<p class=\"has-text-align-left has-medium-font-size\">Wir freuen uns auf Ihr Kommen und w\u00fcnschen ein sch\u00f6nes Gartenjahr 2023.<\/p>\n<\/div>\n<\/div>\n\n\n","protected":false},"excerpt":{"rendered":"<p>Wir laden Sie recht herzlich zu der diesj\u00e4hrigen Jahreshauptversammlung&nbsp;ein. Wann? Sonntag, den 5. M\u00e4rz 2023 um 10:00 Uhr Wo? Schutzhaus \u201eAm Ameisbach&#8220;, 1140 Wien,&nbsp;Braillegasse 3 Tagesordnung: Antr\u00e4ge sind bis 18. Februar 2023 schriftlich bei der Vereinsleitung einzureichen. Wir freuen uns auf Ihr Kommen und w\u00fcnschen ein sch\u00f6nes Gartenjahr 2023.<\/p>\n<p> <a class=\"continue-reading-link\" href=\"https:\/\/www.kgvspallart.at\/?p=5921\"><span>Mehr lesen<\/span><i class=\"crycon-right-dir\"><\/i><\/a> <\/p>\n","protected":false},"author":1,"featured_media":0,"comment_status":"closed","ping_status":"open","sticky":false,"template":"","format":"standard","meta":{"ngg_post_thumbnail":0,"footnotes":""},"categories":[6],"tags":[],"class_list":["post-5921","post","type-post","status-publish","format-standard","hentry","category-veranstaltungen"],"_links":{"self":[{"href":"https:\/\/www.kgvspallart.at\/index.php?rest_route=\/wp\/v2\/posts\/5921","targetHints":{"allow":["GET"]}}],"collection":[{"href":"https:\/\/www.kgvspallart.at\/index.php?rest_route=\/wp\/v2\/posts"}],"about":[{"href":"https:\/\/www.kgvspallart.at\/index.php?rest_route=\/wp\/v2\/types\/post"}],"author":[{"embeddable":true,"href":"https:\/\/www.kgvspallart.at\/index.php?rest_route=\/wp\/v2\/users\/1"}],"replies":[{"embeddable":true,"href":"https:\/\/www.kgvspallart.at\/index.php?rest_route=%2Fwp%2Fv2%2Fcomments&post=5921"}],"version-history":[{"count":2,"href":"https:\/\/www.kgvspallart.at\/index.php?rest_route=\/wp\/v2\/posts\/5921\/revisions"}],"predecessor-version":[{"id":5923,"href":"https:\/\/www.kgvspallart.at\/index.php?rest_route=\/wp\/v2\/posts\/5921\/revisions\/5923"}],"wp:attachment":[{"href":"https:\/\/www.kgvspallart.at\/index.php?rest_route=%2Fwp%2Fv2%2Fmedia&parent=5921"}],"wp:term":[{"taxonomy":"category","embeddable":true,"href":"https:\/\/www.kgvspallart.at\/index.php?rest_route=%2Fwp%2Fv2%2Fcategories&post=5921"},{"taxonomy":"post_tag","embeddable":true,"href":"https:\/\/www.kgvspallart.at\/index.php?rest_route=%2Fwp%2Fv2%2Ftags&post=5921"}],"curies":[{"name":"wp","href":"https:\/\/api.w.org\/{rel}","templated":true}]}}