{"id":6268,"date":"2024-09-10T20:15:00","date_gmt":"2024-09-10T18:15:00","guid":{"rendered":"https:\/\/www.kgvspallart.at\/?p=6268"},"modified":"2024-10-08T22:34:22","modified_gmt":"2024-10-08T20:34:22","slug":"bericht-des-fachberaters-vom-10-september-2024","status":"publish","type":"post","link":"https:\/\/www.kgvspallart.at\/?p=6268","title":{"rendered":"Bericht des Fachberaters vom 10. September 2024"},"content":{"rendered":"\n<p>Wie im Flug ist dieser Sommer durchs Land gezogen und hat in so manchen G\u00e4rten nur verbrannte Wiesen hinterlassen. Ich darf sie nach der Sommerpause recht herzlich begr\u00fc\u00dfen.<br>Nach diesem ziemlich hei\u00dfen Sommer mit seinen hohen Temperaturen ist es nun Zeit, dass wir uns auf die kommenden Herbstarbeiten vorzubereiten. Einen kleinen Vorgeschmack gab es schon.<\/p>\n\n\n\n<p><strong>Unseren Rasen&nbsp;<\/strong>haben wir Mitte August das letzte Mal ged\u00fcngt. Sp\u00e4tere D\u00fcngungen sollen nur mit stickstoffarmen Produkten vorgenommen werden, da ansonsten das Wachstum in den Winter getrieben wird.<\/p>\n\n\n\n<p><strong>Unsere Obstb\u00e4ume&nbsp;<\/strong>sind Gro\u00dfteils abgeerntet und zur\u00fcckgeschnitten.<\/p>\n\n\n\n<p><strong>Verbliebene Fruchtmumien&nbsp;<\/strong>sollten ehest entfernt werden um Monilia im kommenden Jahr zu vermeiden. Monilia Fruchtmumien sind im Fr\u00fchling nicht nur f\u00fcr unsere Kulturen, sondern auch f\u00fcr weit entfernte, eine erhebliche Infektionsgefahr.<\/p>\n\n\n\n<p><strong>Monilia befallenes Material geh\u00f6rt in den Restm\u00fcll\u00a0<\/strong>und nicht in dem Kompost! Bitte achten sie darauf.<\/p>\n\n\n\n<p><strong>Die Ernte&nbsp;<\/strong>von Marillen und Pfirsichen war vielerorts gegen null. Hingegen bei Zwetschken war die heurige Ernte besonders gut.<\/p>\n\n\n\n<p>Mit dem\u00a0<strong>Baumschnitt f\u00fcr Steinobst\u00a0<\/strong>sollte nun begonnen werden um einen Wundverschluss vor dem Winter zu beg\u00fcnstigen.<\/p>\n\n\n\n<p><strong>Abgebl\u00fchte Ziergr\u00e4ser&nbsp;<\/strong>werden erst im Fr\u00fchjahr geschnitten um zu vermeiden das Wasser in die offenen Halme eindringt und bis in die Wurzeln gefrieren kann. Das kann einen Totalausfall vermeiden.<\/p>\n\n\n\n<p><strong>Vor dem Auftreten der ersten Nachtfr\u00f6ste<\/strong>, etwa Ende Oktober, sollten Leimringe gegen den Frostspanner an den St\u00e4mmen der B\u00e4ume und eventuellen St\u00fctzpf\u00e4hlen angebracht werden. So kann man einigerma\u00dfen sicher sein, dass die flugunf\u00e4higen Weibchen des Frostspanners kleben bleiben und ihre Eier nicht in den Baumkronen ablegen.<\/p>\n\n\n\n<p><strong>Eine im Fr\u00fchjahr durchgef\u00fchrte Austrieb-Spritzung\u00a0<\/strong>ist sicherlich eine gute Erg\u00e4nzung, um die vielleicht doch in den Baumkronen deponierten Ei Gelege zu ersticken, ist aber keine Alternative zum Leimring.<\/p>\n\n\n\n<p><strong>Austrieb-Spritzungen in einzelnen G\u00e4rten\u00a0<\/strong>sind jedoch ohnehin nicht besonders zielf\u00fchrend. Guten Erfolg kann nur eine fl\u00e4chendeckende Ma\u00dfnahme \u00fcber eine gesamte Gartenanlage bringen.<\/p>\n\n\n\n<p>Fr\u00fch im September kann man sich auch schon Gedanken machen,&nbsp;<strong>welche Blumenzwiebel&nbsp;<\/strong>zu setzen sind, um im Fr\u00fchjahr wieder durch ihre Bl\u00fctenpracht erfreut zu werden.<br><strong>Jetzt ist auch die Zeit um Stecklinge von Bl\u00fctenstr\u00e4uchern zu vermehren<\/strong>.<\/p>\n\n\n\n<p>Bei Neuanschaffungen aus den bunten Pflanz- und Samenkatalogen achten wir besonders auf\u00a0<strong>regional heimische Pflanzen- und Samen-Angebote<\/strong>.<\/p>\n\n\n\n<p><strong>Pflanzen aus fernen L\u00e4ndern, also Neophyten, haben in unseren G\u00e4rten nichts verloren.<\/strong><\/p>\n\n\n\n<p>Die&nbsp;<strong>Gefahr der Einschleppung von neuen Sch\u00e4dlingen<\/strong>, f\u00fcr die es bei uns keine nat\u00fcrlichen Feinde gibt, ist viel zu gro\u00df. Auch neue Krankheiten k\u00f6nnen durch diese Neophyten eingeschleppt werde f\u00fcr die unsere heimischen Kulturpflanzen, B\u00e4ume und Str\u00e4ucher keine Abwehr kennen.<\/p>\n\n\n\n<p>Aber lassen wir uns dadurch nicht die gute Laune verderben. Freuen wir uns vielmehr auf die letzten noch kommenden sch\u00f6nen Sp\u00e4tsommer- und Herbsttagen, bevor wir uns vollends der Herbstarbeiten ergeben. Deshalb genie\u00dfen sie die noch kommenden sch\u00f6nen Tage.<\/p>\n<p>WM<\/p>\n<p>&nbsp;<\/p>\n","protected":false},"excerpt":{"rendered":"<p>Wie im Flug ist dieser Sommer durchs Land gezogen und hat in so manchen G\u00e4rten nur verbrannte Wiesen hinterlassen. Ich darf sie nach der Sommerpause recht herzlich begr\u00fc\u00dfen.Nach diesem ziemlich hei\u00dfen Sommer mit seinen hohen Temperaturen ist es nun Zeit, dass wir uns auf die kommenden Herbstarbeiten vorzubereiten. Einen kleinen Vorgeschmack gab es schon. Unseren Rasen&nbsp;haben wir Mitte August das letzte Mal ged\u00fcngt. Sp\u00e4tere D\u00fcngungen sollen nur mit stickstoffarmen Produkten vorgenommen werden, da ansonsten das Wachstum in den Winter getrieben wird. Unsere Obstb\u00e4ume&nbsp;sind Gro\u00dfteils abgeerntet und zur\u00fcckgeschnitten. Verbliebene Fruchtmumien&nbsp;sollten ehest entfernt werden um Monilia im kommenden Jahr zu vermeiden. Monilia Fruchtmumien sind im Fr\u00fchling nicht nur f\u00fcr unsere Kulturen, sondern auch f\u00fcr weit entfernte, eine erhebliche Infektionsgefahr. Monilia befallenes Material geh\u00f6rt in den Restm\u00fcll\u00a0und nicht in dem Kompost! Bitte achten sie darauf. Die Ernte&nbsp;von Marillen und Pfirsichen war vielerorts gegen null. Hingegen bei Zwetschken war die heurige Ernte besonders gut&#8230;.<\/p>\n<p> <a class=\"continue-reading-link\" href=\"https:\/\/www.kgvspallart.at\/?p=6268\"><span>Mehr lesen<\/span><i class=\"crycon-right-dir\"><\/i><\/a> <\/p>\n","protected":false},"author":1,"featured_media":0,"comment_status":"closed","ping_status":"open","sticky":false,"template":"","format":"standard","meta":{"ngg_post_thumbnail":0,"footnotes":""},"categories":[5],"tags":[],"class_list":["post-6268","post","type-post","status-publish","format-standard","hentry","category-fachberatung"],"_links":{"self":[{"href":"https:\/\/www.kgvspallart.at\/index.php?rest_route=\/wp\/v2\/posts\/6268","targetHints":{"allow":["GET"]}}],"collection":[{"href":"https:\/\/www.kgvspallart.at\/index.php?rest_route=\/wp\/v2\/posts"}],"about":[{"href":"https:\/\/www.kgvspallart.at\/index.php?rest_route=\/wp\/v2\/types\/post"}],"author":[{"embeddable":true,"href":"https:\/\/www.kgvspallart.at\/index.php?rest_route=\/wp\/v2\/users\/1"}],"replies":[{"embeddable":true,"href":"https:\/\/www.kgvspallart.at\/index.php?rest_route=%2Fwp%2Fv2%2Fcomments&post=6268"}],"version-history":[{"count":1,"href":"https:\/\/www.kgvspallart.at\/index.php?rest_route=\/wp\/v2\/posts\/6268\/revisions"}],"predecessor-version":[{"id":6269,"href":"https:\/\/www.kgvspallart.at\/index.php?rest_route=\/wp\/v2\/posts\/6268\/revisions\/6269"}],"wp:attachment":[{"href":"https:\/\/www.kgvspallart.at\/index.php?rest_route=%2Fwp%2Fv2%2Fmedia&parent=6268"}],"wp:term":[{"taxonomy":"category","embeddable":true,"href":"https:\/\/www.kgvspallart.at\/index.php?rest_route=%2Fwp%2Fv2%2Fcategories&post=6268"},{"taxonomy":"post_tag","embeddable":true,"href":"https:\/\/www.kgvspallart.at\/index.php?rest_route=%2Fwp%2Fv2%2Ftags&post=6268"}],"curies":[{"name":"wp","href":"https:\/\/api.w.org\/{rel}","templated":true}]}}