{"id":6270,"date":"2024-09-11T08:08:30","date_gmt":"2024-09-11T06:08:30","guid":{"rendered":"https:\/\/www.kgvspallart.at\/?p=6270"},"modified":"2024-10-08T22:34:13","modified_gmt":"2024-10-08T20:34:13","slug":"wasserzaehler-ablesung-2024","status":"publish","type":"post","link":"https:\/\/www.kgvspallart.at\/?p=6270","title":{"rendered":"Wasserz\u00e4hler-Ablesung 2024"},"content":{"rendered":"\n<div class=\"wp-block-columns is-layout-flex wp-container-core-columns-is-layout-9d6595d7 wp-block-columns-is-layout-flex\">\n<div class=\"wp-block-column is-layout-flow wp-block-column-is-layout-flow\" style=\"flex-basis:40%\">\n<figure class=\"wp-block-image size-full is-resized\"><img loading=\"lazy\" decoding=\"async\" width=\"700\" height=\"700\" src=\"https:\/\/www.kgvspallart.at\/wordpress\/wp-content\/uploads\/2021\/09\/pngegg.png\" alt=\"\" class=\"wp-image-5671\" style=\"width:295px;height:295px\" srcset=\"https:\/\/www.kgvspallart.at\/wordpress\/wp-content\/uploads\/2021\/09\/pngegg.png 700w, https:\/\/www.kgvspallart.at\/wordpress\/wp-content\/uploads\/2021\/09\/pngegg-300x300.png 300w, https:\/\/www.kgvspallart.at\/wordpress\/wp-content\/uploads\/2021\/09\/pngegg-150x150.png 150w\" sizes=\"auto, (max-width: 700px) 100vw, 700px\" \/><\/figure>\n<\/div>\n\n\n\n<div class=\"wp-block-column is-layout-flow wp-block-column-is-layout-flow\" style=\"flex-basis:60%\">\n<p>Liebe Mitglieder!<\/p>\n<p><span style=\"color: #ff0000;\"><span style=\"color: #000000;\">Die Ablesung der Subwasserz\u00e4hler findet am<\/span>&nbsp;<strong><br><\/strong><strong><u>Samstag, dem 5. Oktober 2024<br><\/u><\/strong><\/span><span style=\"color: #ff0000;\"><strong><u>in der Zeit von 9:00 Uhr bis 12 Uhr <br><\/u><\/strong><\/span><span style=\"color: #000000;\">statt.<\/span><\/p>\n<p>Wir ersuchen Sie, die Schachtdeckel der Wasserz\u00e4hler frei zu halten,&nbsp;die Wasserz\u00e4hler m\u00fcssen jederzeit zug\u00e4nglich sein.<\/p>\n<p>Die Vereinsleitung<\/p>\n<\/div>\n<\/div>\n\n\n","protected":false},"excerpt":{"rendered":"<p>Liebe Mitglieder! Die Ablesung der Subwasserz\u00e4hler findet am&nbsp;Samstag, dem 5. Oktober 2024in der Zeit von 9:00 Uhr bis 12 Uhr statt. Wir ersuchen Sie, die Schachtdeckel der Wasserz\u00e4hler frei zu halten,&nbsp;die Wasserz\u00e4hler m\u00fcssen jederzeit zug\u00e4nglich sein. Die Vereinsleitung<\/p>\n<p> <a class=\"continue-reading-link\" href=\"https:\/\/www.kgvspallart.at\/?p=6270\"><span>Mehr lesen<\/span><i class=\"crycon-right-dir\"><\/i><\/a> <\/p>\n","protected":false},"author":1,"featured_media":0,"comment_status":"closed","ping_status":"open","sticky":false,"template":"","format":"standard","meta":{"ngg_post_thumbnail":0,"footnotes":""},"categories":[7],"tags":[],"class_list":["post-6270","post","type-post","status-publish","format-standard","hentry","category-archiv"],"_links":{"self":[{"href":"https:\/\/www.kgvspallart.at\/index.php?rest_route=\/wp\/v2\/posts\/6270","targetHints":{"allow":["GET"]}}],"collection":[{"href":"https:\/\/www.kgvspallart.at\/index.php?rest_route=\/wp\/v2\/posts"}],"about":[{"href":"https:\/\/www.kgvspallart.at\/index.php?rest_route=\/wp\/v2\/types\/post"}],"author":[{"embeddable":true,"href":"https:\/\/www.kgvspallart.at\/index.php?rest_route=\/wp\/v2\/users\/1"}],"replies":[{"embeddable":true,"href":"https:\/\/www.kgvspallart.at\/index.php?rest_route=%2Fwp%2Fv2%2Fcomments&post=6270"}],"version-history":[{"count":1,"href":"https:\/\/www.kgvspallart.at\/index.php?rest_route=\/wp\/v2\/posts\/6270\/revisions"}],"predecessor-version":[{"id":6271,"href":"https:\/\/www.kgvspallart.at\/index.php?rest_route=\/wp\/v2\/posts\/6270\/revisions\/6271"}],"wp:attachment":[{"href":"https:\/\/www.kgvspallart.at\/index.php?rest_route=%2Fwp%2Fv2%2Fmedia&parent=6270"}],"wp:term":[{"taxonomy":"category","embeddable":true,"href":"https:\/\/www.kgvspallart.at\/index.php?rest_route=%2Fwp%2Fv2%2Fcategories&post=6270"},{"taxonomy":"post_tag","embeddable":true,"href":"https:\/\/www.kgvspallart.at\/index.php?rest_route=%2Fwp%2Fv2%2Ftags&post=6270"}],"curies":[{"name":"wp","href":"https:\/\/api.w.org\/{rel}","templated":true}]}}