{"id":6442,"date":"2025-09-14T15:28:25","date_gmt":"2025-09-14T13:28:25","guid":{"rendered":"https:\/\/www.kgvspallart.at\/?p=6442"},"modified":"2025-10-04T17:45:44","modified_gmt":"2025-10-04T15:45:44","slug":"wasserzaehler-ablesung-2025","status":"publish","type":"post","link":"https:\/\/www.kgvspallart.at\/?p=6442","title":{"rendered":"Wasserz\u00e4hler-Ablesung 2025"},"content":{"rendered":"\n<div class=\"wp-block-columns is-layout-flex wp-container-core-columns-is-layout-9d6595d7 wp-block-columns-is-layout-flex\">\n<div class=\"wp-block-column is-layout-flow wp-block-column-is-layout-flow\" style=\"flex-basis:40%\">\n<figure class=\"wp-block-image size-full is-resized\"><img loading=\"lazy\" decoding=\"async\" width=\"700\" height=\"700\" src=\"https:\/\/www.kgvspallart.at\/wordpress\/wp-content\/uploads\/2021\/09\/pngegg.png\" alt=\"\" class=\"wp-image-5671\" style=\"width:295px;height:295px\" srcset=\"https:\/\/www.kgvspallart.at\/wordpress\/wp-content\/uploads\/2021\/09\/pngegg.png 700w, https:\/\/www.kgvspallart.at\/wordpress\/wp-content\/uploads\/2021\/09\/pngegg-300x300.png 300w, https:\/\/www.kgvspallart.at\/wordpress\/wp-content\/uploads\/2021\/09\/pngegg-150x150.png 150w\" sizes=\"auto, (max-width: 700px) 100vw, 700px\" \/><\/figure>\n<\/div>\n\n\n\n<div class=\"wp-block-column is-layout-flow wp-block-column-is-layout-flow\" style=\"flex-basis:60%\">\n<p>Liebe Mitglieder!<\/p>\n<p><span style=\"color: #ff0000;\"><span style=\"color: #000000;\">Die Ablesung der Subwasserz\u00e4hler findet am<\/span>&nbsp;<strong><br><\/strong><strong><u>Samstag, dem 4. Oktober 2025<br><\/u><\/strong><\/span><span style=\"color: #ff0000;\"><strong><u>in der Zeit von 9:00 Uhr bis 12 Uhr<br><\/u><\/strong><\/span><span style=\"color: #000000;\">statt.<\/span><\/p>\n<p>Wir ersuchen Sie, die Schachtdeckel der Wasserz\u00e4hler frei zu halten,&nbsp;die Wasserz\u00e4hler m\u00fcssen jederzeit zug\u00e4nglich sein.<\/p>\n<p>Die Vereinsleitung<\/p>\n<\/div>\n<\/div>\n\n\n","protected":false},"excerpt":{"rendered":"<p>Liebe Mitglieder! Die Ablesung der Subwasserz\u00e4hler findet am&nbsp;Samstag, dem 4. Oktober 2025in der Zeit von 9:00 Uhr bis 12 Uhrstatt. Wir ersuchen Sie, die Schachtdeckel der Wasserz\u00e4hler frei zu halten,&nbsp;die Wasserz\u00e4hler m\u00fcssen jederzeit zug\u00e4nglich sein. Die Vereinsleitung<\/p>\n<p> <a class=\"continue-reading-link\" href=\"https:\/\/www.kgvspallart.at\/?p=6442\"><span>Mehr lesen<\/span><i class=\"crycon-right-dir\"><\/i><\/a> <\/p>\n","protected":false},"author":1,"featured_media":0,"comment_status":"closed","ping_status":"open","sticky":false,"template":"","format":"standard","meta":{"ngg_post_thumbnail":0,"footnotes":""},"categories":[7],"tags":[],"class_list":["post-6442","post","type-post","status-publish","format-standard","hentry","category-archiv"],"_links":{"self":[{"href":"https:\/\/www.kgvspallart.at\/index.php?rest_route=\/wp\/v2\/posts\/6442","targetHints":{"allow":["GET"]}}],"collection":[{"href":"https:\/\/www.kgvspallart.at\/index.php?rest_route=\/wp\/v2\/posts"}],"about":[{"href":"https:\/\/www.kgvspallart.at\/index.php?rest_route=\/wp\/v2\/types\/post"}],"author":[{"embeddable":true,"href":"https:\/\/www.kgvspallart.at\/index.php?rest_route=\/wp\/v2\/users\/1"}],"replies":[{"embeddable":true,"href":"https:\/\/www.kgvspallart.at\/index.php?rest_route=%2Fwp%2Fv2%2Fcomments&post=6442"}],"version-history":[{"count":1,"href":"https:\/\/www.kgvspallart.at\/index.php?rest_route=\/wp\/v2\/posts\/6442\/revisions"}],"predecessor-version":[{"id":6443,"href":"https:\/\/www.kgvspallart.at\/index.php?rest_route=\/wp\/v2\/posts\/6442\/revisions\/6443"}],"wp:attachment":[{"href":"https:\/\/www.kgvspallart.at\/index.php?rest_route=%2Fwp%2Fv2%2Fmedia&parent=6442"}],"wp:term":[{"taxonomy":"category","embeddable":true,"href":"https:\/\/www.kgvspallart.at\/index.php?rest_route=%2Fwp%2Fv2%2Fcategories&post=6442"},{"taxonomy":"post_tag","embeddable":true,"href":"https:\/\/www.kgvspallart.at\/index.php?rest_route=%2Fwp%2Fv2%2Ftags&post=6442"}],"curies":[{"name":"wp","href":"https:\/\/api.w.org\/{rel}","templated":true}]}}