{"id":6457,"date":"2025-10-14T20:15:00","date_gmt":"2025-10-14T18:15:00","guid":{"rendered":"https:\/\/www.kgvspallart.at\/?p=6457"},"modified":"2026-02-10T19:52:38","modified_gmt":"2026-02-10T18:52:38","slug":"bericht-des-fachberaters-vom-14-oktober-2025","status":"publish","type":"post","link":"https:\/\/www.kgvspallart.at\/?p=6457","title":{"rendered":"Bericht des Fachberaters vom 14. Oktober 2025"},"content":{"rendered":"\n<p><strong>Der Herbst hat Einzug gehalten.<\/strong> Unser Wetter hat sich auf k\u00fchlere Nachttemperaturen umgestellt. Dennoch werden wir mit sonnigen Tagen verw\u00f6hnt, Ideal f\u00fcr die Herbstarbeit die jetzt angesagt ist.<\/p>\n\n\n\n<p><strong>Wir nehmen den Obstbaumschnitt in Angriff.<\/strong> Die Steinobstb\u00e4ume haben wir Gro\u00dfteiles schon im September bearbeitet. Nach dem Abernten des Kernobstes nehmen wir uns der Apfel- und Birnb\u00e4ume an. Dichte Kronen werden ausgelichtet, altes abgestorbenes Holz entfernt. Alte Leimringe entsorgt und durch neue ersetzt. Den St\u00fctzpfahl, so vorhanden, nicht vergessen! Der Frostspanner ist sicher schon bereit f\u00fcr den Aufstieg.<\/p>\n\n\n\n<p><strong>Sollten wir uns zur Pflanzung neuer Obstgeh\u00f6lze entschlie\u00dfen<\/strong>, so ist jetzt der richtige Zeitpunkt daf\u00fcr. Ab Anfang Oktober bieten die Baumschulen unterschiedlichste Sorten an. Beim Kauf sollte man sich wirklich gut beraten lassen. Beispielsweise welche Sorte sich f\u00fcr den jeweiligen Standort und Lage am besten eignet. Nur so bleibt man vor sp\u00e4teren b\u00f6sen \u00dcberraschungen verschont.<\/p>\n\n\n\n<p><strong>Der Oktober ist aber auch die ideale Pflanzzeit f\u00fcr unsere Zierpflanzen.<\/strong> Ob dies nun Stauden oder Nadelgeh\u00f6lze sind, der Fachhandel bietet mehr als wir pflanzen wollen oder k\u00f6nnen. Ebenfalls Stecklinge von Stauden k\u00f6nnen noch gemacht werden. Hierzu schneidet man einj\u00e4hrige Triebe mit etwa drei Augen ab und steckt sie zwei Augen tief in die Erde, ein Auge soll aus dem Boden herausstehen. Die Erde etwas andr\u00fccken. Vielmehr ist nicht zu tun, als zuzuwarten, dass der Steckling antreibt.<\/p>\n\n\n\n<p><strong>Blumenzwiebeln f\u00fcr die Fr\u00fchlingsbl\u00fcher<\/strong> werden jetzt ebenfalls gesetzt.<\/p>\n\n\n\n<p><strong>Auch in unseren Gem\u00fcseg\u00e4rten hat der Herbst Einzug gehalten.<\/strong> Gut ausgereiftes Gem\u00fcse, vor allem unser Wurzelgem\u00fcse kann bei Sch\u00f6nwetter geerntet werden. Beste Lagerbedingungen sind bei etwa 2-3\u00b0 C und hoher Luftfeuchtigkeit.<\/p>\n\n\n\n<p><strong>Unsere Paradeiser<\/strong> werden, wenn die Nachttemperatur unter 10\u00b0 C sinkt, abgenommen. Sie k\u00f6nnen bei Temperaturen bis 20\u00b0 C im Raum nachreifen. Sie brauchen dazu kein Licht.<\/p>\n\n\n\n<p><strong>Die K\u00fcbelpflanzen<\/strong> sollen nun nach und nach ins Winterquartier \u00fcbersiedeln. Sollten die Nachttemperaturen sich dem Gefrierpunkt n\u00e4hern, so ist es allerh\u00f6chste Zeit sie umzusiedeln.<\/p>\n\n\n\n<p><strong>Die Winterquartiere<\/strong> sollten eine Temperatur von etwa 5-10\u00b0 C bieten. Die Pflanzen vor dem \u00dcberwintern unbedingt auf Sch\u00e4dlingsbefall kontrollieren und diese n\u00f6tigenfalls bek\u00e4mpfen. So haben wir die Gew\u00e4hr, auch im n\u00e4chsten Jahr wieder gesunde, sch\u00f6ne Pflanzen zu haben.<\/p>\n\n\n\n<p>Ich glaube also, wir alle haben noch einiges f\u00fcr die n\u00e4chsten Wochen zu tun. Auf jeden Fall sollte es Spa\u00df machen und gelingen, dass w\u00fcnsche ich ihnen.<\/p>\n\n\n\n<p>WM 2025<\/p>\n\n\n\n<p>&nbsp;<\/p>\n","protected":false},"excerpt":{"rendered":"<p>Der Herbst hat Einzug gehalten. Unser Wetter hat sich auf k\u00fchlere Nachttemperaturen umgestellt. Dennoch werden wir mit sonnigen Tagen verw\u00f6hnt, Ideal f\u00fcr die Herbstarbeit die jetzt angesagt ist. Wir nehmen den Obstbaumschnitt in Angriff. Die Steinobstb\u00e4ume haben wir Gro\u00dfteiles schon im September bearbeitet. Nach dem Abernten des Kernobstes nehmen wir uns der Apfel- und Birnb\u00e4ume an. Dichte Kronen werden ausgelichtet, altes abgestorbenes Holz entfernt. Alte Leimringe entsorgt und durch neue ersetzt. Den St\u00fctzpfahl, so vorhanden, nicht vergessen! Der Frostspanner ist sicher schon bereit f\u00fcr den Aufstieg. Sollten wir uns zur Pflanzung neuer Obstgeh\u00f6lze entschlie\u00dfen, so ist jetzt der richtige Zeitpunkt daf\u00fcr. Ab Anfang Oktober bieten die Baumschulen unterschiedlichste Sorten an. Beim Kauf sollte man sich wirklich gut beraten lassen. Beispielsweise welche Sorte sich f\u00fcr den jeweiligen Standort und Lage am besten eignet. Nur so bleibt man vor sp\u00e4teren b\u00f6sen \u00dcberraschungen verschont. Der Oktober ist aber auch die ideale Pflanzzeit f\u00fcr&#8230;<\/p>\n<p> <a class=\"continue-reading-link\" href=\"https:\/\/www.kgvspallart.at\/?p=6457\"><span>Mehr lesen<\/span><i class=\"crycon-right-dir\"><\/i><\/a> <\/p>\n","protected":false},"author":1,"featured_media":0,"comment_status":"closed","ping_status":"open","sticky":false,"template":"","format":"standard","meta":{"ngg_post_thumbnail":0,"footnotes":""},"categories":[5],"tags":[],"class_list":["post-6457","post","type-post","status-publish","format-standard","hentry","category-fachberatung"],"_links":{"self":[{"href":"https:\/\/www.kgvspallart.at\/index.php?rest_route=\/wp\/v2\/posts\/6457","targetHints":{"allow":["GET"]}}],"collection":[{"href":"https:\/\/www.kgvspallart.at\/index.php?rest_route=\/wp\/v2\/posts"}],"about":[{"href":"https:\/\/www.kgvspallart.at\/index.php?rest_route=\/wp\/v2\/types\/post"}],"author":[{"embeddable":true,"href":"https:\/\/www.kgvspallart.at\/index.php?rest_route=\/wp\/v2\/users\/1"}],"replies":[{"embeddable":true,"href":"https:\/\/www.kgvspallart.at\/index.php?rest_route=%2Fwp%2Fv2%2Fcomments&post=6457"}],"version-history":[{"count":1,"href":"https:\/\/www.kgvspallart.at\/index.php?rest_route=\/wp\/v2\/posts\/6457\/revisions"}],"predecessor-version":[{"id":6458,"href":"https:\/\/www.kgvspallart.at\/index.php?rest_route=\/wp\/v2\/posts\/6457\/revisions\/6458"}],"wp:attachment":[{"href":"https:\/\/www.kgvspallart.at\/index.php?rest_route=%2Fwp%2Fv2%2Fmedia&parent=6457"}],"wp:term":[{"taxonomy":"category","embeddable":true,"href":"https:\/\/www.kgvspallart.at\/index.php?rest_route=%2Fwp%2Fv2%2Fcategories&post=6457"},{"taxonomy":"post_tag","embeddable":true,"href":"https:\/\/www.kgvspallart.at\/index.php?rest_route=%2Fwp%2Fv2%2Ftags&post=6457"}],"curies":[{"name":"wp","href":"https:\/\/api.w.org\/{rel}","templated":true}]}}